{"id":4106,"date":"2024-09-03T20:46:09","date_gmt":"2024-09-03T20:46:09","guid":{"rendered":"https:\/\/ijssass.com\/journal\/?p=4106"},"modified":"2025-04-16T21:33:50","modified_gmt":"2025-04-16T21:33:50","slug":"gouvernance-et-ethique-de-responsabilite-dans-la-gestion-du-financement-des-activites-de-lutte-contre-le-vih-sida-et-ist-au-pnls-rd-congo","status":"publish","type":"post","link":"https:\/\/ijssass.com\/journal\/gouvernance-et-ethique-de-responsabilite-dans-la-gestion-du-financement-des-activites-de-lutte-contre-le-vih-sida-et-ist-au-pnls-rd-congo\/","title":{"rendered":"GOUVERNANCE ET ETHIQUE DE RESPONSABILITE DANS LA GESTION DU FINANCEMENT DES ACTIVITES DE LUTTE CONTRE LE VIH SIDA ET IST AU PNLS, RD CONGO"},"content":{"rendered":"<p>ABSTRACT<\/p>\n<p>La gestion ax\u00e9e sur les r\u00e9sultats exige aux managers de la comp\u00e9tence, un travail en \u00e9quipe et de l\u2019\u00e9thique de responsabilit\u00e9. A la question de savoir la qualit\u00e9 de gestion des ressources allou\u00e9es pour les activit\u00e9s du PNLS, Nous avions utilis\u00e9s dans cette \u00e9tude, les m\u00e9thodes Syst\u00e9miques, descriptives, d\u2019enqu\u00eate et aussi, de la m\u00e9thode du Syst\u00e8me des Comptes de la Sant\u00e9. Les r\u00e9sultats obtenus signale une opacit\u00e9 et une mauvaise gestion des intrants et mat\u00e9riels de travail, 48,2% ont r\u00e9pondu que la gestion des intrants est m\u00e9diocre. 55,3% ont vot\u00e9 pour une gestion assez bonne, alors que 76,7% ont dit qu\u2019ils observent une bonne gestion de temps, 96,4% d\u2019enqu\u00eat\u00e9s Souhaitent pour la bonne gouvernance des ressources au PNLS, les autorit\u00e9s locales et \u00e9tatiques doivent utiliser les b\u00e2tons au lieu de carottes, Recours sans faille aux textes r\u00e8glementaires, Bonne motivation du personnel. 66% d\u2019enqu\u00eat\u00e9s ne partent pas en formation de renforcement des capacit\u00e9s contre 33,9% qui y vont r\u00e9guli\u00e8rement..<\/p>\n<p><strong>INTRODUCTION<\/strong><\/p>\n<p><a href=\"https:\/\/fr.wikipedia.org\/wiki\/Paul_Ladri%C3%A8re&quot; \\o &quot;Paul Ladri\u00e8re\">Paul Ladri\u00e8re<\/a>\u00a0et\u00a0<a href=\"https:\/\/fr.wikipedia.org\/wiki\/Claude_Gruson&quot; \\o &quot;Claude Gruson\">Claude Gruson<\/a>\u00a0soutiennent, dans leur ouvrage \u00a0<em>\u00c9thique et gouvernabilit\u00e9<\/em>, que l&#8217;\u00e9poque moderne est celle o\u00f9 l&#8217;\u00e9thique de responsabilit\u00e9, visant la fin en r\u00e9duisant le r\u00f4le des valeurs, prend le dessus sur l&#8217;\u00e9thique de conviction, \u00e9vacuant les questions de valeurs. L&#8217;\u00e9thique de responsabilit\u00e9 rel\u00e8ve de la rationalit\u00e9\u00a0<a href=\"https:\/\/fr.wikipedia.org\/wiki\/T%C3%A9l%C3%A9ologie&quot; \\o &quot;T\u00e9l\u00e9ologie\">t\u00e9l\u00e9ologique<\/a>\u00a0: elle est rationnelle par rapport \u00e0 une fin, c&#8217;est-\u00e0-dire un but poursuivi. Cette \u00e9thique se caract\u00e9rise par son attention aux moyens et \u00e0 leur efficacit\u00e9 dans l&#8217;atteinte du but. Cette \u00e9thique a un souci de pragmatisme et cherche \u00e0 r\u00e9ajuster les moyens aux finalit\u00e9s. Weber la qualifie parfois d&#8217;\u00ab\u00a0\u00e9thique du succ\u00e8s\u00a0\u00bb ou d&#8217;\u00ab\u00a0\u00e9thique d&#8217;adaptation au possible\u00a0\u00bb. Afin d&#8217;atteindre ce succ\u00e8s, l&#8217;\u00e9thique de responsabilit\u00e9 met une emphase toute particuli\u00e8re sur la pr\u00e9vision et la pr\u00e9diction. Pour notre \u00e9tude, l\u2019\u00e9thique de responsabilit\u00e9 fait allusion \u00e0 l\u2019agissement des autorit\u00e9s et des sujets d\u2019une organisation en respectant les valeurs morales, culturelles, scientifiques et l\u00e9gales.<\/p>\n<p>Le financement est l&#8217;action par laquelle un organisme ou une personne priv\u00e9e alloue des fonds \u00e0 un tiers dans l&#8217;objectif de soutenir un projet. Il peut s&#8217;agir d&#8217;<a href=\"https:\/\/www.journaldunet.fr\/business\/dictionnaire-comptable-et-fiscal\/1198379-autofinancement-definition-calcul-traduction\/\">autofinancement<\/a>\u00a0dans le cadre d&#8217;\u00e9pargnes ou de produits bancaires destin\u00e9s \u00e0 assurer un\u00a0<a href=\"https:\/\/www.journaldunet.fr\/business\/dictionnaire-comptable-et-fiscal\/1198397-capital-social-definition-traduction\/\">capital<\/a>. On peut parler de financement pour un projet d&#8217;achat de bien immobilier, pour une cr\u00e9ation d&#8217;entreprise, mais aussi pour tout projet associatif ou culturel n\u00e9cessitant une\u00a0<a href=\"https:\/\/www.journaldunet.com\/levee-de-fonds\/&quot; \\o &quot;Lev\u00e9es de fonds\">lev\u00e9e de fonds<\/a>. Des financements peuvent \u00eatre accord\u00e9s par des particuliers, comme dans le cas de fonds de pension priv\u00e9s ou de m\u00e9c\u00e9nat, mais aussi les entreprises et organismes sp\u00e9cialis\u00e9s. Pour soutenir un projet, on peut se tourner vers une banque, une soci\u00e9t\u00e9 de courtage ou de cr\u00e9dits ou un fonds public. L&#8217;Etat comme les banques ou les fonds publics internationaux sont susceptibles de financer des projets sp\u00e9cifiques \u00e0 leur domaine de comp\u00e9tences. Dans le cadre du financement de projets de d\u00e9veloppement, ce sont les organismes de\u00a0<a href=\"https:\/\/www.journaldunet.fr\/business\/dictionnaire-economique-et-financier\/1198627-la-bourse-definition-role-traduction\/&quot; \\o &quot;Bourses\">bourse<\/a>\u00a0qui jouent les interm\u00e9diaires.(<a href=\"https:\/\/www.journaldunet.fr\/business.com,2023\">https:\/\/www.journaldunet.fr\/business.com,2023<\/a>).<\/p>\n<p>Selon Michel LOUAZEL et Al,(2020),dans leurs \u00e9crits sur le Management en sant\u00e9, le financement de sant\u00e9 disent <em>que la mani\u00e8re dont les pays payent les soins de sant\u00e9. <\/em>Il convient de noter que pour notre recherche, le financement de la sant\u00e9 est un facteur vital pour faire progresser la couverture sant\u00e9 universelle (CSU). Les syst\u00e8mes de financement de la sant\u00e9 affectent la disponibilit\u00e9 des services, qui peut s\u2019en pr\u00e9valoir, et qui peut en couvrir les co\u00fbts.<\/p>\n<p>Le financement de la sant\u00e9 d\u00e9crit plus que l\u2019argent disponible pour la sant\u00e9; il inclut tous les m\u00e9canismes de la lev\u00e9e de fonds au paiement des services de sant\u00e9. Un syst\u00e8me de financement de la sant\u00e9 qui fonctionne bien s\u2019assure que les gens peuvent avoir acc\u00e8s aux services de sant\u00e9 dont ils ont besoin sans encourir de d\u00e9penses insupportables et que les ressources sont utilis\u00e9es de fa\u00e7on \u00e9quitable et efficace. Le gouvernement tend \u00e0 jouer un r\u00f4le notable dans le financement des soins de sant\u00e9 dans de nombreux pays, bien que le secteur priv\u00e9 puisse aussi jouer un r\u00f4le important.<\/p>\n<p>Les soins de sant\u00e9 sont des soins essentiels qui garantissent que les personnes re\u00e7oivent des soins complets et de qualit\u00e9, depuis la promotion et la pr\u00e9vention jusqu\u2019au traitement, \u00e0 la r\u00e9adaptation et aux soins palliatifs, au plus pr\u00e8s possible de leur environnement quotidien.,(<a href=\"https:\/\/www.who.int\/fr\/news-room\/fact-sheets\/detail\/primary-health-care\">https:\/\/www.who.int\/fr\/news-room\/fact-sheets\/detail\/primary-health-care<\/a>).<\/p>\n<p>La probl\u00e9matique de la bonne gouvernance ax\u00e9e sur r\u00e9sultats est une question de l\u2019\u00e9thique de responsabilit\u00e9. A la lecture des r\u00e9alit\u00e9s pratiques observables au PNLS, surtout sur la gestion des ressources financi\u00e8res des allou\u00e9es pour les activit\u00e9s de lutte contre le VIH-Sida et les IST, nous nous sommes pos\u00e9s les questions ci-apr\u00e8s\u00a0: \u00ab\u00a0<strong>Quelle est la qualit\u00e9 de la gestion du financement de sant\u00e9 allou\u00e9 pour les activit\u00e9s de lutte contre le VIH-SIDA au PNLS<\/strong>\u00a0? \u00bb De cette question en d\u00e9coulaient trois autres :\u00a0Les autorit\u00e9s et gestionnaires du niveau central, accordent-ils de la valeur \u00e0 l\u2019efficacit\u00e9 des activit\u00e9s<strong> ?,<\/strong>Si, pas tout \u00e0 fait d\u2019accord, Comment augmenter les prises des d\u00e9cisions en mati\u00e8res d\u2019\u00e9thiques de responsabilit\u00e9 relatives \u00e0 bonne gestion des ressources humaines, Mat\u00e9rielles, financi\u00e8res et temps allou\u00e9es par les partenaires pour la r\u00e9ussite des activit\u00e9s au niveau central<strong>\u00a0?,<\/strong>Quelles sont les difficult\u00e9s rencontr\u00e9es pendant la mise en \u0153uvre des activit\u00e9s de la lutte contre le VIH-SIDA par le PNLS de 2020-2022\u00a0?<\/p>\n<p>Nous partons des hypoth\u00e8ses subjectives selon lesquelles, la qualit\u00e9 de la gestion du financement de sant\u00e9 allou\u00e9 pour les activit\u00e9s de lutte contre le VIH-SIDA au PNLS\u00a0ne serait pas participative, inclusive et de bonne qualit\u00e9. Nous pensons qu\u2019\u00e0 la vue des climats des affaires et du travail qui r\u00e8gne au programme national de lutte contre le VIH-SIDA, surtout lors de la mise en \u0153uvre des activit\u00e9s de lutte, Les autorit\u00e9s et gestionnaires du niveau central, chacun en ce qui le concerne, n\u2019accorderait pas totalement de la valeur \u00e0 l\u2019efficacit\u00e9 des activit\u00e9s. Aussi, il convient de noter que pour augmenter les prises des d\u00e9cisions en mati\u00e8res d\u2019\u00e9thiques de responsabilit\u00e9 relatives \u00e0 bonne gestion des ressources humaines, Mat\u00e9rielles, financi\u00e8res et temporelles allou\u00e9es par les partenaires pour la r\u00e9ussite des activit\u00e9s au niveau central<strong>\u00a0<\/strong>PNLS, le travail en \u00e9quipe, la motivation et les 4P du marketing Mix constitueraient des atouts pour la performance des activit\u00e9s et de la gouvernance de l\u2019organisation. Les difficult\u00e9s rencontr\u00e9es pendant la mise en \u0153uvre des activit\u00e9s de la lutte contre le VIH-SIDA par le PNLS de 2020-2022 seraient d\u2019ordre humain, mat\u00e9riel, financier et temporel associ\u00e9s \u00e0 la situation organisationnelle.<\/p>\n<p>Le probl\u00e8me majeur de notre \u00e9tude \u00e9tait les diff\u00e9rentes pr\u00e9occupations et questions que se posaient particuli\u00e8rement les professionnels et administratifs de sant\u00e9 travaillant dans la lutte contre le sida qui, les uns sur le travail en \u00e9quipe, la qualit\u00e9 de gestion des ressources du programme, les difficult\u00e9s rencontr\u00e9es dans la mise en \u0153uvres des activit\u00e9s de la lutte contre le Vih-Sida alors que les autres se demandent si les autorit\u00e9s et gestionnaires des diff\u00e9rentes directions et bureaux agissent et d\u00e9cident tenant compte de l\u2019\u00e9thique de responsabilit\u00e9 et s\u2019en soucient-ils de la bonne gouvernance pour la satisfaction des consommateurs des services et la confiance renouvelable des partenaires\u2026 Or, la bonne gouvernance se justifierait par la qualit\u00e9 des services que offrent les services comp\u00e9tents au profit des b\u00e9n\u00e9ficiaires pendant la supervision int\u00e9gr\u00e9e dans les vingt-six divisions provinciales, la supervision sp\u00e9cifique PTME,TB-VIH,DAF,HUB, pendant la formation des formateurs, des prestataires et suivi communautaires, pendant les r\u00e9unions des groupes techniques des populations cl\u00e9s, suivi et \u00e9valuation des PTME\u2026 et la surveillance \u00e9pid\u00e9miologique aussi, pour des services administratives et financi\u00e8res li\u00e9s \u00e0 la gestion de ressources humaines, mat\u00e9rielles, financi\u00e8res et du secr\u00e9tariat des directions. Et cela int\u00e9resse alors les chercheurs que nous sommes. Chacun \u00e0 son niveau apporte sa contribution au probl\u00e8me qui se pose. L\u2019objectif G\u00e9n\u00e9ral de cette recherche \u00e9tait d\u2019analyser la qualit\u00e9 de la bonne gouvernance et de l\u2019\u00e9thique de responsabilit\u00e9 dans la gestion efficace du financement de la sant\u00e9 ax\u00e9 sur les activit\u00e9s de la lutte contre le Vih-Sida, cas du PNLS RD Congo, qui, s\u2019ils sont bien g\u00e9r\u00e9s, peuvent emmener la satisfaction des consommateurs des services, augmenter l\u2019utilisation des services de sant\u00e9 offert par les entit\u00e9s d\u00e9centralis\u00e9es du PNLS, stimuler la confiance des partenaires, la perspicacit\u00e9 et la performance des activit\u00e9s organisationnelles.<\/p>\n<p>Pour atteindre l\u2019objectif g\u00e9n\u00e9ral de cette recherche, nous nous sommes fix\u00e9s les objectifs sp\u00e9cifiques suivants\u00a0;<\/p>\n<ul>\n<li>Par la revue de la litt\u00e9rature, pr\u00e9senter Le programme National de la lutte contre le Sida, ses forces et faiblisses dans la bonne gouvernance associ\u00e9es \u00e0 l\u2019\u00e9thique de responsabilit\u00e9 ;<\/li>\n<li>Relever l\u2019\u00e9cart entre la demande des services par la communaut\u00e9 et la qualit\u00e9 de l\u2019offre de services \u00a0 en terme d\u2019opinion des agents sur la gestion sur le qualit\u00e9 de la gestion des ressources humaines, mat\u00e9rielles, financi\u00e8res et du temps dans le chef des autorit\u00e9s du niveau central au PNLS.<\/li>\n<li>Analyser l\u2019efficacit\u00e9 de gestion et difficult\u00e9s rencontr\u00e9es pendant la mise en \u0153uvre des activit\u00e9s de la lutte contre le VIH SIDA par le PNLS de 2020-2022 Etude<\/li>\n<li>Evaluer l\u2019Impact de l\u2019apport des partenaires du PNLS et du travail en \u00e9quipe dans la bonne gouvernance des ressources humaines, Mat\u00e9rielles, financi\u00e8res et temps pendant les activit\u00e9s de lutte contre le Sida au PNLS.<\/li>\n<\/ul>\n<ol>\n<li><strong>METHODOLOGIE <\/strong><\/li>\n<\/ol>\n<p>Notre \u00e9tude s\u2019est d\u00e9roul\u00e9e au programme national de lutte contre le VIH-SIDA et les IST au niveau central et ses entit\u00e9s d\u00e9centralis\u00e9es. Dans cette \u00e9tude, nous avions utilis\u00e9s les m\u00e9thodes Syst\u00e9miques, descriptives et d\u2019enqu\u00eate qui nous ont aid\u00e9s \u00e0 l\u2019examen, \u00e0 la description et l\u2019analyse de la partie pratique aussi, de la m\u00e9thode du Syst\u00e8me des Comptes de la Sant\u00e9 (SHA 2011), bas\u00e9e sur une nomenclature et une classification internationale fine et d\u00e9taill\u00e9e de la d\u00e9pense de sant\u00e9. Elle a d\u00e9crit toutes les \u00e9tapes recommand\u00e9es par la m\u00e9thodologie internationale du Syst\u00e8me des Comptes de la Sant\u00e9 (SHA 2011), \u00e0 savoir : (i) identification des acteurs intervenants dans le financement de la sant\u00e9, (ii) la conception des outils des collectes, (iii) le pr\u00e9-test, (iv) la formation des enqu\u00eateurs, (v) la collecte des donn\u00e9es, (vi) le traitement des donn\u00e9es (le contr\u00f4le de qualit\u00e9, la saisie, la triangulation des donn\u00e9es, l\u2019encodage et la v\u00e9rification de l\u2019encodage), (vii) l\u2019analyse et la validation des r\u00e9sultats, (viii) la r\u00e9daction du rapport final et (ix) la diss\u00e9mination des r\u00e9sultats.. Nous nous sommes servis aussi de la statistique pour la tabulation des donn\u00e9es et l\u2019interpr\u00e9tation des r\u00e9sultats. Les techniques documentaires et l\u2019interview guid\u00e9e ont \u00e9t\u00e9s utilis\u00e9es dans cette \u00e9tude et nous a servis dans le d\u00e9roulement du processus de collecte des donn\u00e9es.<\/p>\n<ol>\n<li><strong>RESULTATS<\/strong>\n<ol>\n<li>Situations sociod\u00e9mographiques des enqu\u00eat\u00e9s\n<ol>\n<li>Age des enqu\u00eat\u00e9s<\/li>\n<\/ol>\n<\/li>\n<\/ol>\n<\/li>\n<\/ol>\n<table>\n<tbody>\n<tr>\n<td><strong>C<\/strong><\/td>\n<td><strong>Age<\/strong><\/td>\n<td><strong>ni<\/strong><\/td>\n<td><strong>%<\/strong><\/td>\n<\/tr>\n<tr>\n<td><strong>1<\/strong><\/p>\n<p><strong>2<\/strong><\/p>\n<p><strong>3<\/strong><\/p>\n<p><strong>4<\/strong><\/td>\n<td>35-44<\/p>\n<p>45-54<\/p>\n<p>55-64<\/p>\n<p>65 et plus<\/td>\n<td>5<\/p>\n<p>15<\/p>\n<p>29<\/p>\n<p>7<\/td>\n<td>8,9<\/p>\n<p>26,7<\/p>\n<p>52<\/p>\n<p>12,5<\/td>\n<\/tr>\n<tr>\n<td><\/td>\n<td>TOTAL<\/td>\n<td>56<\/td>\n<td>100<\/td>\n<\/tr>\n<\/tbody>\n<\/table>\n<p>L\u2019analyse de ce tableau stipule que 52% soient 29 enqu\u00eat\u00e9s ont l\u2019\u00e2ge allant de 55 \u00e0 64 ans. Suivi de 26,7% qui ont 45 \u00e0 54 ans. 8,9% est la fr\u00e9quence la plus faible occup\u00e9e par ceux ayant 35 \u00e0 44 ans d\u2019\u00e2ge.<\/p>\n<ul>\n<li style=\"list-style-type: none;\">\n<ul>\n<li style=\"list-style-type: none;\">\n<ol>\n<li>Sexe des enqu\u00eat\u00e9s<\/li>\n<\/ol>\n<\/li>\n<\/ul>\n<\/li>\n<\/ul>\n<table>\n<tbody>\n<tr>\n<td><strong>N\u00b0 Sexe ni %<\/strong><\/td>\n<\/tr>\n<tr>\n<td><strong>1 Masculin 52 92,8<\/strong><\/p>\n<p><strong>2 F\u00e9minin 4 7,1<\/strong><\/td>\n<\/tr>\n<tr>\n<td><strong> TOTAL 56 100<\/strong><\/td>\n<\/tr>\n<\/tbody>\n<\/table>\n<p>Il ressort de cette \u00e9tude 92,8% d\u2019enqu\u00eat\u00e9s sont du sexe masculin.<\/p>\n<ul>\n<li style=\"list-style-type: none;\">\n<ul>\n<li style=\"list-style-type: none;\">\n<ol>\n<li>Niveau d\u2019\u00e9tudes des enqu\u00eat\u00e9s<\/li>\n<\/ol>\n<\/li>\n<\/ul>\n<\/li>\n<\/ul>\n<table>\n<tbody>\n<tr>\n<td>N\u00b0<\/td>\n<td>Niveau d\u2019\u00e9tudes<\/td>\n<td>Ni<\/td>\n<td>%<\/td>\n<\/tr>\n<tr>\n<td>1<\/p>\n<p>2<\/p>\n<p>3<\/td>\n<td>Sans niveau<\/p>\n<p>Secondaire<\/p>\n<p>Universitaire<\/td>\n<td>2<\/p>\n<p>27<\/p>\n<p>37<\/td>\n<td>3,5<\/p>\n<p>48,2<\/p>\n<p>66<\/td>\n<\/tr>\n<tr>\n<td><\/td>\n<td>TOTAL<\/td>\n<td>56<\/td>\n<td>100<\/td>\n<\/tr>\n<\/tbody>\n<\/table>\n<p>L\u2019analyse de ce tableau d\u00e9montre que 66% sont universitaires alors que 48,2% ont fait l\u2019\u00e9cole secondaire.<\/p>\n<ul>\n<li style=\"list-style-type: none;\">\n<ul>\n<li style=\"list-style-type: none;\">\n<ol>\n<li>Anciennet\u00e9 au PNLS<\/li>\n<\/ol>\n<\/li>\n<\/ul>\n<\/li>\n<\/ul>\n<table>\n<tbody>\n<tr>\n<td><strong>N\u00b0<\/strong><\/td>\n<td><strong>Anciennet\u00e9<\/strong><\/td>\n<td><strong>ni<\/strong><\/td>\n<td><strong>%<\/strong><\/td>\n<\/tr>\n<tr>\n<td><strong>1<\/strong><\/p>\n<p><strong>2<\/strong><\/p>\n<p><strong>3<\/strong><\/td>\n<td>1-5<\/p>\n<p>6-10<\/p>\n<p>11 ans et plus<\/td>\n<td>34<\/p>\n<p>17<\/p>\n<p>5<\/td>\n<td>60,7<\/p>\n<p>30,3<\/p>\n<p>8,9<\/td>\n<\/tr>\n<tr>\n<td><\/td>\n<td>TOTAL<\/td>\n<td>56<\/td>\n<td>100<\/td>\n<\/tr>\n<\/tbody>\n<\/table>\n<p>Les r\u00e9sultats de ce tableau renseignent que 60,7% ont fait 1 \u00e0 5 ans au PNLS, suivi de 30,3% qui ont 6 \u00e0 10 ans contre 8,9% qui ont 11 ans et plus.<\/p>\n<ul>\n<li style=\"list-style-type: none;\">\n<ol>\n<li>Mati\u00e8res en rapport avec notre \u00e9tude\n<ol>\n<li>Participation aux activit\u00e9s de la mise en \u0153uvre de lutte contre le VIH<\/li>\n<\/ol>\n<\/li>\n<\/ol>\n<\/li>\n<\/ul>\n<table>\n<tbody>\n<tr>\n<td><strong>N\u00b0<\/strong><\/td>\n<td><strong>Participation<\/strong><\/td>\n<td><strong>ni<\/strong><\/td>\n<td><strong>%<\/strong><\/td>\n<\/tr>\n<tr>\n<td><strong>1<\/strong><\/p>\n<p><strong>2<\/strong><\/td>\n<td>Oui<\/p>\n<p>Non<\/td>\n<td>48<\/p>\n<p>08<\/td>\n<td>85,7<\/p>\n<p>14,2<\/td>\n<\/tr>\n<tr>\n<td><\/td>\n<td>TOTAL<\/td>\n<td>56<\/td>\n<td>100<\/td>\n<\/tr>\n<\/tbody>\n<\/table>\n<p>L\u2019analyse de ce tableau stipule que 48 des enqu\u00eat\u00e9s soient 85,7% ont d\u00e9j\u00e0 particip\u00e9 aux activit\u00e9s de lutte contre le VIH organis\u00e9es par le PNLS.<\/p>\n<ul>\n<li style=\"list-style-type: none;\">\n<ul>\n<li style=\"list-style-type: none;\">\n<ol>\n<li>Identification des activit\u00e9s particip\u00e9es<\/li>\n<\/ol>\n<\/li>\n<\/ul>\n<\/li>\n<\/ul>\n<table>\n<tbody>\n<tr>\n<td><strong>N\u00b0<\/strong><\/td>\n<td><strong>Activit\u00e9<\/strong><\/td>\n<td><strong>ni<\/strong><\/td>\n<td><strong>%<\/strong><\/td>\n<\/tr>\n<tr>\n<td><strong>1<\/strong><\/p>\n<p><strong>2<\/strong><\/p>\n<p><strong>3<\/strong><\/p>\n<p><strong>4<\/strong><\/p>\n<p><strong>5<\/strong><\/p>\n<p><strong>6<\/strong><\/p>\n<p><strong>7<\/strong><\/p>\n<p><strong>8<\/strong><\/p>\n<p><strong>9<\/strong><\/p>\n<p><strong>10<\/strong><\/p>\n<p><strong>11<\/strong><\/p>\n<p><strong>12<\/strong><\/p>\n<p><strong>13<\/strong><\/p>\n<p><strong>14<\/strong><\/td>\n<td>Planification des activit\u00e9s<\/p>\n<p>PEC des VIH et TB<\/p>\n<p>PTME<\/p>\n<p>PEC du IST et population cl\u00e9<\/p>\n<p>GDH<\/p>\n<p>Supervision semestrielle<\/p>\n<p>Atelier de formation<\/p>\n<p>Revue annuelle<\/p>\n<p>Sensibilisation<\/p>\n<p>Enqu\u00eate<\/p>\n<p>Formation des cadres provinciaux<\/p>\n<p>Quantification besoin pays<\/p>\n<p>Ecriture PSN, PSSS<\/p>\n<p>Ecriture NMF2, NMF3 et GC7<\/td>\n<td>34<\/p>\n<p>38<\/p>\n<p>25<\/p>\n<p>28<\/p>\n<p>26<\/p>\n<p>46<\/p>\n<p>43<\/p>\n<p>21<\/p>\n<p>38<\/p>\n<p>48<\/p>\n<p>48<\/p>\n<p>33<\/p>\n<p>26<\/p>\n<p>24<\/td>\n<td>60,7<\/p>\n<p>67,8<\/p>\n<p>44,6<\/p>\n<p>50<\/p>\n<p>46,4<\/p>\n<p>87,5<\/p>\n<p>89,5<\/p>\n<p>37,5<\/p>\n<p>67,8<\/p>\n<p>85,7<\/p>\n<p>85,7<\/p>\n<p>58,9<\/p>\n<p>46,4<\/p>\n<p>42,8<\/td>\n<\/tr>\n<tr>\n<td><\/td>\n<td>MOYENNE<\/td>\n<td><\/td>\n<td>58,3<\/td>\n<\/tr>\n<\/tbody>\n<\/table>\n<p>Il ressort de ce tableau 94,6% d\u2019enqu\u00eat\u00e9s ont particip\u00e9s \u00e0 l\u2019atelier de formation, suivi de 87,5% qui ont particip\u00e9 \u00e0 la supervision trimestrielle.<\/p>\n<p>Evaluation des activit\u00e9s cit\u00e9es<\/p>\n<table>\n<tbody>\n<tr>\n<td><strong>N\u00b0<\/strong><\/td>\n<td><strong>Participation<\/strong><\/td>\n<td><strong>ni<\/strong><\/td>\n<td><strong>%<\/strong><\/td>\n<\/tr>\n<tr>\n<td><strong>1<\/strong><\/p>\n<p><strong>2<\/strong><\/td>\n<td>Planification des activit\u00e9s<\/p>\n<ul>\n<li>Bonne<\/li>\n<li>Tr\u00e8s bonne<\/li>\n<li>Mauvaise<\/li>\n<li>Assez bonne<\/li>\n<\/ul>\n<p><strong>TOTAL<\/strong><\/p>\n<p>PEC des VIH et TB<\/p>\n<ul>\n<li>Tr\u00e8s bien<\/li>\n<li>Bonne<\/li>\n<li>Assez bonne<\/li>\n<\/ul>\n<p>PTME<\/p>\n<ul>\n<li>Tr\u00e8s bonne<\/li>\n<li>Bonne<\/li>\n<li>Assez bonne<\/li>\n<li>Mauvaise<\/li>\n<\/ul>\n<p><strong>TOTAL<\/strong><\/p>\n<p><strong>PEC des IST et Pop. Cl\u00e9. <\/strong><\/p>\n<ul>\n<li>Tr\u00e8s bonne<\/li>\n<li>Bonne<\/li>\n<li>Mauvaise<\/li>\n<li>Assez bonne<\/li>\n<\/ul>\n<p><strong>TOTAL<\/strong><\/p>\n<p><strong>Supervision semestrielle <\/strong><\/p>\n<ul>\n<li>Tr\u00e8s bonne<\/li>\n<li>Bonne<\/li>\n<li>Mauvaise<\/li>\n<li>Assez bonne<\/li>\n<\/ul>\n<p><strong>TOTAL<\/strong><\/p>\n<p><strong>Atelier de formation <\/strong><\/p>\n<ul>\n<li>Tr\u00e8s bonne<\/li>\n<li>Bonne<\/li>\n<li>Assez bonne<\/li>\n<\/ul>\n<p><strong>TOTAL<\/strong><\/p>\n<p>Revue annuelle<\/p>\n<ul>\n<li>Tr\u00e8s bonne<\/li>\n<li>Bonne<\/li>\n<li>Assez bonne<\/li>\n<\/ul>\n<p>TOTAL<\/p>\n<p><strong>Sensibilisation <\/strong><\/p>\n<ul>\n<li>Tr\u00e8s bonne<\/li>\n<li>Bonne<\/li>\n<li>Mauvaise<\/li>\n<\/ul>\n<p>Assez bonne<\/p>\n<p>TOTAL<\/p>\n<p><strong>Enqu\u00eate <\/strong><\/p>\n<ul>\n<li>Tr\u00e8s bonne<\/li>\n<li>Bonne<\/li>\n<li>Mauvaise<\/li>\n<\/ul>\n<p>Assez bonne<\/p>\n<p>TOTAL<\/p>\n<p><strong>Formation des cadres Provinciaux <\/strong><\/p>\n<ul>\n<li>Bonne<\/li>\n<li>Assez bonne<\/li>\n<\/ul>\n<p>TOTAL<\/p>\n<p>Ecriture PSN ET PSSS<\/p>\n<ul>\n<li>Tr\u00e8s bonne<\/li>\n<li>Bonne<\/li>\n<li>Assez Bonne<\/li>\n<\/ul>\n<p>TOTAL<\/p>\n<p>Ecriture NMF2, NMF3 et GC7<\/p>\n<ul>\n<li>Tr\u00e8s bonne<\/li>\n<li>Bonne<\/li>\n<li>Assez Bonne<\/li>\n<\/ul>\n<p>TOTAL<\/td>\n<td>21<\/p>\n<p>8<\/p>\n<p>3<\/p>\n<p>2<\/p>\n<p><strong>34<\/strong><\/p>\n<p><strong>10 <\/strong><\/p>\n<p><strong>25<\/strong><\/p>\n<p><strong>3<\/strong><\/p>\n<p>3<\/p>\n<p>19<\/p>\n<p>2<\/p>\n<p>1<\/p>\n<p>25<\/p>\n<p>1<\/p>\n<p>16<\/p>\n<p>3<\/p>\n<p>8<\/p>\n<p>28<\/p>\n<p>1<\/p>\n<p>23<\/p>\n<p>22<\/p>\n<p>3<\/p>\n<p>49<\/p>\n<p>34<\/p>\n<p>13<\/p>\n<p>6<\/p>\n<p>53<\/p>\n<p>3<\/p>\n<p>14<\/p>\n<p>4<\/p>\n<p>21<\/p>\n<p>17<\/p>\n<p>2<\/p>\n<p>13<\/p>\n<p>6<\/p>\n<p>38<\/p>\n<p>23<\/p>\n<p>19<\/p>\n<p>4<\/p>\n<p>2<\/p>\n<p>48<\/p>\n<p>21<\/p>\n<p>27<\/p>\n<p>48<\/p>\n<p>4<\/p>\n<p>18<\/p>\n<p>4<\/p>\n<p>26<\/p>\n<p>13<\/p>\n<p>7<\/p>\n<p>4<\/p>\n<p>24<\/td>\n<td><strong>61,7<\/strong><\/p>\n<p><strong>23,5<\/strong><\/p>\n<p><strong>8,8<\/strong><\/p>\n<p><strong>5,8<\/strong><\/p>\n<p><strong>100<\/strong><\/p>\n<p><strong>26,3<\/strong><\/p>\n<p><strong>65,7<\/strong><\/p>\n<p><strong>7,8<\/strong><\/p>\n<p><strong>12<\/strong><\/p>\n<p><strong>76<\/strong><\/p>\n<p><strong>8<\/strong><\/p>\n<p><strong>4<\/strong><\/p>\n<p><strong>100<\/strong><\/p>\n<p><strong>3,5<\/strong><\/p>\n<p><strong>57,1<\/strong><\/p>\n<p><strong>10,7<\/strong><\/p>\n<p><strong>28,5<\/strong><\/p>\n<p><strong>100<\/strong><\/p>\n<p><strong>3,5<\/strong><\/p>\n<p><strong>46,9<\/strong><\/p>\n<p><strong>44,8<\/strong><\/p>\n<p><strong>6,1<\/strong><\/p>\n<p><strong>100<\/strong><\/p>\n<p><strong>64,1<\/strong><\/p>\n<p><strong>24,5<\/strong><\/p>\n<p><strong> 11,3<\/strong><\/p>\n<p><strong> 100<\/strong><\/p>\n<p><strong>14,2<\/strong><\/p>\n<p><strong>66,6<\/strong><\/p>\n<p><strong>19<\/strong><\/p>\n<p><strong>100<\/strong><\/p>\n<p><strong>44,7<\/strong><\/p>\n<p><strong>5,2<\/strong><\/p>\n<p><strong>34,2<\/strong><\/p>\n<p><strong>15,7<\/strong><\/p>\n<p><strong>100<\/strong><\/p>\n<p><strong>47,9<\/strong><\/p>\n<p><strong>39,5<\/strong><\/p>\n<p><strong>8,3<\/strong><\/p>\n<p><strong>4,1<\/strong><\/p>\n<p><strong>100<\/strong><\/p>\n<p><strong>43,7<\/strong><\/p>\n<p><strong>56,2<\/strong><\/p>\n<p><strong>100<\/strong><\/p>\n<p><strong>54,1<\/strong><\/p>\n<p><strong>29,1<\/strong><\/p>\n<p><strong>16,6<\/strong><\/p>\n<p><strong>100<\/strong><\/p>\n<p><strong>54,1<\/strong><\/p>\n<p><strong>29,1<\/strong><\/p>\n<p><strong>16,1<\/strong><\/p>\n<p><strong>100<\/strong><\/td>\n<\/tr>\n<\/tbody>\n<\/table>\n<p>L\u2019analyse de la majorit\u00e9 des tableaux, stipule que l\u2019\u00e9valuation des activit\u00e9s a \u00e9t\u00e9 bonne au-del\u00e0 de quelques cas isol\u00e9s de mauvaise \u00e9valuation.<\/p>\n<p><strong>3.3.1. Raison de non-participation <\/strong><\/p>\n<table>\n<tbody>\n<tr>\n<td><strong>N\u00b0<\/strong><\/td>\n<td><strong>Non-participation<\/strong><\/td>\n<td><strong>ni<\/strong><\/td>\n<td><strong>%<\/strong><\/td>\n<\/tr>\n<tr>\n<td><strong>1<\/strong><\/p>\n<p><strong>2<\/strong><\/p>\n<p><strong>3<\/strong><\/td>\n<td>Ne suis pas prosant\u00e9<\/p>\n<p>Suis dans la division financi\u00e8re<\/p>\n<p>Autres<\/td>\n<td>1<\/p>\n<p>5<\/p>\n<p>2<\/td>\n<td>12,5<\/p>\n<p>62,5<\/p>\n<p>25<\/td>\n<\/tr>\n<tr>\n<td><\/td>\n<td>TOTAL<\/td>\n<td>8<\/td>\n<td>100<\/td>\n<\/tr>\n<\/tbody>\n<\/table>\n<p>Il ressort de ce tableau, 62,5% d\u2019enqu\u00eat\u00e9s qui disent qu\u2019ils n\u2019ont pas particip\u00e9s aux activit\u00e9s de la lutte contre le VIH parce qu\u2019ils sont de la division administrative.<\/p>\n<p><strong>3.3.2. Aspects positifs des activit\u00e9s de lutte contre le VIH au PNLS<\/strong><\/p>\n<table>\n<tbody>\n<tr>\n<td><strong>N\u00b0<\/strong><\/td>\n<td><strong>Aspects positifs des activit\u00e9s de lutte contre le VIH<\/strong><\/td>\n<td><strong>ni<\/strong><\/td>\n<td><strong>%<\/strong><\/td>\n<\/tr>\n<tr>\n<td><strong>1<\/strong><\/td>\n<td>Renforcement des capacit\u00e9s<\/td>\n<td>23<\/td>\n<td>47,9<\/td>\n<\/tr>\n<tr>\n<td><strong>2<\/strong><\/td>\n<td>Am\u00e9lioration des performances<\/td>\n<td>11<\/td>\n<td>22,9<\/td>\n<\/tr>\n<tr>\n<td><strong>3<\/strong><\/td>\n<td>Atteintes des objectifs fix\u00e9s<\/td>\n<td>9<\/td>\n<td>18,7<\/td>\n<\/tr>\n<tr>\n<td><strong>4<\/strong><\/td>\n<td>D\u00e9vouement des acteurs<\/td>\n<td>3<\/td>\n<td>6,25<\/td>\n<\/tr>\n<tr>\n<td><strong>5<\/strong><\/td>\n<td>Structuration dans la mise en \u0153uvre<\/td>\n<td>2<\/td>\n<td>4,1<\/td>\n<\/tr>\n<tr>\n<td><\/td>\n<td><\/td>\n<td><\/td>\n<td><\/td>\n<\/tr>\n<tr>\n<td><\/td>\n<td><strong>TOTAL<\/strong><\/td>\n<td><strong>48<\/strong><\/td>\n<td><strong>100<\/strong><\/td>\n<\/tr>\n<\/tbody>\n<\/table>\n<p>L\u2019analyse ce tableau renseigne que 47,9% d\u2019enqu\u00eat\u00e9s disent que les activit\u00e9s de lutte contre le VIH Sida mise en \u0153uvre par le PNLS renforcent la capacit\u00e9. Suivi de 22,9% qui ont \u00e9crit l\u2019am\u00e9lioration des performances, contre 4,1% qui ont dit l\u2019atteinte des objectifs fix\u00e9s.<\/p>\n<p><strong>3.3.3. Difficult\u00e9s rencontr\u00e9es dans la mise en \u0153uvre des activit\u00e9s de lutte contre le VIH-Sida au PNLS<\/strong><\/p>\n<table>\n<tbody>\n<tr>\n<td><strong>N\u00b0<\/strong><\/td>\n<td><strong>Difficult\u00e9s<\/strong><\/td>\n<td><strong>ni<\/strong><\/td>\n<td><strong>%<\/strong><\/td>\n<\/tr>\n<tr>\n<td><strong>1<\/strong><\/p>\n<p><strong>2<\/strong><\/p>\n<p><strong>3<\/strong><\/p>\n<p><strong>4<\/strong><\/p>\n<p><strong>5<\/strong><\/p>\n<p><strong>6<\/strong><\/p>\n<p><strong>7<\/strong><\/p>\n<p><strong>8<\/strong><\/td>\n<td>Ressources financi\u00e8res allou\u00e9es non connues<\/p>\n<p>Faible allocation des ressources dans la lutte en fonction du domaine d\u2019intervention<\/p>\n<p>La logistique moins performante<\/p>\n<p>Retard dans le d\u00e9caissement<\/p>\n<p>Lourdeur administrative<\/p>\n<p>Mauvaise gestion des intrants de lutte contre le VIH<\/p>\n<p>R\u00e9mun\u00e9ration modique du personnel<\/p>\n<p>Chaque partenaire nous impose son rythme<\/td>\n<td>7<\/p>\n<p>17<\/p>\n<p>4<\/p>\n<p>2<\/p>\n<p>2<\/p>\n<p>3<\/p>\n<p>7<\/p>\n<p>6<\/td>\n<td>14,5<\/p>\n<p>35,4<\/p>\n<p>8,3<\/p>\n<p>4,1<\/p>\n<p>4,1<\/p>\n<p>6,25<\/p>\n<p>14,5<\/p>\n<p>12,5<\/td>\n<\/tr>\n<tr>\n<td><\/td>\n<td><strong>TOTAL<\/strong><\/td>\n<td><strong>48<\/strong><\/td>\n<td><strong>100<\/strong><\/td>\n<\/tr>\n<\/tbody>\n<\/table>\n<p>Les donn\u00e9es de ce tableau indiquent 35,4% des enqu\u00eat\u00e9s d\u00e9plorent la faible allocation des ressources dans la lutte en fonction du domaine d\u2019intervention.<\/p>\n<p>3.3.4. Motivation des agents<\/p>\n<table>\n<tbody>\n<tr>\n<td><strong>N\u00b0<\/strong><\/td>\n<td><strong>Motivation<\/strong><\/td>\n<td><strong>ni<\/strong><\/td>\n<td><strong>%<\/strong><\/td>\n<\/tr>\n<tr>\n<td><strong>1<\/strong><\/p>\n<p><strong>2<\/strong><\/p>\n<p><strong>3<\/strong><\/p>\n<p><strong>4<\/strong><\/p>\n<p><strong>5<\/strong><\/td>\n<td>Souci de mieux faire<\/p>\n<p>Conscience professionnelle<\/p>\n<p>Les encouragements<\/p>\n<p>Engagement de l\u2019\u00e9quipe<\/p>\n<p>Recherche de la performance<\/td>\n<td>3<\/p>\n<p>8<\/p>\n<p>26<\/p>\n<p>13<\/p>\n<p>6<\/td>\n<td>5,3<\/p>\n<p>14,2<\/p>\n<p>46,4<\/p>\n<p>23,2<\/p>\n<p>10,7<\/td>\n<\/tr>\n<tr>\n<td><\/td>\n<td><strong>TOTAL<\/strong><\/td>\n<td><strong>56<\/strong><\/td>\n<td><strong>100<\/strong><\/td>\n<\/tr>\n<\/tbody>\n<\/table>\n<p>Il ressort de ce tableau 46,4% d\u2019enqu\u00eat\u00e9s qui sont motiv\u00e9s par suite des encouragements, suivi de 23,2% qui, leur motivation est facteur de l\u2019engagement de l\u2019\u00e9quipe contre 5,3% qui ont mentionn\u00e9 le souci de mieux faire.<\/p>\n<p>3.3.5. Travail en \u00e9quipe<\/p>\n<table>\n<tbody>\n<tr>\n<td><strong>C<\/strong><\/td>\n<td><strong>Variable\/ Travail en \u00e9quipe<\/strong><\/td>\n<td><strong>ni<\/strong><\/td>\n<td><strong>%<\/strong><\/td>\n<\/tr>\n<tr>\n<td><strong>1<\/strong><\/p>\n<p><strong>2<\/strong><\/td>\n<td>Oui<\/p>\n<p>Non<\/td>\n<td>49<\/p>\n<p>7<\/td>\n<td>87,5<\/p>\n<p>12,5<\/td>\n<\/tr>\n<tr>\n<td><\/td>\n<td><strong>TOTAL<\/strong><\/td>\n<td><strong>56<\/strong><\/td>\n<td><strong>100<\/strong><\/td>\n<\/tr>\n<\/tbody>\n<\/table>\n<p>L\u2019analyse de ce tableau stipule que 87,5% d\u2019enqu\u00eat\u00e9s acceptent qu\u2019ils travaillent en \u00e9quipe contre 12,5% qui ne le font pas.<\/p>\n<p>3.3.6. R\u00e9unions de service<\/p>\n<table>\n<tbody>\n<tr>\n<td><strong>N\u00b0<\/strong><\/td>\n<td><strong>Tenue des r\u00e9unions<\/strong><\/td>\n<td><strong>ni<\/strong><\/td>\n<td><strong>%<\/strong><\/td>\n<\/tr>\n<tr>\n<td><strong>1<\/strong><\/p>\n<p><strong>2<\/strong><\/td>\n<td>Oui<\/p>\n<p>Non<\/td>\n<td>43<\/p>\n<p>13<\/td>\n<td>76,7<\/p>\n<p>23,2<\/td>\n<\/tr>\n<tr>\n<td><\/td>\n<td><strong>TOTAL<\/strong><\/td>\n<td><strong>56<\/strong><\/td>\n<td><strong>100<\/strong><\/td>\n<\/tr>\n<\/tbody>\n<\/table>\n<p>Il ressort de ce tableau 76,7% qui affirment le d\u00e9roulement des r\u00e9unions de service, contre 23,2% qui disent la non existence des r\u00e9unions de service.<\/p>\n<p>3.3.7. Qualit\u00e9 de gestion des ressources au PNLS<\/p>\n<table>\n<tbody>\n<tr>\n<td><strong>N\u00b0<\/strong><\/td>\n<td><strong>Variable<\/strong><\/td>\n<td><strong>ni<\/strong><\/td>\n<td><strong>%<\/strong><\/td>\n<\/tr>\n<tr>\n<td><strong>1<\/strong><\/p>\n<p><strong>2<\/strong><\/p>\n<p><strong>3<\/strong><\/p>\n<p><strong>4<\/strong><\/p>\n<p><strong>5<\/strong><\/p>\n<p><strong>\u00ad6<\/strong><\/p>\n<p><strong>7<\/strong><\/td>\n<td>Ressources humaines<\/p>\n<ul>\n<li>Tr\u00e8s bonne<\/li>\n<li>Bonne<\/li>\n<li>Assez bonne<\/li>\n<li>Mauvaise<\/li>\n<\/ul>\n<p><strong>TOTAL<\/strong><\/p>\n<p>Ressources temps<\/p>\n<ul>\n<li>Tr\u00e8s bonne<\/li>\n<li>Bonne<\/li>\n<li>Assez bonne<\/li>\n<li>Mauvaise<\/li>\n<\/ul>\n<p><strong>TOTAL<\/strong><\/p>\n<p>T\u00e2ches administratives<\/p>\n<ul>\n<li>Tr\u00e8s bonne<\/li>\n<li>Bonne<\/li>\n<li>Assez bonne<\/li>\n<li>Mauvaise<\/li>\n<\/ul>\n<p><strong>TOTAL<\/strong><\/p>\n<p>Ressources mat\u00e9rielles<\/p>\n<ul>\n<li>Bonne<\/li>\n<li>Assez bonne<\/li>\n<li>Mauvaise<\/li>\n<\/ul>\n<p><strong>TOTAL<\/strong><\/p>\n<p>Ressources financi\u00e8res<\/p>\n<ul>\n<li>Tr\u00e8s bonne<\/li>\n<li>Bonne<\/li>\n<li>Assez bonne<\/li>\n<\/ul>\n<p><strong>TOTAL<\/strong><\/p>\n<p>Les intrants et outils de travail<\/p>\n<ul>\n<li>Bonne<\/li>\n<li>Assez bonne<\/li>\n<li>Mauvaise<\/li>\n<li>M\u00e9diocre<\/li>\n<\/ul>\n<p><strong>TOTAL<\/strong><\/p>\n<p>Fonds allou\u00e9s par l\u2019Etat et les partenaires<\/p>\n<ul>\n<li>Tr\u00e8s bonne<\/li>\n<li>Bonne<\/li>\n<li>Assez bonne<\/li>\n<li>Mauvaise<\/li>\n<\/ul>\n<p><strong>TOTAL<\/strong><\/td>\n<td>4<\/p>\n<p>7<\/p>\n<p>31<\/p>\n<p>14<\/p>\n<p><strong>56<\/strong><\/p>\n<p>6<\/p>\n<p>43<\/p>\n<p>5<\/p>\n<p>2<\/p>\n<p><strong>56<\/strong><\/p>\n<p>17<\/p>\n<p>9<\/p>\n<p>26<\/p>\n<p>4<\/p>\n<p><strong>56<\/strong><\/p>\n<p>4<\/p>\n<p>9<\/p>\n<p>43<\/p>\n<p><strong>56<\/strong><\/p>\n<p>7<\/p>\n<p>13<\/p>\n<p>26<\/p>\n<p><strong>56<\/strong><\/p>\n<p>7<\/p>\n<p>12<\/p>\n<p>10<\/p>\n<p>27<\/p>\n<p><strong>56<\/strong><\/p>\n<p>16<\/p>\n<p>17<\/p>\n<p>13<\/p>\n<p>10<\/p>\n<p><strong>56<\/strong><\/td>\n<td>7,1<\/p>\n<p>12,5<\/p>\n<p>55,3<\/p>\n<p>25<\/p>\n<p><strong>100<\/strong><\/p>\n<p>10,7<\/p>\n<p>76,7<\/p>\n<p>8,9<\/p>\n<p>3,5<\/p>\n<p><strong>100<\/strong><\/p>\n<p>30,3<\/p>\n<p>16<\/p>\n<p>46,4<\/p>\n<p>3,5<\/p>\n<p><strong>100<\/strong><\/p>\n<p>7,1<\/p>\n<p>16<\/p>\n<p>76,7<\/p>\n<p><strong>100<\/strong><\/p>\n<p>12,5<\/p>\n<p>23,2<\/p>\n<p>46,4<\/p>\n<p><strong>100<\/strong><\/p>\n<p>12,5<\/p>\n<p>21,4<\/p>\n<p>17,8<\/p>\n<p>48,2<\/p>\n<p><strong>100<\/strong><\/p>\n<p>28,5<\/p>\n<p>30,3<\/p>\n<p>23,2<\/p>\n<p>17,8<\/p>\n<p><strong>100<\/strong><\/td>\n<\/tr>\n<tr>\n<td><\/td>\n<td><\/td>\n<td><\/td>\n<td><\/td>\n<\/tr>\n<\/tbody>\n<\/table>\n<p>L\u2019analyse de ce tableau d\u00e9montre une opacit\u00e9 et une mauvaise gestion des intrants et mat\u00e9riels de travail, 48,2% ont r\u00e9pondu que la gestion des intrants est m\u00e9diocre. 55,3% ont vot\u00e9 pour une gestion assez bonne, alors que 76,7% ont dit qu\u2019ils observent une bonne gestion de temps. Les r\u00e9sultats de ces tableaux signalent que la gestion administrative semble assez bonne,46,4%.<\/p>\n<p>3.3.8. Les partenaires qui financent les activit\u00e9s du PNLS<\/p>\n<table>\n<tbody>\n<tr>\n<td><strong>n<\/strong><\/td>\n<td><strong>Variable <\/strong><\/td>\n<td><strong>Ni<\/strong><\/td>\n<td><strong>%<\/strong><\/td>\n<\/tr>\n<tr>\n<td><strong>1<\/strong><\/td>\n<td>Oui<\/td>\n<td>54<\/td>\n<td>96,4<\/td>\n<\/tr>\n<tr>\n<td><strong>2<\/strong><\/td>\n<td>Non<\/td>\n<td>2<\/td>\n<td>3,5<\/td>\n<\/tr>\n<tr>\n<td><\/td>\n<td>total<\/td>\n<td>56<\/td>\n<td>100<\/td>\n<\/tr>\n<\/tbody>\n<\/table>\n<p>Il ressort de ce tableau,96,4% connaissent les partenaires financiers qui travaillent en collaboration avec le PNLS.<\/p>\n<p>3.3.9. Identification des partenaires<\/p>\n<table>\n<tbody>\n<tr>\n<td><strong>N<\/strong><\/td>\n<td><strong>Les partenaires <\/strong><\/td>\n<td><strong>Ni<\/strong><\/td>\n<td><strong>%<\/strong><\/td>\n<\/tr>\n<tr>\n<td><strong>1<\/strong><\/td>\n<td>FM<\/td>\n<td>54<\/td>\n<td>96,4<\/td>\n<\/tr>\n<tr>\n<td><strong>2<\/strong><\/td>\n<td>PEPFAR<\/td>\n<td>54<\/td>\n<td>96,4<\/td>\n<\/tr>\n<tr>\n<td><strong>3<\/strong><\/td>\n<td>ONUSIDA<\/td>\n<td>33<\/td>\n<td>58,8<\/td>\n<\/tr>\n<tr>\n<td><strong>4<\/strong><\/td>\n<td>UNFPA<\/td>\n<td>37<\/td>\n<td>66<\/td>\n<\/tr>\n<tr>\n<td><strong>5<\/strong><\/td>\n<td>UNICEF<\/td>\n<td>18<\/td>\n<td>32,1<\/td>\n<\/tr>\n<tr>\n<td><strong>6<\/strong><\/td>\n<td>GOUVERNEMENT CONGOLAIS<\/td>\n<td>47<\/td>\n<td>83,9<\/td>\n<\/tr>\n<tr>\n<td><strong>7<\/strong><\/td>\n<td>DNDi<\/td>\n<td>38<\/td>\n<td>67,8<\/td>\n<\/tr>\n<tr>\n<td><strong>8<\/strong><\/td>\n<td>OMS<\/td>\n<td>48<\/td>\n<td>85,7<\/td>\n<\/tr>\n<tr>\n<td><strong>9<\/strong><\/td>\n<td>CHAI<\/td>\n<td>17<\/td>\n<td>30,\u00a03<\/td>\n<\/tr>\n<tr>\n<td><strong>10<\/strong><\/td>\n<td>PAM<\/td>\n<td>34<\/td>\n<td>60,7<\/td>\n<\/tr>\n<tr>\n<td><\/td>\n<td>Moyenne<\/td>\n<td>10<\/td>\n<td>62<\/td>\n<\/tr>\n<\/tbody>\n<\/table>\n<p>L\u2019analyse de ce tableau d\u00e9montre que 96,4% d\u2019enqu\u00eat\u00e9s connaissent PEPFAR et le Fond Mondial comme partenaires financiers suivi de l\u2019OMS,85,7%.<\/p>\n<p>3.3.10. Qualit\u00e9 de la r\u00e9mun\u00e9ration<\/p>\n<table>\n<tbody>\n<tr>\n<td><strong>N<\/strong><\/td>\n<td><strong>R\u00e9mun\u00e9ration <\/strong><\/td>\n<td><strong>ni<\/strong><\/td>\n<td><strong>%<\/strong><\/td>\n<\/tr>\n<tr>\n<td><strong>1<\/strong><\/td>\n<td>Bonne<\/td>\n<td>12<\/td>\n<td>21,4<\/td>\n<\/tr>\n<tr>\n<td><strong>2<\/strong><\/td>\n<td>Modique<\/td>\n<td>44<\/td>\n<td>78,5<\/td>\n<\/tr>\n<tr>\n<td><\/td>\n<td>Total<\/td>\n<td>56<\/td>\n<td>100<\/td>\n<\/tr>\n<\/tbody>\n<\/table>\n<p>Il ressort de ce tableau, 78 % des enqu\u00eat\u00e9s qui disent que la qualit\u00e9 de r\u00e9mun\u00e9ration au PNLS est tellement modique cela a de l\u2019impact sur le rendement du travailleur.<\/p>\n<p>3.3.11. Formation des agents sur le renforcement des capacit\u00e9s<\/p>\n<table>\n<tbody>\n<tr>\n<td><strong>N<\/strong><\/td>\n<td><strong>Formation <\/strong><\/td>\n<td><strong>ni<\/strong><\/td>\n<td><strong>%<\/strong><\/td>\n<\/tr>\n<tr>\n<td><strong>1<\/strong><\/td>\n<td>Oui<\/td>\n<td>19<\/td>\n<td>33,9<\/td>\n<\/tr>\n<tr>\n<td><strong>2<\/strong><\/td>\n<td>Non<\/td>\n<td>37<\/td>\n<td>66<\/td>\n<\/tr>\n<tr>\n<td><\/td>\n<td>Total<\/td>\n<td>56<\/td>\n<td>100<\/td>\n<\/tr>\n<\/tbody>\n<\/table>\n<p>Les donn\u00e9es de ce tableau nous renseignent que 66% d\u2019enqu\u00eat\u00e9s ne partent pas en formation de renforcement des capacit\u00e9s contre 33,9% qui y vont r\u00e9guli\u00e8rement.<\/p>\n<p>3.3.12. Gestion des conflits au PNLS<\/p>\n<table>\n<tbody>\n<tr>\n<td><strong>n<\/strong><\/td>\n<td><strong>Gestion des conflits<\/strong><\/td>\n<td><strong>ni<\/strong><\/td>\n<td><strong>%<\/strong><\/td>\n<\/tr>\n<tr>\n<td><strong>1<\/strong><\/td>\n<td>Recherche des causes et r\u00e9solution \u00e0 l\u2019amiable<\/td>\n<td>10<\/td>\n<td>17,8<\/td>\n<\/tr>\n<tr>\n<td><strong>2<\/strong><\/td>\n<td>Nous utilisons les r\u00e9gimes disciplinaires car, nous sommes agent de l\u2019Etat<\/td>\n<td>16<\/td>\n<td>28,7<\/td>\n<\/tr>\n<tr>\n<td><strong>3<\/strong><\/td>\n<td>Le chef du personnel et l\u2019Administrateur entendent les agents en cas des conflits.<\/td>\n<td>26<\/td>\n<td>46,4<\/td>\n<\/tr>\n<tr>\n<td><strong>4<\/strong><\/td>\n<td>promouvoir le dialogue et la confrontation des bellig\u00e9rants<\/td>\n<td>4<\/td>\n<td>7,1<\/td>\n<\/tr>\n<tr>\n<td><\/td>\n<td>Total<\/td>\n<td>56<\/td>\n<td>100<\/td>\n<\/tr>\n<\/tbody>\n<\/table>\n<p>Il ressort de ce tableau, 46,4% d\u2019enqu\u00eat\u00e9s qui disent que lors des conflits, Le chef du personnel et l\u2019Administrateur entendent les agents en cas des conflits suivis de 28,7% qui ont dit que nous utilisons les r\u00e9gimes disciplinaires car, nous sommes agent de l\u2019Etat.<\/p>\n<p>3.3.13. Perte des biens au PNLS<\/p>\n<table>\n<tbody>\n<tr>\n<td><strong>n<\/strong><\/td>\n<td><strong>Gestion des conflits<\/strong><\/td>\n<td><strong>ni<\/strong><\/td>\n<td><strong>%<\/strong><\/td>\n<\/tr>\n<tr>\n<td><strong>1<\/strong><\/td>\n<td>Enqu\u00eate, audit et ouverture d\u2019une action disciplinaire si n\u00e9cessaire<\/td>\n<td>24<\/td>\n<td>42,8<\/td>\n<\/tr>\n<tr>\n<td><strong>2<\/strong><\/td>\n<td>Nous utilisons les r\u00e9gimes disciplinaires car, nous sommes agent de l\u2019Etat<\/td>\n<td>8<\/td>\n<td>14,2<\/td>\n<\/tr>\n<tr>\n<td><strong>3<\/strong><\/td>\n<td>Le chef du personnel et l\u2019Administrateur entendent les agents en cas des conflits.<\/td>\n<td>5<\/td>\n<td>8,9<\/td>\n<\/tr>\n<tr>\n<td><strong>4<\/strong><\/td>\n<td>Je ne vais rien dire car, j\u2019ai d\u00e9j\u00e0 perdu un ordinateur et c\u2019\u00e9tait d\u00e9j\u00e0 pass\u00e9 au pass\u00e9 simple dit-on, les m\u00e9canismes mis en place pour la recherche d\u2019un bien perdu ne sont pas efficace. Aucune pr\u00e9occupation pour retrouver les biens perdus.<\/td>\n<td>19<\/td>\n<td>33,9<\/td>\n<\/tr>\n<tr>\n<td><\/td>\n<td>Total<\/td>\n<td>56<\/td>\n<td>100<\/td>\n<\/tr>\n<\/tbody>\n<\/table>\n<p>Les donn\u00e9es de ce tableau d\u00e9montrent, 42,8% d\u2019enqu\u00eat\u00e9s qui disent que lors d\u2019une perte d\u2019un bien, les autorit\u00e9s initient une enqu\u00eate, un audit et l\u2019ouverture d\u2019une action disciplinaire si n\u00e9cessaire.<\/p>\n<p>3.3.14. Souhaits des enqu\u00eat\u00e9s pour la bonne gouvernance des ressources au PNLS<\/p>\n<table>\n<tbody>\n<tr>\n<td><strong>N<\/strong><\/td>\n<td><strong>Les partenaires <\/strong><\/td>\n<td><strong>ni<\/strong><\/td>\n<td><strong>%<\/strong><\/td>\n<\/tr>\n<tr>\n<td><strong>1<\/strong><\/td>\n<td>Utiliser les b\u00e2tons au lieu de carottes<\/td>\n<td>54<\/td>\n<td>96,4<\/td>\n<\/tr>\n<tr>\n<td><strong>2<\/strong><\/td>\n<td>Recours sans faille aux textes r\u00e8glementaires<\/td>\n<td>54<\/td>\n<td>96,4<\/td>\n<\/tr>\n<tr>\n<td><strong>3<\/strong><\/td>\n<td>Bonne motivation du personnel (d\u00e9velopper la politique d\u2019\u00e9coute du personnel, pr\u00e9voir une boite \u00e0 suggestion, octroyer la prime du FM \u00e0 tous, envoyer les cadres et tous les agents en formation de renforcement des capacit\u00e9s).<\/td>\n<td>33<\/td>\n<td>58,8<\/td>\n<\/tr>\n<tr>\n<td><strong>4<\/strong><\/td>\n<td>Restaurer l\u2019autorit\u00e9 PNLS,( discipline )<\/td>\n<td>37<\/td>\n<td>66<\/td>\n<\/tr>\n<tr>\n<td><strong>5<\/strong><\/td>\n<td>Les structures de PNLS depuis sa cr\u00e9ation, plus de 20ans d\u00e9j\u00e0, sont devenues obsol\u00e8tes. Faudrait mettre en place des nouvelles structures. On ne peut pas changer les r\u00e9sultats vers la performance en gardant les m\u00eames strat\u00e9gies, les m\u00eames structures et les m\u00eames m\u00e9thodes.<\/td>\n<td>18<\/td>\n<td>32,1<\/td>\n<\/tr>\n<tr>\n<td><strong>6<\/strong><\/td>\n<td>Les autorit\u00e9s doivent cultiver les qualit\u00e9s d\u2019un manager<\/td>\n<td>47<\/td>\n<td>83,9<\/td>\n<\/tr>\n<tr>\n<td><strong>7<\/strong><\/td>\n<td>Financer les activit\u00e9s orphelines<\/td>\n<td>38<\/td>\n<td>67,8<\/td>\n<\/tr>\n<tr>\n<td><strong>8<\/strong><\/td>\n<td>R\u00e9duire les effectifs et Am\u00e9liorer les conditions de travail pour les agents et cadres (salles, bureaux,\u2026)<\/td>\n<td>48<\/td>\n<td>85,7<\/td>\n<\/tr>\n<tr>\n<td><strong>9<\/strong><\/td>\n<td>\n<ul>\n<li>Partager les informations financi\u00e8res \u00e0 temps r\u00e9el<\/li>\n<li>Mettre en place un m\u00e9canisme de d\u00e9caissement rapide pour la mise en \u0153uvre des activit\u00e9s de lutte afin de respecter le PTT et la p\u00e9riodicit\u00e9<\/li>\n<li>Rendre disponibles les ordres de service \u00e0 temps utile pour les activit\u00e9s<\/li>\n<li>Tenir compte du timing de la planification des activit\u00e9s<\/li>\n<li>Acc\u00e9l\u00e9rer les proc\u00e9dures de d\u00e9caissement de fonds en faveur de la BPC<\/li>\n<\/ul>\n<p>Doter le BPC des outils de gestion RH manquant<\/td>\n<td>17<\/td>\n<td>30,\u00a03<\/td>\n<\/tr>\n<tr>\n<td><strong>10<\/strong><\/td>\n<td>Les diff\u00e9rents centres doivent collaborer parfaitement avec la direction nationale surtout avec la direction des ressources humaines, administratives et financi\u00e8res.<\/td>\n<td>34<\/td>\n<td>60,7<\/td>\n<\/tr>\n<tr>\n<td><\/td>\n<td>Moyenne<\/td>\n<td>10<\/td>\n<td>62<\/td>\n<\/tr>\n<\/tbody>\n<\/table>\n<p>Dans le prochain point, nous vous pr\u00e9senterons la discussion des r\u00e9sultats de nos recherches par rapport aux \u00e9tudes ant\u00e9rieure et autres auteurs.<\/p>\n<ol>\n<li><strong>DISCUSSION <\/strong>\n<ol>\n<li><strong>Situation sociod\u00e9mographique des enqu\u00eat\u00e9s.<\/strong><\/li>\n<\/ol>\n<\/li>\n<\/ol>\n<p>Il ressort de notre \u00e9tude, 52% soient 29 enqu\u00eat\u00e9s ont l\u2019\u00e2ge allant de 55 \u00e0 64 ans. Suivi de 26,7% qui ont 45 \u00e0 54 ans. 8,9% est la fr\u00e9quence la plus faible occup\u00e9e par ceux ayant 35 \u00e0 44 ans d\u2019\u00e2ge. En rapport avec l\u2019\u00e2ge, ces r\u00e9sultats ont montr\u00e9 que l&#8217;\u00e2ge minimale des enqu\u00eat\u00e9s \u00e9tait de 15 ans par contre l&#8217;\u00e2ge maximale \u00e9tait de 77 ans, la moyenne d&#8217;\u00e2ge de m\u00e9nage \u00e9tait de 86, 2%. Ces r\u00e9sultats se diff\u00e9rencient l\u00e9g\u00e8rement \u00e0 celui de KAKULE en 2018. Qui avait trouv\u00e9 que l&#8217;\u00e2ge minimal des chefs des m\u00e9nages \u00e9tait de 19 ans par contre l&#8217;\u00e2ge maximal \u00e9tait \u00e9gal \u00e0 77 ans dans son \u00c9tude d\u00e9j\u00e0 cit\u00e9 ci- haut. En rapport avec le niveau d\u2019\u00e9tudes, nous constatons que 323 de nos enqu\u00eat\u00e9s soit (87, 4%) \u00e9taient instruits. Ce r\u00e9sultat ne corrobore pas \u00e0 celui trouv\u00e9 par KAKULE soit (54, 3%), des r\u00e9pondants \u00e9taient instruites (KAKULE op.cit.), cependant qu\u2019ils corrobore avec les r\u00e9sultats d\u2019EMERY NSUNGU et Al,2023.<\/p>\n<p>Les r\u00e9sultats de notre \u00e9tude s\u2019\u00e9carte largement avec ceux de SENKER B. et Al.,2024\u00a0qui, dans leur \u00e9tude sur les revenus des m\u00e9nages de Kinshasa et leurs acc\u00e8s aux services et soins de sant\u00e9, ils avaient trouv\u00e9s que 319 enqu\u00eat\u00e9s soit 86,2% \u00e9taient \u00e2g\u00e9 de 31 ans et plus, ce r\u00e9sultat s\u2019approchaient de ceux trouv\u00e9 par NGOLO K. sur l\u2019\u00e9tude similaire men\u00e9e en 2018 dont l\u2019\u00e2ge des chefs des m\u00e9nages dans leurs majorit\u00e9s \u00e9tait compris entre 30et 31ans, cette situation se justifierait par le fait que cette tranche d\u2019\u00e2ge repr\u00e9senterait la population active de la RDC, selon le rapport d\u2019UNFPA 2017. Par contre, dans notre \u00e9tude, nous pensons que cet \u00e9cart constat\u00e9 d\u2019\u00e2ges dans notre \u00e9tude scientifique ou la majorit\u00e9 des enqu\u00eat\u00e9s ont 55 \u00e0 64 ans se justifierait par leur exp\u00e9rience et le temps pass\u00e9 aux \u00e9tudes \u00e9tant donn\u00e9 que la majorit\u00e9 est m\u00e9decin, professionnel de sant\u00e9, maitres et docteurs \u00e0 th\u00e8ses en science de sant\u00e9.<\/p>\n<p>Il ressort de cette \u00e9tude 92,8% d\u2019enqu\u00eat\u00e9s sont du sexe masculin. Il ressort de ce tableau 78,5% des agents qui sont mari\u00e9s. Notre \u00e9tude s\u2019\u00e9carte de celle de Desouza (2012) qui, dans son \u00e9tude sur les d\u00e9terminants de l\u2019adh\u00e9sion des populations aux mutuelles de sant\u00e9 au Benin. Apr\u00e8s avoir utilis\u00e9 un mod\u00e8le logit, il arrive aux r\u00e9sultats selon lesquels: l\u2019\u00e9tat-civil, le niveau d\u2019instruction, la taille du m\u00e9nage et la qualit\u00e9 des soins influence positivement les choix d\u2019adh\u00e9rer \u00e0 la mutuelle pour un m\u00e9nage alors que la pr\u00e9pond\u00e9rance des r\u00e8gles internes au sein des mutuelles et l\u2019exp\u00e9rience n\u00e9gative d\u2019une association communautaire influence n\u00e9gativement les adh\u00e9sions aux mutuelles de sant\u00e9. Ce r\u00e9sultat est semblable \u00e0 celui de Yameogo (2008) qui montre \u00e0 partir d\u2019une \u00e9tude r\u00e9alis\u00e9e au Benin que les m\u00e9nages ais\u00e9s, mari\u00e9s et instruits adh\u00e9rent aux mutuelles de sant\u00e9, rejoignant \u00e9galement l\u2019\u00e9tude de Zhu (2003) men\u00e9e en Chine. Nous pensons que l\u2019\u00e9tat civil est un facteur explicatif du niveau d\u2019organisation et de gestion de la chose publique et communautaire.<\/p>\n<p>L\u2019analyse de ce tableau d\u00e9montre que 66% sont universitaires alors que 48,2% ont fait l\u2019\u00e9cole secondaire, 83,9% d\u2019enqu\u00eat\u00e9s sont agents d\u2019Etat,\u00a060,7% ont fait 1 \u00e0 5 ans au PNLS, suivi de 30,3% qui ont 6 \u00e0 10 ans contre 8,9% qui ont 11 ans et plus. 33,9% des enqu\u00eat\u00e9s sont protestants, suivi de 30,3% qui sont catholiques, alors que 3,5% confessent autres fois.<\/p>\n<p>Les situations sociod\u00e9mographiques des enqu\u00eat\u00e9s prouvent \u00e0 suffisance qu\u2019ils ont un niveau d\u2019\u00e9tude avanc\u00e9 qui leur permet de mieux exercer leurs fonctions dans cette organisation.<\/p>\n<ul>\n<li style=\"list-style-type: none;\">\n<ol>\n<li><strong>Mati\u00e8res en rapport avec notre \u00e9tude<\/strong><\/li>\n<\/ol>\n<\/li>\n<\/ul>\n<p>L\u2019analyse de ce tableau stipule que 48 des enqu\u00eat\u00e9s soient 85,7% ont d\u00e9j\u00e0 particip\u00e9 aux activit\u00e9s de lutte contre le VIH organis\u00e9es par le PNLS. Une bonne information est que la majorit\u00e9 a d\u00e9j\u00e0 particip\u00e9 aux activit\u00e9s de lutte contre le VIH-Sida qu\u2019organise le programme national de lutte contre le VIH et les IST.<\/p>\n<p>Certains confirment avoir particip\u00e9 \u00e0 l\u2019atelier de formation, suivi de 87,5% qui ont particip\u00e9 \u00e0 la supervision trimestrielle.<\/p>\n<p>Les r\u00e9sultats de notre \u00e9tude confirment ceux du PNLS(2022) qui a organis\u00e9 du 16 au 18 F\u00e9vrier 2022, un atelier bilan des activit\u00e9s 2021 et de lancement des activit\u00e9s 2022 dudit programme, \u00e0 NSA Hotel, que les membres de l\u2019\u00e9quipe ayant particip\u00e9 aux activit\u00e9s s\u2019en ont appropri\u00e9 et les activit\u00e9s ont eu un succ\u00e8s total. L\u2019analyse de la majorit\u00e9 des tableaux, stipule que l\u2019\u00e9valuation des activit\u00e9s a \u00e9t\u00e9 bonne au-del\u00e0 de quelques cas isol\u00e9s de mauvaise \u00e9valuation.<\/p>\n<p>Il ressort de notre \u00e9tude, 62,5% d\u2019enqu\u00eat\u00e9s qui disent qu\u2019ils n\u2019ont pas particip\u00e9s aux activit\u00e9s de la lutte contre le VIH parce qu\u2019ils sont de la division administrative. Cette affirmation semble vraie, et notre \u00e9tude confirme les r\u00e9sultats de MAKALA NZENGU(2017) sur la politique publique qui dit que la mise en \u0153uvre des politiques publiques connait aussi certaines limites similaires \u00e0 celles de l\u2019\u00e9laboration. En effet, la multiplicit\u00e9 des acteurs repr\u00e9sente \u00e9galement un obstacle \u00e0 la bonne mise en \u0153uvre d\u2019une politique publique. Ce qui va caract\u00e9riser l\u2019application d\u2019une politique publique c\u2019est l\u2019appropriation de ces objectifs par les syst\u00e8mes d\u2019acteurs qui va la mettre en \u0153uvre. Or, dans le syst\u00e8me complexe qu\u2019est le n\u00f4tre, il est difficile pour tous les acteurs de trouver leur place dans ce processus et ainsi de jouer leur r\u00f4le au mieux. Cette question se pose notamment en ce qui concerne le pilotage d\u2019une politique publique. Quelles responsabilit\u00e9s ? Quels r\u00f4les sont attribu\u00e9s \u00e0 chacun des acteurs ? Pour la r\u00e9ussite d\u2019une politique, les r\u00e9ponses \u00e0 ces questions ne doivent faire aucun doute.<\/p>\n<p>Il faut alors admettre que, les politiques publiques rel\u00e8vent d\u2019un processus complexe, et ce, plus particuli\u00e8rement \u00e0 un niveau des acteurs. En effet, comme nous l\u2019avons d\u00e9j\u00e0 \u00e9voqu\u00e9, leur multiplicit\u00e9 peut repr\u00e9senter un obstacle au cours des diff\u00e9rentes \u00e9tapes des politiques publiques. Cependant, cette multiplicit\u00e9 reste tout \u00e0 fait n\u00e9cessaire : Les pouvoirs publics ne peuvent exclure un groupe social d\u2019une prise de d\u00e9cision qui peut concerner celui-ci.<\/p>\n<p>En effet, les politiques publiques occupent une place centrale dans l\u2019action de l\u2019\u00e9tat. Elles constituent le principal moyen d\u2019intervention des gouvernements. Elles leur permettent de se trouver au plus proche des pr\u00e9occupations des populations \u00e0 la t\u00eate desquelles ils ont \u00e9t\u00e9 plac\u00e9s. Coordination, promotion de la collaboration intra et intersectorielle et Partenariat pour la Sant\u00e9.<\/p>\n<p>Pour maintenir et surtout pour am\u00e9liorer les prestations dans le domaine de la Sant\u00e9, les appuis des partenaires et les interventions des services connexes ainsi que les m\u00e9canismes de collaboration entre les services de Sant\u00e9 doivent \u00eatre coordonn\u00e9s par le Minist\u00e8re de la Sant\u00e9. Un cadre organisationnel sp\u00e9cifique et des m\u00e9canismes de gestion transparente devront \u00eatre mis en place avec la participation de la population, des professionnels de Sant\u00e9 et des repr\u00e9sentants des intervenants du secteur de la Sant\u00e9. Les priv\u00e9s, les ONG et les soci\u00e9t\u00e9s savantes participeront \u00e0 la gestion des services de Sant\u00e9 \u00e0 travers les organes de participation communautaire (Comit\u00e9 de Sant\u00e9, Conseil d\u0159Administration, Comit\u00e9 de Gestion).<\/p>\n<p>Cependant moins bonne. Car, Les crises que traverse la R\u00e9publique D\u00e9mocratique du Congo depuis bient\u00f4t quinze ans ont plong\u00e9 la majorit\u00e9 de la population dans un \u00e9tat de pauvret\u00e9 chronique, limitant financi\u00e8rement leurs acc\u00e8s aux soins de sant\u00e9 de qualit\u00e9. Le syst\u00e8me public de sant\u00e9 est tomb\u00e9 assez bas, l\u2019utilisation moyenne des \u00e9tablissements des soins reste inf\u00e9rieure \u00e0 0,25 contacts par personne et par an. Un adage des \u00e9conomistes de sant\u00e9 publique dit que : \u00ab <em>la sant\u00e9 n\u2019a pas de prix, mais elle a un co\u00fbt \u00bb,(B.SENKER,2023).<\/em><\/p>\n<p>Cherchant toujours \u00e0 jouir d\u2019une bonne sant\u00e9, l\u2019homme, une fois malade, n\u2019h\u00e9site pas \u00e0 d\u00e9penser d\u2019importantes sommes d\u2019argent afin de recouvrir sa sant\u00e9. Or, pour avoir acc\u00e8s aux soins de sant\u00e9 de qualit\u00e9, les co\u00fbts ne doivent pas \u00eatre prohibitifs pour les \u00e9conomies de m\u00e9nages et de la nation. C\u2019est alors qu\u2019intervient le r\u00f4le protecteur de l\u2019Etat et celui que joue la solidarit\u00e9 aussi bien nationale qu\u2019internationale.<\/p>\n<p>Si l\u2019Etat congolais a pu remplir ses obligations pendant un certain temps, jusqu\u2019au d\u00e9but des ann\u00e9es 90, c\u2019\u00e9tait gr\u00e2ce \u00e0 l\u2019appui de ses partenaires bilat\u00e9raux et multilat\u00e9raux. Mais avec l\u2019acc\u00e9l\u00e9ration des crises il s\u2019est rel\u00e2ch\u00e9 dans ce r\u00f4le premier de financer la sant\u00e9 en concentrant une part importante de son budget aux priorit\u00e9s politico-militaires.<\/p>\n<p>Le pouvoir r\u00e9gulateur de l\u2019Etat ayant disparu, plusieurs m\u00e9canismes se sont impos\u00e9s de facto pour financer les soins de sant\u00e9. C\u2019est aux bons soins priv\u00e9s et des associations confessionnelles qu\u2019est laiss\u00e9e la d\u00e9termination des conditions d\u2019acc\u00e8s aux soins ; Mais \u00e0 quel prix ? C\u2019est l\u2019anarchie caract\u00e9ris\u00e9 par une prolif\u00e9ration des \u00e9tablissements de soins (dispensaires, cabinets m\u00e9dicaux, pharmacies, points de vente des m\u00e9dicaments et vendeurs ambulants des m\u00e9dicaments) fixant impun\u00e9ment les conditions d\u2019acc\u00e8s aux soins de sant\u00e9. Ainsi chacun pratique le prix qu\u2019il juge rentable par rapport \u00e0 ses investissements.<\/p>\n<p>L\u2019analyse ce tableau renseigne que 47,9% d\u2019enqu\u00eat\u00e9s disent que les activit\u00e9s de lutte contre le VIH Sida mise en \u0153uvre par le PNLS renforcent la capacit\u00e9. Suivi de 22,9% qui ont \u00e9crit l\u2019am\u00e9lioration des performances, contre 4,1% qui ont dit l\u2019atteinte des objectifs fix\u00e9s. Pour maintenir et surtout pour am\u00e9liorer les prestations dans le domaine de la Sant\u00e9, les appuis des partenaires et les interventions des services connexes ainsi que les m\u00e9canismes de collaboration entre les services de Sant\u00e9 doivent \u00eatre coordonn\u00e9s par le Minist\u00e8re de la Sant\u00e9. Un cadre organisationnel sp\u00e9cifique et des m\u00e9canismes de gestion transparente devront \u00eatre mis en place avec la participation de la population, des professionnels de Sant\u00e9 et des repr\u00e9sentants des intervenants du secteur de la Sant\u00e9. Les priv\u00e9s, les ONG et les soci\u00e9t\u00e9s savantes participeront \u00e0 la gestion des services de Sant\u00e9 \u00e0 travers les organes de participation communautaire (Comit\u00e9 de Sant\u00e9, Conseil d\u2019administration, Comit\u00e9 de Gestion). Les r\u00e9sultats de notre \u00e9tude confirment ceux de M.Basle, 2005.<\/p>\n<p>Les donn\u00e9es de notre \u00e9tude indiquent 35,4% des enqu\u00eat\u00e9s d\u00e9plorent la faible allocation des ressources dans la lutte en fonction du domaine d\u2019intervention. Les r\u00e9sultats de notre \u00e9tude confirment ceux trouv\u00e9s par (B.SENKER et Al, 2024) selon lequel la finance a \u00e9t\u00e9 reconnue comme moteur de la croissance \u00e9conomique. Unicef et OMS<em>, <\/em> ont \u00e9tabli le lien \u00e9troit entre la finance et la r\u00e9duction de la pauvret\u00e9. L\u2019acc\u00e8s aux services financier est d\u2019ailleurs consid\u00e9r\u00e9 comme un aspect important du d\u00e9veloppement. Et il pr\u00e9cise encore qu\u2019une meilleure accessibilit\u00e9 financi\u00e8re permet d\u2019am\u00e9lior\u00e9 les conditions de vie sur plusieurs plans\u00a0: nutrition, sant\u00e9, \u00e9ducation et habitat et permet de lutter efficacement contre les maladies de masse et pand\u00e9miques, (SENKER B. et Al,2023).aussi, L\u2019Etat, doit financer les services publics pour permettre aux programmes de mieux coordonner la mise en \u0153uvre des activit\u00e9s de promotion de la sant\u00e9.<\/p>\n<p>D\u2019un c\u00f4t\u00e9 on trouve la conception de la <em>\u00ab\u00a0sant\u00e9 pour tous\u00a0\u00bb<\/em>, affirm\u00e9e avec toute \u00e9nergie par l\u2019OMS qui consiste \u00e0 assurer \u00e0 chacun le libre acc\u00e8s aux soins de sant\u00e9 que son \u00e9tat n\u00e9cessite. L\u2019id\u00e9e qui sous \u2013 tend cet objectif est une conception \u00e9galitariste de la justice, \u00e0 chacun selon ses besoins. Le financement des soins de sant\u00e9 qui semble le mieux adapt\u00e9 dans ce cas, est un financement collectif et obligatoire par ELOKO EYA MATANGELO G., (2014).<\/p>\n<p>Les r\u00e9sultats de notre \u00e9tude confirment ceux de comptes nationaux de la sant\u00e9 qui affirment la faible subvention de l\u2019\u00e9tat et des partenaires sur la r\u00e9ussite des activit\u00e9s de lutte contre le VIH-SIDA en disant que le mode de financement des soins de sant\u00e9 \u00e0 l&#8217;\u00e9chelle nationale est d&#8217;une importance capitale pour l&#8217;am\u00e9lioration progressive de la couverture sanitaire universelle (CSU). Les syst\u00e8mes de financement de la sant\u00e9 influencent la disponibilit\u00e9 des services, les b\u00e9n\u00e9ficiaires et la couverture des co\u00fbts. Outre les fonds disponibles, le financement de la sant\u00e9 englobe tout, depuis l&#8217;origine des fonds (d&#8217;o\u00f9 vient l&#8217;argent) jusqu&#8217;au paiement des services de sant\u00e9 (o\u00f9 va l&#8217;argent), et tout ce qui se trouve entre les deux. Un syst\u00e8me de financement des soins de sant\u00e9 performant garantit avant tout que les gens peuvent acc\u00e9der aux services de sant\u00e9 de qualit\u00e9 dont ils ont besoin sans encourir des d\u00e9penses insurmontables.<\/p>\n<p>En effet, selon les r\u00e9sultats des Comptes de la sant\u00e9 2022, le niveau de paiement direct de sant\u00e9 des M\u00e9nages des services et soins de sant\u00e9 est tr\u00e8s \u00e9lev\u00e9e (de 91,73 en 2018 \u00e0 92,0 en 2022), de m\u00eame la d\u00e9pense courante de sant\u00e9 des M\u00e9nages en % de la d\u00e9pense courante de sant\u00e9 (de 45 % en 2018 \u00e0 40,28 % en 2022) d\u00e9passe le Seuil recommand\u00e9 par l&#8217;Organisation mondiale de la Sant\u00e9 (20 % ou 25%). Donc, les M\u00e9nages font face aux d\u00e9penses de sant\u00e9 catastrophiques et appauvrissantes en RDC. Ce niveau \u00e9lev\u00e9 des d\u00e9penses de sant\u00e9 \u00e0 la charge des M\u00e9nages s&#8217;explique par la tr\u00e8s faible couverture des M\u00e9canismes de partage des risques de sant\u00e9 pour les diff\u00e9rentes couches de la population congolaise (8%). Cette approche ouvre la voie, au-del\u00e0 de ce rapport, \u00e0 l\u2019analyse approfondie des donn\u00e9es statistiques financi\u00e8res, \u00e0 l\u2019utilisation de celles-ci par les acteurs de terrain, les partenaires techniques et financiers, les partenaires sociaux et les chercheurs int\u00e9ress\u00e9s.<\/p>\n<p>Il ressort de ce tableau 46,4% d\u2019enqu\u00eat\u00e9s qui sont motiv\u00e9s par suite des encouragements, suivi de 23,2% qui, leur motivation est facteur de l\u2019engagement de l\u2019\u00e9quipe contre 5,3% qui ont mentionn\u00e9 le souci de mieux faire. Nos r\u00e9sultats s\u2019\u00e9cartent de ceux trouv\u00e9 par <strong>Locke et Latham<\/strong> sur a th\u00e9orie de la fixation des objectifs qui cherche \u00e0 savoir comment motiver les gens\u00bb. La solution consiste \u00e0 fixer des objectifs\u00a0; Plus pr\u00e9cis\u00e9ment, \u00abLocke et Latham cit\u00e9 par Morin et Aub\u00e9 (2007), ont d\u00e9velopp\u00e9 la th\u00e9orie de la fixation des objectifs selon laquelle le comportement est intentionnel et la volont\u00e9 d&#8217;agir dans un sens donn\u00e9 r\u00e9sulte d&#8217;abord de l&#8217;existence d&#8217;un objectif \u00e0 poursuivre\u00bb. Les objectifs jouent alors le r\u00f4le de r\u00e9gulateurs du comportement \u00e9tant donn\u00e9 qu&#8217;ils poussent \u00e0 l&#8217;action et dirigent l&#8217;\u00e9nergie vers des activit\u00e9s pr\u00e9cises. Les points essentiels de cette th\u00e9orie sont les suivants\u00a0:<\/p>\n<ul>\n<li>Les personnes qui poursuivent un objectif clair, pr\u00e9cis et difficile ont un meilleur rendement que celles qui n&#8217;ont pas d&#8217;objectifs explicit\u00e9s \u00e0 atteindre.<\/li>\n<li>La performance augmente proportionnellement avec le niveau de difficult\u00e9 de l&#8217;objectif, jusqu&#8217;\u00e0 ce que l&#8217;individu ait atteint la limite de ses comp\u00e9tences ou qu&#8217;il abandonne son objectif.<\/li>\n<li>Les objectifs pr\u00e9cis et difficiles engendrent de meilleurs r\u00e9sultats que les objectifs difficiles, mais flous (ex. ; \u00abfais de ton mieux!\u00bb).<\/li>\n<li>Pour que les objectifs soient efficaces, ils doivent susciter l&#8217;engagement des personnes auxquelles ils ont \u00e9t\u00e9 fix\u00e9s.<\/li>\n<\/ul>\n<p>Bref, \u00ab\u00a0les managers devraient en effet apprendre \u00e0 fixer des objectifs qui soient suffisamment difficiles pour repr\u00e9senter un d\u00e9fi, mais pas trop cependant, dans la mesure o\u00f9 un objectif inatteignable ne peut pas mobiliser les salari\u00e9s, mais au contraire les d\u00e9courager\u00a0\u00bb.<\/p>\n<p>Il ressort de notre \u00e9tude, 87,5% d\u2019enqu\u00eat\u00e9s qui acceptent qu\u2019ils travaillent en \u00e9quipe contre 12,5% qui ne le font pas. Les r\u00e9sultats de notre \u00e9tude confirment ceux trouv\u00e9s par Duffy et Shaw, (2000). Qui, dans une \u00e9tude sur le lien entre la motivation et le travail en \u00e9quipe, pr\u00e9sentent un des avantages du travail en \u00e9quipe est qu&#8217;il permet d&#8217;accomplir certaines t\u00e2ches plus efficacement que ne le feraient des individus isol\u00e9s. Lorsque les membres d&#8217;une \u00e9quipe concentrent leurs \u00e9nergies sur une t\u00e2che commune, la performance de l&#8217;\u00e9quipe est habituellement sup\u00e9rieure \u00e0 la somme de r\u00e9sultats individuels. Alors qu&#8217;elles se restructurent pour mieux affronter la concurrence, les organisations se sont donc orient\u00e9es vers le travail en \u00e9quipes afin d&#8217;exploiter \u00e0 plein les talents de leurs employ\u00e9s.<\/p>\n<p>Il convient ici, de donner un conseil aux autorit\u00e9s et managers du programme national de lutte contre le VIH-SIDA et les IST que, Face aux \u00e9volutions de l&#8217;environnement \u00e9conomique, les managers ont d\u00e9couvert que les \u00e9quipes constituaient des entit\u00e9s plus souples et plus r\u00e9actives que les traditionnels services ou autres regroupements fig\u00e9s. Elles peuvent \u00eatre form\u00e9es, d\u00e9ploy\u00e9es, recentr\u00e9es et dissoutes beaucoup plus rapidement. Malgr\u00e9 ces avantages, il arrive souvent que le simple fait de travailler en \u00e9quipe incite bon nombre de gens \u00e0 faire moins d&#8217;efforts que lorsqu&#8217;ils travaillent seul. Nous qualifions ce ph\u00e9nom\u00e8ne de \u00abparesse sociale\u00a0\u00bb.<\/p>\n<p>Il a \u00e9t\u00e9 observ\u00e9 dans un vaste \u00e9ventail de t\u00e2ches et dans plusieurs pays. On constate, plus pr\u00e9cis\u00e9ment, que plus le nombre de personnes augmente pour accomplir une t\u00e2che, plus la contribution de chacune d&#8217;elles diminue. Cela signifie que lorsqu&#8217;ils travaillent en \u00e9quipe, certains individus diminuent consid\u00e9rablement leur contribution et profitent alors du travail des autres. Ces individus croient que leurs efforts ne feront pas une grande diff\u00e9rence dans le r\u00e9sultat final et qu&#8217;ils toucheront de toute mani\u00e8re leur part des gains d&#8217;\u00e9quipe, peu importe leur niveau d&#8217;effort. La paresse sociale affecte alors n\u00e9gativement la coh\u00e9sion, la motivation et la performance de l&#8217;\u00e9quipe, Duffy et Shaw, (2000).<\/p>\n<p>En outre, le travail en \u00e9quipe favorise g\u00e9n\u00e9ralement la participation de l&#8217;employ\u00e9 aux d\u00e9cisions d&#8217;exploitation. Du point de vue des managers, la popularit\u00e9 des \u00e9quipes s&#8217;explique donc aussi par leur capacit\u00e9 \u00e0 d\u00e9mocratiser l&#8217;organisation et \u00e0 renforcer la motivation des employ\u00e9s. Comme nous l&#8217;avons vu pr\u00e9c\u00e9demment, la motivation au travail est le processus qui active, oriente et maintient les comportements au travail vers l&#8217;atteinte d&#8217;un but. \u00c0 l&#8217;appui de cette d\u00e9finition, il est possible d&#8217;identifier des strat\u00e9gies ou conditions qui permettent de r\u00e9duire ou d&#8217;\u00e9liminer la paresse sociale et de faciliter la performance des \u00e9quipes.<\/p>\n<p><strong>Voici les principes g\u00e9n\u00e9raux qui r\u00e9gissent la motivation de l&#8217;\u00e9quipe au travail: <\/strong><\/p>\n<ul>\n<li><strong>Comprendre les besoins des membres de l&#8217;\u00e9quipe<\/strong>.<\/li>\n<\/ul>\n<p>Selon la th\u00e9orie des besoins de Maslow (1954), la motivation des membres est principalement de satisfaire leurs propres besoins. C&#8217;est seulement en comprenant les diff\u00e9rents besoins des membres des \u00e9quipes, en prenant des mesures appropri\u00e9es de motivation pour des exigences diff\u00e9rentes que les effets de motivation qui peuvent survenir.<\/p>\n<ul>\n<li><strong>Cr\u00e9er un environnement de travail motivant<\/strong>.<\/li>\n<\/ul>\n<p>Les recherches sur la motivation se concentrent de plus en plus sur le lien entre les performances d&#8217;\u00e9quipe et l&#8217;environnement de travail. Il convient de noter que les suggestions suivantes sp\u00e9cifient les types de changement dans les postes les plus susceptibles d&#8217;am\u00e9liorer leur potentiel motivationnel :<\/p>\n<ul>\n<li>(1) combiner les t\u00e2ches (le manager doit s&#8217;attacher \u00e0 rapprocher les t\u00e2ches sp\u00e9cialis\u00e9es et divis\u00e9es existantes pour former un module de travail plus vaste) ;<\/li>\n<li>(2) cr\u00e9er des unit\u00e9s de travail naturelles (par unit\u00e9 de travail naturelle, on entend que les t\u00e2ches qu&#8217;effectue un employ\u00e9 forment un ensemble identifiable et qui fait sens) ;<\/li>\n<li>(3) viser une croissance verticale du travail (une expansion verticale alloue aux employ\u00e9s des responsabilit\u00e9s et un contr\u00f4le qui \u00e9taient auparavant r\u00e9serv\u00e9s au management);<\/li>\n<li>(4) ouvrir les canaux de feed-back.<\/li>\n<li><strong>Concevoir des t\u00e2ches attrayantes ou intrins\u00e8quement int\u00e9ressantes.<\/strong><\/li>\n<\/ul>\n<p>Pour \u00eatre motivante, la t\u00e2che confi\u00e9e \u00e0 une \u00e9quipe doit pouvoir cr\u00e9er trois \u00e9tats psychologiques distincts chez les membres: le sentiment d&#8217;accomplir quelque chose de significatif, un sentiment de responsabilit\u00e9 et la connaissance des r\u00e9sultats. Impliquer l&#8217;\u00e9quipe. L&#8217;implication des employ\u00e9s est un processus participatif qui exploite le plein potentiel des salari\u00e9s et est con\u00e7u pour encourager leur implication dans le succ\u00e8s de l&#8217;\u00e9quipe (Robbins &amp; Judge, 2006). La logique qui sous-tend ce processus repose sur l&#8217;id\u00e9e selon laquelle le fait de permettre aux \u00e9quipes de d\u00e9terminer elles-m\u00eames leurs propres objectifs r\u00e9duit les possibilit\u00e9s de paresse sociale.<\/p>\n<ul>\n<li><strong>R\u00e9mun\u00e9rer les membres de mani\u00e8re appropri\u00e9e et significative en se basant sur la comp\u00e9tence.<\/strong><\/li>\n<\/ul>\n<p>Les r\u00e9mun\u00e9rations bas\u00e9es sur la comp\u00e9tence sont une alternative aux r\u00e9mun\u00e9rations bas\u00e9es sur l&#8217;emploi. Le salaire ne d\u00e9pend plus du grade du poste, mais est fonction des comp\u00e9tences de l&#8217;employ\u00e9 ou de la quantit\u00e9 d&#8217;activit\u00e9s diff\u00e9rentes qu&#8217;il pourrait assurer. Les plans de r\u00e9mun\u00e9ration bas\u00e9s sur la comp\u00e9tence sont en harmonie avec plusieurs th\u00e9ories de la motivation, leur propension \u00e0 encourager les individus \u00e0 acqu\u00e9rir des connaissances, \u00e0 \u00e9largir leur champ de comp\u00e9tences et \u00e0 progresser, les situe dans la logique de la th\u00e9orie ERD.<\/p>\n<ul>\n<li><strong>\u00c9valuer et informer r\u00e9guli\u00e8rement l&#8217;\u00e9quipe sur sa performance.<\/strong><\/li>\n<\/ul>\n<p>Les \u00e9quipes performantes \u00e9valuent p\u00e9riodiquement les r\u00e9sultats de leur travail et la contribution de chacun des membres, et cela, d\u00e8s le stade de formation de l&#8217;\u00e9quipe. Pour \u00eatre efficace, un syst\u00e8me d&#8217;\u00e9valuation d&#8217;\u00e9quipe doit cr\u00e9er un \u00e9quilibre entre le fait d&#8217;encourager la performance individuelle et celui de favoriser la coh\u00e9sion et la coop\u00e9ration permettant une performance d&#8217;\u00e9quipe. Toute cette litt\u00e9rature explique que r\u00e9ussite dans la mise en \u0153uvre des activit\u00e9s d\u2019une organisation \u00e0 titre d\u2019exemple au programme National de lutte contre les VIH-SIDA et les infections sexuellement transmissibles de la R\u00e9publique D\u00e9mocratique du Congo, est associ\u00e9e \u00e0 au travail d\u2019une \u00e9quipe hautement qualifi\u00e9e et motiv\u00e9e.<\/p>\n<p>Il ressort de notre \u00e9tude, 76,7% qui affirment le d\u00e9roulement des r\u00e9unions de service, contre 23,2% qui disent la non existence des r\u00e9unions de service. Dans l\u2019administration publique, normalement, la tenue des r\u00e9unions de service offre des comp\u00e9tences et performances a l\u2019\u00e9quipe non seulement et am\u00e9liore la qualit\u00e9 du travail puis, permet au chef de recadrer les choses. Il est inconcevable de constater que dans une \u00e9tude men\u00e9e dans une organisation \u00e9tatique que, 23% d\u2019enqu\u00eat\u00e9s disent que les r\u00e9unions de l\u2019\u00e9quipe et du service ne soient tenues. Ces r\u00e9sultants confirment Les paroles de KAMINAR,2020, dans un s\u00e9minaire de m\u00e9moire de DEA, \u00e0 la facult\u00e9 des sciences politiques, sociales et Administratives de l\u2019universit\u00e9 de Kinshasa en mati\u00e8res d\u2019 identification des facteurs qui ont un impact sur la performance au travail que les qualit\u00e9s personnelles sont les principaux facteurs de performance au travail, alors que d&#8217;autres soutiennent que la structure organisationnelle est un des facteurs importants de performance. En outre, certains chercheurs sugg\u00e8rent l&#8217;interaction entre les caract\u00e9ristiques personnelles et la structure organisationnelle pour expliquer la performance.<\/p>\n<p>\u00c0 cet \u00e9gard, KAMINAR(2020), pr\u00e9sente certains facteurs susceptibles d&#8217;affecter la performance au travail. Ces facteurs peuvent \u00eatre divis\u00e9s en trois cat\u00e9gories. D&#8217;une part, la Motivation au travail aurait un impact. Ensuite, les comp\u00e9tences et les capacit\u00e9s de la personne seraient aussi \u00e0 consid\u00e9rer. Finalement, la perception du r\u00f4le, soit la perception des individus quant au r\u00f4le n\u00e9cessaire \u00e0 l&#8217;accomplissement de leur travail, affecterait la performance.<\/p>\n<p>KATUNDA M.,(2020) dans un document intitul\u00e9, histoire de la pens\u00e9e administrative a \u00e9galement identifi\u00e9 des facteurs d\u00e9terminants de performance: la capacit\u00e9, le feedback, les r\u00e9unions de service, la volont\u00e9 et l&#8217;occasion. Il indique que les recherches ant\u00e9rieures omettent les facteurs environnementaux dans l&#8217;explication de la performance au travail. Comme les facteurs environnementaux ne peuvent pas expliquer totalement le ph\u00e9nom\u00e8ne de performance, ils ont int\u00e9gr\u00e9 des r\u00e9sultats d&#8217;\u00e9tudes d&#8217;ann\u00e9es ant\u00e9rieures couvrant les facteurs personnels (la capacit\u00e9 et\u00b7 la volont\u00e9) en plus des facteurs environnementaux (l&#8217;occasion). Parmi eux, le facteur de capacit\u00e9 inclut l&#8217;\u00e2ge, la sant\u00e9, les connaissances, les comp\u00e9tences, l&#8217;intelligence, le niveau d&#8217;\u00e9ducation, etc. Le facteur de volont\u00e9 comprend la motivation, la satisfaction au travail, l&#8217;anxi\u00e9t\u00e9, etc. Le facteur d&#8217;occasion inclut la fourniture du mat\u00e9riel, le comportement du personnel, le leadership, l&#8217;assistance, les proc\u00e9dures de l&#8217;organisation, l&#8217;information, le temps, etc. <a id=\"post-4106-_Toc117089575\"><\/a><a id=\"post-4106-_Toc161046764\"><\/a><a id=\"post-4106-_Toc74528121\"><\/a><a id=\"post-4106-_Toc81257091\"><\/a><a id=\"post-4106-_Toc67185195\"><\/a><a id=\"post-4106-_Toc38527200\"><\/a><a id=\"post-4106-_Toc63719580\"><\/a><a id=\"post-4106-_Toc38527067\"><\/a><\/p>\n<h4>Il ressort de notre \u00e9tude, une opacit\u00e9 et une mauvaise gestion des intrants et mat\u00e9riels de travail, 48,2% ont r\u00e9pondu que la gestion des intrants est m\u00e9diocre. 55,3% ont vot\u00e9 pour une gestion assez bonne, alors que 76,7% ont dit qu\u2019ils observent une bonne gestion de temps. Il est n\u00e9cessaire de comprendre dans une organisation que la bonne gestion rel\u00e8ve des facteurs divers. En effet, Parlant du lien entre la motivation et la performance et la bonne gouvernance et consid\u00e9rant la motivation associ\u00e9e \u00e0 l\u2019\u00e9thique de responsabilit\u00e9 des leaders, des agents et acares d\u2019une organisation, cas de la n\u00f4tre,<\/h4>\n<p>nous savons qu&#8217;elle constitue un moyen d&#8217;atteindre un but particulier. Elle rel\u00e8ve notamment des besoins des individus. D&#8217;un point de vue de gestion, il s&#8217;agit donc de r\u00e9pondre aux besoins du personnel et de promouvoir ses efforts pour l&#8217;atteinte les objectifs organisationnels. La motivation a un r\u00f4le tr\u00e8s important pour mobiliser l&#8217;enthousiasme du personnel, pour r\u00e9aliser excellemment les objectifs fix\u00e9s et pour am\u00e9liorer continuellement la performance au travail. \u00c0 l&#8217;heure actuelle, dans un environnement concurrentiel, afin de se d\u00e9velopper, les entreprises doivent constamment am\u00e9liorer leur comp\u00e9titivit\u00e9. La motivation du personnel devient fondamentale pour avoir acc\u00e8s \u00e0 son plein potentiel. \u00c0 cette fin, les gestionnaires sont appel\u00e9s \u00e0 agir sur les facteurs de motivation afin d&#8217;inciter plus de gens \u00e0 travailler volontairement pour atteindre les objectifs organisationnels et am\u00e9liorer consid\u00e9rablement les performances, A.H. NKWIMI,(2019).<\/p>\n<p>Il convient de signaler que dans cette \u00e9tude, 78 % des enqu\u00eat\u00e9s disent que la qualit\u00e9 de r\u00e9mun\u00e9ration au PNLS est tellement modique cela a de l\u2019impact sur le rendement du travailleur. En comparaison des r\u00e9sultats d\u2019A.H.NKWIMI (2022), ces r\u00e9sultats des \u00e9tudes indiquent, en effet, que l&#8217;utilisation de strat\u00e9gies appropri\u00e9es de motivation peut am\u00e9liorer les performances et la gestion\u00a0; Il est g\u00e9n\u00e9ralement admis que lorsque le niveau de motivation est plus \u00e9lev\u00e9, meilleures sont l\u2019\u00e9thique de responsabilit\u00e9 et la performance. Cet argument est juste en un sens, mais pas absolu.<\/p>\n<p>Les raisons sp\u00e9cifiques sont les suivantes, Luda et al.(2017)\u00a0:<\/p>\n<ol>\n<li>Des niveaux \u00e9lev\u00e9s et faibles de motivation peuvent affecter n\u00e9gativement la performance au travail, seule la motivation mod\u00e9r\u00e9e et r\u00e9aliste peut mobiliser l&#8217;enthousiasme du personnel au travail pour l&#8217;am\u00e9lioration des performances\u00a0;<\/li>\n<li>La motivation est un des nombreux facteurs importants influen\u00e7ant la performance (autrement dit, la performance au travail est un r\u00e9sultat de nombreux facteurs objectifs et subjectifs, y compris la motivation) ;<\/li>\n<li>La motivation affecte la performance au travail, et \u00e0 son tour, la performance au travail affecte \u00e9galement la motivation, sous certaines conditions, la motivation et la performance se renfor\u00e7ant mutuellement.<\/li>\n<\/ol>\n<p>Il ressort de des r\u00e9sultats de notre \u00e9tude, 96,4% connaissent les partenaires financiers qui travaillent en collaboration avec le PNLS dont 96,4% d\u2019enqu\u00eat\u00e9s connaissent PEPFAR et le Fond Mondial comme partenaires financiers suivi de l\u2019OMS, 85,7%.<\/p>\n<p>Les donn\u00e9es de notre \u00e9tude renseignent que 66% d\u2019enqu\u00eat\u00e9s ne partent pas en formation de renforcement des capacit\u00e9s contre 33,9% qui y vont r\u00e9guli\u00e8rement. Cette r\u00e9alit\u00e9 est triste dans le sens que la formation et recyclage du personnel renforcent les performances des agents dans une organisation. Il convient de demander aux autorit\u00e9s administratives et financi\u00e8res du PNLS\/RDC de pr\u00e9voir dans leur calendrier d\u2019activit\u00e9s des fonds allou\u00e9s pour la formation et le renforcement de capacit\u00e9 de tous les agents en internes comme en externe car, ces formations d\u2019une importance capitale.<\/p>\n<p>Il ressort de ce tableau, 46,4% d\u2019enqu\u00eat\u00e9s qui disent que lors des conflits, Le chef du personnel et l\u2019Administrateur entendent les agents en cas des conflits suivis de 28,7% qui ont dit que nous utilisons les r\u00e9gimes disciplinaires car, nous sommes agent de l\u2019Etat.<\/p>\n<p>Les donn\u00e9es de ce tableau d\u00e9montrent, 42,8% d\u2019enqu\u00eat\u00e9s qui disent que lors d\u2019une perte d\u2019un bien, les autorit\u00e9s initient une enqu\u00eate, un audit et l\u2019ouverture d\u2019une action disciplinaire si n\u00e9cessaire.<\/p>\n<p>Parlant des souhaits des enqu\u00eat\u00e9s, il est curieux que dans une organisation comme la n\u00f4tre que 96,4% d\u2019enqu\u00eat\u00e9s Souhaitent pour la bonne gouvernance des ressources au PNLS, les autorit\u00e9s locales ,publiques et \u00e9tatiques doivent utiliser les b\u00e2tons au lieu de carottes, Recours sans faille aux textes r\u00e8glementaires, Bonne motivation du personnel( d\u00e9velopper la politique d\u2019\u00e9coute du personnel, pr\u00e9voir une boite \u00e0 suggestion, octroyer la prime du FM \u00e0 tous, envoyer les cadres et tous les agents en formation de renforcement des capacit\u00e9s), Restaurer l\u2019autorit\u00e9 PNLS( discipline ), Les structures de PNLS depuis sa cr\u00e9ation, plus de 20ans d\u00e9j\u00e0, sont devenues obsol\u00e8tes. Faudrait mettre en place des nouvelles structures. On ne peut pas chang\u00e9 les r\u00e9sultats vers la performances en gardant les m\u00eames strat\u00e9gies, les m\u00eames structures et les m\u00eames m\u00e9thodes, Les autorit\u00e9s doivent cultiver les qualit\u00e9s d\u2019un manager, Financer les activit\u00e9s orphelins, R\u00e9duire les effectifs et Am\u00e9liorer les conditions de travail pour les agents et cadres (salles, bureaux,\u2026), Partager les informations financi\u00e8res \u00e0 temps r\u00e9el\u00a0,Mettre en place un m\u00e9canisme de d\u00e9caissement rapide pour la mise en \u0153uvre des activit\u00e9s de lutte afin de respecter le PTT et la p\u00e9riodicit\u00e9,\u00a0Rendre disponibles les ordres de service \u00e0 temps utile pour les activit\u00e9s, Tenir compte du timing de la planification des activit\u00e9s, Acc\u00e9l\u00e9rer les proc\u00e9dures de d\u00e9caissement de fonds en faveur de la BPC, Doter le BPC des outils de gestion RH manquant et les diff\u00e9rents centres doivent collaborer parfaitement avec la direction nationale surtout avec la direction des ressource humaines, administratives et financi\u00e8res.<\/p>\n<p>Il convient de confirmer dans la litt\u00e9raire qu\u2019une mauvaise gouvernance peut entra\u00eener diverses cons\u00e9quences n\u00e9gatives pour les organisations, les \u00e9conomies et les individus. Voici quelques-unes des cons\u00e9quences possibles :<\/p>\n<ol>\n<li><strong>Instabilit\u00e9 \u00e9conomique<\/strong>\u00a0: Une mauvaise gestion financi\u00e8re peut entra\u00eener des d\u00e9s\u00e9quilibres budg\u00e9taires, des d\u00e9ficits publics et une instabilit\u00e9 macro\u00e9conomique.<\/li>\n<li><strong>Perte de confiance<\/strong>\u00a0: Lorsque les parties prenantes (investisseurs, cr\u00e9anciers, employ\u00e9s, etc.) perdent confiance dans la gestion financi\u00e8re, cela peut entra\u00eener une fuite des capitaux, une baisse des investissements et une d\u00e9t\u00e9rioration de la r\u00e9putation de l\u2019organisation.<\/li>\n<li><strong>Inefficacit\u00e9 op\u00e9rationnelle<\/strong>\u00a0: Une mauvaise allocation des ressources financi\u00e8res peut entra\u00eener un gaspillage, des co\u00fbts excessifs et une inefficacit\u00e9 op\u00e9rationnelle.<\/li>\n<li><strong>Corruption et fraude<\/strong>\u00a0: Une gouvernance financi\u00e8re d\u00e9faillante peut favoriser la corruption, les d\u00e9tournements de fonds et les pratiques frauduleuses.<\/li>\n<li><strong>Faillite d\u2019entreprises<\/strong>\u00a0: Une mauvaise gestion financi\u00e8re peut conduire \u00e0 la faillite d\u2019entreprises, mettant en p\u00e9ril les emplois et l\u2019\u00e9conomie locale.<\/li>\n<li><strong>Impact sur le d\u00e9veloppement durable<\/strong>\u00a0: Une gouvernance financi\u00e8re inad\u00e9quate peut entraver le d\u00e9veloppement durable en limitant les investissements dans des projets socialement responsables et \u00e9cologiquement durables.<\/li>\n<\/ol>\n<p>En somme, une bonne gouvernance financi\u00e8re est essentielle pour assurer la stabilit\u00e9, la confiance et la croissance \u00e9conomique.<\/p>\n<ul>\n<li><strong>La litt\u00e9rature nous renseigne de quelques exemples dans l\u2019histoire de la mauvaise gouvernance financi\u00e8re, \u00e0 savoir\u00a0: <\/strong><\/li>\n<\/ul>\n<ol>\n<li><strong>Scandale Enron<\/strong>\u00a0: Le scandale Enron dans les ann\u00e9es 2000 a r\u00e9v\u00e9l\u00e9 des pratiques comptables douteuses et une mauvaise gouvernance au sein de l\u2019entreprise.\u00a0<a href=\"https:\/\/corpgov.law.harvard.edu\/2010\/02\/28\/corporate-governance-and-the-financial-crisis-causes-and-cures\/\">Enron a finalement fait faillite, entra\u00eenant des pertes financi\u00e8res pour les investisseurs et des cons\u00e9quences \u00e9conomiques plus larges<\/a> (<a href=\"https:\/\/corpgov.law.harvard.edu\/contributor\/theodore-mirvis\/\">Theodore N. Mirvis<\/a>,\u00a0<a href=\"https:\/\/corpgov.law.harvard.edu\/lawfirm\/wachtell-lipton\/\">Wachtell Lipton<\/a>,2010).<\/li>\n<li><strong>Insolvabilit\u00e9 de Wirecard<\/strong>\u00a0: Wirecard, une ancienne entreprise fintech allemande du DAX 30, a fait faillite en 2020 apr\u00e8s la d\u00e9couverte d\u2019une fraude comptable massive.\u00a0<a href=\"https:\/\/corpgov.law.harvard.edu\/2010\/02\/28\/corporate-governance-and-the-financial-crisis-causes-and-cures\/\">Cela a \u00e9branl\u00e9 la confiance des march\u00e9s financiers et a eu des r\u00e9percussions sur les investisseurs et l\u2019\u00e9conomie<\/a>, (Hirschler, <a href=\"https:\/\/link.springer.com\/article\/10.1007\/s11301-021-00244-7&quot; \\l &quot;ref-CR68&quot; \\o &quot;Hirschler K (2021) Bilanzpolitik und Bilanzbetrug Eine Abgrenzung. Recht Und Rechnungswesen (RWZ) 31:209\u2013212\">2021<\/a>).<\/li>\n<li><strong>Crise financi\u00e8re de 2007-2009<\/strong>\u00a0: La crise mondiale a \u00e9t\u00e9 en partie attribu\u00e9e \u00e0 une mauvaise gouvernance d\u2019entreprise.\u00a0<a href=\"https:\/\/corpgov.law.harvard.edu\/2010\/02\/28\/corporate-governance-and-the-financial-crisis-causes-and-cures\/\">Des facteurs tels que l\u2019absence de responsabilit\u00e9 des conseils d\u2019administration envers les actionnaires, des niveaux de r\u00e9mun\u00e9ration inappropri\u00e9s et des contr\u00f4les de gestion des risques insuffisants ont contribu\u00e9 \u00e0 la crise<\/a><sup><a href=\"https:\/\/link.springer.com\/chapter\/10.1057\/9781137328878_13&quot; \\t &quot;_blank\">3<\/a><\/sup>.<\/li>\n<\/ol>\n<p><a href=\"https:\/\/corpgov.law.harvard.edu\/2010\/02\/28\/corporate-governance-and-the-financial-crisis-causes-and-cures\/\">Ces exemples soulignent l\u2019importance d\u2019une gouvernance financi\u00e8re solide pour la stabilit\u00e9 \u00e9conomique et la confiance des investisseurs, (,2010).\u00a0<\/a><\/p>\n<p>Dans les lignes qui suivent, nous vous pr\u00e9senterons les conclusions de notre \u00e9tude scientifique.<\/p>\n<p><strong>5. CONCLUSION<\/strong><\/p>\n<p>Il est clair de comprendre que a probl\u00e9matique de la bonne gouvernance ax\u00e9e sur r\u00e9sultats est nous impose une \u00e9thique de responsabilit\u00e9. A la lecture des r\u00e9alit\u00e9s pratiques observables au PNLS, surtout sur la gestion des ressources financi\u00e8res des allou\u00e9es pour les activit\u00e9s de lutte contre le VIH-Sida et les IST, nous nous sommes pos\u00e9s les questions ci-apr\u00e8s\u00a0: \u00ab\u00a0<strong>Quelle est la qualit\u00e9 de la gestion du financement de sant\u00e9 allou\u00e9 pour les activit\u00e9s de lutte contre le VIH-SIDA au PNLS<\/strong>\u00a0? \u00bb De cette question en d\u00e9coulaient trois autres :\u00a0Les autorit\u00e9s et gestionnaires du niveau central, accordent-ils de la valeur \u00e0 l\u2019efficacit\u00e9 des activit\u00e9s<strong> ?,<\/strong>Si, pas tout \u00e0 fait d\u2019accord, Comment augmenter les prises des d\u00e9cisions en mati\u00e8res d\u2019\u00e9thiques de responsabilit\u00e9 relatives \u00e0 bonne gestion des ressources humaines, Mat\u00e9rielles, financi\u00e8res et temps allou\u00e9es par les partenaires pour la r\u00e9ussite des activit\u00e9s au niveau central<strong>\u00a0?,<\/strong>Quelles sont les difficult\u00e9s rencontr\u00e9es pendant la mise en \u0153uvre des activit\u00e9s de la lutte contre le VIH-SIDA par le PNLS de 2020-2022\u00a0?<\/p>\n<p>Nous partions des hypoth\u00e8ses subjectives selon lesquelles, la qualit\u00e9 de la gestion du financement de sant\u00e9 allou\u00e9 pour les activit\u00e9s de lutte contre le VIH-SIDA au PNLS\u00a0ne serait pas participative, inclusive et de bonne qualit\u00e9. Nous pensons qu\u2019\u00e0 la vue des climats des affaires et du travail qui r\u00e8gne au programme national de lutte contre le VIH-SIDA, surtout lors de la mise en \u0153uvre des activit\u00e9s de lutte, Les autorit\u00e9s et gestionnaires du niveau central, chacun en ce qui le concerne, n\u2019accorderait pas totalement de la valeur \u00e0 l\u2019efficacit\u00e9 des activit\u00e9s. Aussi, il convient de noter que pour augmenter les prises des d\u00e9cisions en mati\u00e8res d\u2019\u00e9thiques de responsabilit\u00e9 relatives \u00e0 bonne gestion des ressources humaines, Mat\u00e9rielles, financi\u00e8res et temporelles allou\u00e9es par les partenaires pour la r\u00e9ussite des activit\u00e9s au niveau central<strong>\u00a0<\/strong>PNLS, le travail en \u00e9quipe, la motivation et les 4P du marketing Mix constitueraient des atouts pour la performance des activit\u00e9s et de la gouvernance de l\u2019organisation. Les difficult\u00e9s rencontr\u00e9es pendant la mise en \u0153uvre des activit\u00e9s de la lutte contre le VIH-SIDA par le PNLS de 2020-2022 seraient d\u2019ordre humain, mat\u00e9riel, financier et temporel associ\u00e9s \u00e0 la situation organisationnelle.<\/p>\n<p>Le probl\u00e8me majeur de notre \u00e9tude \u00e9tait les diff\u00e9rentes pr\u00e9occupations et questions que se posaient particuli\u00e8rement les professionnels et administratifs de sant\u00e9 travaillant dans la lutte contre le sida qui, les uns sur le travail en \u00e9quipe, la qualit\u00e9 de gestion des ressources du programme, les difficult\u00e9s rencontr\u00e9es dans la mise en \u0153uvres des activit\u00e9s de la lutte contre le Vih-Sida alors que les autres se demandent si les autorit\u00e9s et gestionnaires des diff\u00e9rentes directions et bureaux agissent et d\u00e9cident tenant compte de l\u2019\u00e9thique de responsabilit\u00e9 et s\u2019en soucient-ils de la bonne gouvernance pour la satisfaction des consommateurs des services et la confiance renouvelable des partenaires\u2026 Or, la bonne gouvernance se justifierait par la qualit\u00e9 des services que offrent les services comp\u00e9tents au profit des b\u00e9n\u00e9ficiaires pendant la supervision int\u00e9gr\u00e9e dans les vingt-six divisions provinciales, la supervision sp\u00e9cifique PTME,TB-VIH,DAF,HUB, pendant la formation des formateurs, des prestataires et suivi communautaires, pendant les r\u00e9unions des groupes techniques des populations cl\u00e9s, suivi et \u00e9valuation des PTME\u2026 et la surveillance \u00e9pid\u00e9miologique aussi, pour des services administratives et financi\u00e8res li\u00e9s \u00e0 la gestion de ressources humaines, mat\u00e9rielles, financi\u00e8res et du secr\u00e9tariat des directions. Pour atteindre l\u2019objectif g\u00e9n\u00e9ral de cette recherche, nous nous sommes fix\u00e9s les objectifs sp\u00e9cifiques suivants\u00a0;Par la revue de la litt\u00e9rature, pr\u00e9senter Le programme National de la lutte contre le Sida, ses forces et faiblisses dans la bonne gouvernance associ\u00e9es \u00e0 l\u2019\u00e9thique de responsabilit\u00e9 ;Relever l\u2019\u00e9cart entre la demande des services par la communaut\u00e9 et la qualit\u00e9 de l\u2019offre de services \u00a0 en terme d\u2019opinion des agents sur la gestion sur le qualit\u00e9 de la gestion des ressources humaines, mat\u00e9rielles, financi\u00e8res et du temps dans le chef des autorit\u00e9s du niveau central au PNLS, Analyser l\u2019efficacit\u00e9 de gestion et difficult\u00e9s rencontr\u00e9es pendant la mise en \u0153uvre des activit\u00e9s de la lutte contre le VIH SIDA par le PNLS de 2020-2022 Etude\u00a0, Evaluer l\u2019Impact de l\u2019apport des partenaires du PNLS et du travail en \u00e9quipe dans la bonne gouvernance des ressources humaines, Mat\u00e9rielles, financi\u00e8res et temps pendant les ativit\u00e9s de lutte contre le Sida au PNLS.<\/p>\n<p>Notre \u00e9tude s\u2019est d\u00e9roul\u00e9e au programme national de lutte contre le VIH-SIDA et les IST au niveau central et ses entit\u00e9s d\u00e9centralis\u00e9es. Dans cette \u00e9tude, nous avions utilis\u00e9s les m\u00e9thodes Syst\u00e9miques, descriptives et d\u2019enqu\u00eate qui nous ont aid\u00e9s \u00e0 l\u2019examen, \u00e0 la description et l\u2019analyse de la partie pratique aussi, de la m\u00e9thode du Syst\u00e8me des Comptes de la Sant\u00e9 (SHA 2011), bas\u00e9e sur une nomenclature et une classification internationale fine et d\u00e9taill\u00e9e de la d\u00e9pense de sant\u00e9&#8230; Nous nous sommes servis aussi de la statistique pour la tabulation des donn\u00e9es et l\u2019interpr\u00e9tation des r\u00e9sultats. Les techniques documentaires et l\u2019interview guid\u00e9e ont \u00e9t\u00e9s utilis\u00e9es dans cette \u00e9tude et nous a servis dans le d\u00e9roulement du processus de collecte des donn\u00e9es. Apres la collecte, l\u2019interpr\u00e9tation et l\u2019analyse des donn\u00e9es, nous avons trouv\u00e9s les r\u00e9sultats ci-apr\u00e8s\u00a0:<\/p>\n<p><strong>5.1. Situation sociod\u00e9mographique des enqu\u00eat\u00e9s.<\/strong><\/p>\n<ul>\n<li>Il ressort de notre \u00e9tude, 52% soient 29 enqu\u00eat\u00e9s ont l\u2019\u00e2ge allant de 55 \u00e0 64 ans. Suivi de 26,7% qui ont 45 \u00e0 54 ans.<\/li>\n<li>Il ressort de cette \u00e9tude 92,8% d\u2019enqu\u00eat\u00e9s sont du sexe masculin.<\/li>\n<li>Il ressort de ce tableau 78,5% des agents qui sont mari\u00e9s.<\/li>\n<li>L\u2019analyse de ce tableau d\u00e9montre que 66% sont universitaires alors que 48,2% ont fait l\u2019\u00e9cole secondaire,<\/li>\n<li>83,9% d\u2019enqu\u00eat\u00e9s sont agents d\u2019Etat,<\/li>\n<li>60,7% ont fait 1 \u00e0 5 ans au PNLS, suivi de 30,3% qui ont 6 \u00e0 10 ans contre 8,9% qui ont 11 ans et plus.<\/li>\n<li>33,9% des enqu\u00eat\u00e9s sont protestants, suivi de 30,3% qui sont catholiques, alors que 3,5% confessent autres fois.<\/li>\n<\/ul>\n<p>Les situations sociod\u00e9mographiques des enqu\u00eat\u00e9s prouvent \u00e0 suffisance qu\u2019ils ont un niveau d\u2019\u00e9tude avanc\u00e9 qui leur permet de mieux exercer leurs fonctions dans cette organisation.<\/p>\n<p><strong>5.1.1. Mati\u00e8res en rapport avec notre \u00e9tude<\/strong><\/p>\n<ul>\n<li>L\u2019analyse de ce tableau stipule que 48 des enqu\u00eat\u00e9s soient 85,7% ont d\u00e9j\u00e0 particip\u00e9 aux activit\u00e9s de lutte contre le VIH organis\u00e9es par le PNLS.<\/li>\n<li>Certains confirment avoir particip\u00e9 \u00e0 l\u2019atelier de formation, suivi de 87,5% qui ont particip\u00e9 \u00e0 la supervision trimestrielle.<\/li>\n<li>L\u2019analyse de la majorit\u00e9 des tableaux, stipule que l\u2019\u00e9valuation des activit\u00e9s a \u00e9t\u00e9 bonne au-del\u00e0 de quelques cas isol\u00e9s de mauvaise \u00e9valuation.<\/li>\n<li>Il ressort de notre \u00e9tude, 62,5% d\u2019enqu\u00eat\u00e9s qui disent qu\u2019ils n\u2019ont pas particip\u00e9s aux activit\u00e9s de la lutte contre le VIH parce qu\u2019ils sont de la division administrative.<\/li>\n<li>Les donn\u00e9es de ce tableau indiquent 35,4% des enqu\u00eat\u00e9s d\u00e9plorent la faible allocation des ressources dans la lutte en fonction du domaine d\u2019intervention<\/li>\n<li>Il ressort de ce tableau 46,4% d\u2019enqu\u00eat\u00e9s qui sont motiv\u00e9s par suite des encouragements, suivi de 23,2% qui, leur motivation est facteur de l\u2019engagement de l\u2019\u00e9quipe contre 5,3% qui ont mentionn\u00e9 le souci de mieux faire.<\/li>\n<li>Il ressort de notre \u00e9tude, 87,5% d\u2019enqu\u00eat\u00e9s qui acceptent qu\u2019ils travaillent en \u00e9quipe contre 12,5% qui ne le font pas.<\/li>\n<li>Il ressort de notre \u00e9tude, 76,7% qui affirment le d\u00e9roulement des r\u00e9unions de service, contre 23,2% qui disent la non existence des r\u00e9unions de service.<\/li>\n<li>Il ressort de notre \u00e9tude, une opacit\u00e9 et une mauvaise gestion des intrants et mat\u00e9riels de travail, 48,2% ont r\u00e9pondu que la gestion des intrants est m\u00e9diocre. 55,3% ont vot\u00e9 pour une gestion assez bonne, alors que 76,7% ont dit qu\u2019ils observent une bonne gestion de temps.<\/li>\n<li>Il convient de signaler que dans cette \u00e9tude, 78 % des enqu\u00eat\u00e9s disent que la qualit\u00e9 de r\u00e9mun\u00e9ration au PNLS est tellement modique cela a de l\u2019impact sur le rendement du travailleur.<\/li>\n<li>Il ressort de des r\u00e9sultats de notre \u00e9tude,96,4% connaissent les partenaires financiers qui travaillent en collaboration avec le PNLS dont 96,4% d\u2019enqu\u00eat\u00e9s connaissent PEPFAR et le Fond Mondial comme partenaires financiers suivi de l\u2019OMS,85,7%.<\/li>\n<li>Les donn\u00e9es de ce tableau nous renseignent que 66% d\u2019enqu\u00eat\u00e9s ne partent pas en formation de renforcement des capacit\u00e9s contre 33,9% qui y vont r\u00e9guli\u00e8rement.<\/li>\n<li>Il ressort de ce tableau, 46,4% d\u2019enqu\u00eat\u00e9s qui disent que lors des conflits, Le chef du personnel et l\u2019Administrateur entendent les agents en cas des conflits suivis de 28,7% qui ont dit que nous utilisons les r\u00e9gimes disciplinaires car, nous sommes agents de l\u2019Etat.<\/li>\n<li>Les donn\u00e9es de ce tableau d\u00e9montrent, 42,8% d\u2019enqu\u00eat\u00e9s qui disent que lors d\u2019une perte d\u2019un bien, les autorit\u00e9s initient une enqu\u00eate, un audit et l\u2019ouverture d\u2019une action disciplinaire si n\u00e9cessaire.<\/li>\n<li>Parlant des souhaits des enqu\u00eat\u00e9s, il est curieux que dans une organisation comme la n\u00f4tre que 96,4% d\u2019enqu\u00eat\u00e9s Souhaitent pour la bonne gouvernance des ressources au PNLS, les autorit\u00e9s locales, publiques et \u00e9tatiques doivent utiliser les b\u00e2tons au lieu de carottes, Recours sans faille aux textes r\u00e8glementaires, Bonne motivation du personnel( d\u00e9velopper la politique d\u2019\u00e9coute du personnel, pr\u00e9voir une boite \u00e0 suggestion, octroyer la prime du FM \u00e0 tous, envoyer les cadres et tous les agents en formation de renforcement des capacit\u00e9s), Restaurer l\u2019autorit\u00e9 PNLS( discipline ), Les structures de PNLS depuis sa cr\u00e9ation, plus de 20ans d\u00e9j\u00e0, sont devenues obsol\u00e8tes. Faudrait mettre en place des nouvelles structures. On ne peut pas chang\u00e9 les r\u00e9sultats vers la performances en gardant les m\u00eames strat\u00e9gies, les m\u00eames structures et les m\u00eames m\u00e9thodes, Les autorit\u00e9s doivent cultiver les qualit\u00e9s d\u2019un manager, Financer les activit\u00e9s orphelins, R\u00e9duire les effectifs et Am\u00e9liorer les conditions de travail pour les agents et cadres (salles, bureaux,\u2026), Partager les informations financi\u00e8res \u00e0 temps r\u00e9el\u00a0,Mettre en place un m\u00e9canisme de d\u00e9caissement rapide pour la mise en \u0153uvre des activit\u00e9s de lutte afin de respecter le PTT et la p\u00e9riodicit\u00e9,\u00a0Rendre disponibles les ordres de service \u00e0 temps utile pour les activit\u00e9s, Tenir compte du timing de la planification des activit\u00e9s, Acc\u00e9l\u00e9rer les proc\u00e9dures de d\u00e9caissement de fonds en faveur de la BPC, Doter le BPC des outils de gestion RH manquant et les diff\u00e9rents centres doivent collaborer parfaitement avec la direction nationale surtout avec la direction des ressource humaines, administratives et financi\u00e8res.<\/li>\n<\/ul>\n<p>Il convient de confirmer dans la litt\u00e9raire qu\u2019une mauvaise gouvernance peut entra\u00eener diverses cons\u00e9quences n\u00e9gatives pour les organisations, les \u00e9conomies et les individus.<\/p>\n<p>Bref, pour r\u00e9pondre \u00e0 nos pr\u00e9occupations de d\u00e9part, dont la question principale \u00e9tait de celle de savoir <strong>la qualit\u00e9 de la gestion du financement de sant\u00e9 allou\u00e9 pour les activit\u00e9s de lutte contre le VIH-SIDA au PNLS et <\/strong>notre hypoth\u00e8se \u00e9tait que la qualit\u00e9 de la gestion du financement de sant\u00e9 allou\u00e9 pour les activit\u00e9s de lutte contre le VIH-SIDA au PNLS\u00a0ne serait pas participative, inclusive et de bonne qualit\u00e9<strong>. A cette question,<\/strong>\u00a0Il ressort de notre \u00e9tude, une opacit\u00e9 et une mauvaise gestion des intrants et mat\u00e9riels de travail, 48,2% ont r\u00e9pondu que la gestion des intrants est m\u00e9diocre. 55,3% ont vot\u00e9 pour une gestion assez bonne, alors que 76,7% ont dit qu\u2019ils observent une bonne gestion de temps, Nous confirmons notre premi\u00e8re hypoth\u00e8se sur base des r\u00e9sultats observ\u00e9s.<\/p>\n<p>De cette question nous avons eu trois autres :<\/p>\n<ul>\n<li>La premi\u00e8re sous-question consistait \u00e0 \u00e9valuer si les autorit\u00e9s et gestionnaires du niveau central, accordaient-ils de la valeur \u00e0 l\u2019efficacit\u00e9 des activit\u00e9s. Nous pensions \u00e0 cet effet, qu\u2019\u00e0 la vue des climats des affaires et du travail qui r\u00e8gne au programme national de lutte contre le VIH-SIDA, surtout lors de la mise en \u0153uvre des activit\u00e9s de lutte, Les autorit\u00e9s et gestionnaires du niveau central, chacun en ce qui le concerne, n\u2019accorderait pas totalement de la valeur \u00e0 l\u2019efficacit\u00e9 des activit\u00e9s. la r\u00e9ponse \u00e0 cette pr\u00e9occupation est pas tout \u00e0 fait d\u2019accord car l\u2019analyse de la majorit\u00e9 des tableaux, stipule que l\u2019\u00e9valuation des activit\u00e9s a \u00e9t\u00e9 bonne au-del\u00e0 de quelques cas isol\u00e9s de mauvaise \u00e9valuation aussi, par ce que 62,5% d\u2019enqu\u00eat\u00e9s disent qu\u2019ils n\u2019ont pas particip\u00e9s aux activit\u00e9s de la lutte contre le VIH parce qu\u2019ils sont de la division administrative, 35,4% des enqu\u00eat\u00e9s d\u00e9plorent la faible allocation des ressources dans la lutte en fonction du domaine d\u2019intervention, 46,4% d\u2019enqu\u00eat\u00e9s qui sont motiv\u00e9s par suite des encouragements, 87,5% d\u2019enqu\u00eat\u00e9s travaillent en \u00e9quipe contre 12,5% qui ne le font pas,7% qui affirment le d\u00e9roulement des r\u00e9unions de service. Nous avons compris qu\u2019ici, qu\u2019il y\u2019a beaucoup \u00e0 am\u00e9liorer et cela nous permet de rejeter notre deuxi\u00e8me hypoth\u00e8se car, les activit\u00e9s se sont bien d\u00e9roul\u00e9es au-del\u00e0 de quelques difficult\u00e9s rencontr\u00e9es et irr\u00e9gularit\u00e9s constat\u00e9es sur le plan administratif, financier et manag\u00e9rial qui exige une am\u00e9lioration de la prestation des autorit\u00e9s.<\/li>\n<li>Quant \u00e0 la deuxi\u00e8me sous question, Si, pas tout \u00e0 fait d\u2019accord, Comment augmenter les prises des d\u00e9cisions en mati\u00e8res d\u2019\u00e9thiques de responsabilit\u00e9 relatives \u00e0 bonne gestion des ressources humaines, Mat\u00e9rielles, financi\u00e8res et temps allou\u00e9s par les partenaires pour la r\u00e9ussite des activit\u00e9s au niveau central<strong>. <\/strong>A cette pr\u00e9occupation, il \u00e9tait question de noter que pour augmenter les prises des d\u00e9cisions en mati\u00e8res d\u2019\u00e9thiques de responsabilit\u00e9 relatives \u00e0 bonne gestion des ressources humaines, Mat\u00e9rielles, financi\u00e8res et temporelles allou\u00e9es par les partenaires pour la r\u00e9ussite des activit\u00e9s au niveau central<strong>\u00a0<\/strong>PNLS, le travail en \u00e9quipe, la motivation et les 4P du marketing Mix constitueraient des atouts pour la performance des activit\u00e9s et de la gouvernance de l\u2019organisation. En effet, 96,4% d\u2019enqu\u00eat\u00e9s Souhaitent pour la bonne gouvernance des ressources au PNLS, les autorit\u00e9s locales, publiques et \u00e9tatiques doivent utiliser les b\u00e2tons au lieu de carottes, Recours sans faille aux textes r\u00e8glementaires, Bonne motivation du personnel( d\u00e9velopper la politique d\u2019\u00e9coute du personnel, pr\u00e9voir une boite \u00e0 suggestion, octroyer la prime du FM \u00e0 tous, envoyer les cadres et tous les agents en formation de renforcement des capacit\u00e9s), Restaurer l\u2019autorit\u00e9 PNLS( discipline ), Les structures de PNLS depuis sa cr\u00e9ation, plus de 20ans d\u00e9j\u00e0, sont devenues obsol\u00e8tes. Faudrait mettre en place des nouvelles structures. On ne peut pas chang\u00e9 les r\u00e9sultats vers la performances en gardant les m\u00eames strat\u00e9gies, les m\u00eames structures et les m\u00eames m\u00e9thodes, Les autorit\u00e9s doivent cultiver les qualit\u00e9s d\u2019un manager, Financer les activit\u00e9s orphelins, R\u00e9duire les effectifs et Am\u00e9liorer les conditions de travail pour les agents et cadres (salles, bureaux,\u2026), Partager les informations financi\u00e8res \u00e0 temps r\u00e9el\u00a0,Mettre en place un m\u00e9canisme de d\u00e9caissement rapide pour la mise en \u0153uvre des activit\u00e9s de lutte afin de respecter le PTT et la p\u00e9riodicit\u00e9,\u00a0Rendre disponibles les ordres de service \u00e0 temps utile pour les activit\u00e9s, Tenir compte du timing de la planification des activit\u00e9s, Acc\u00e9l\u00e9rer les proc\u00e9dures de d\u00e9caissement de fonds en faveur de la BPC, Doter le BPC des outils de gestion RH manquant et les diff\u00e9rents centres doivent collaborer parfaitement avec la direction nationale surtout avec la direction des ressource humaines, administratives et financi\u00e8res. Ces r\u00e9sultats nous permettent de confirmer notre deuxi\u00e8me sous- hypoth\u00e8se.<\/li>\n<\/ul>\n<p>Parlant de la troisi\u00e8me sous question, Quelles sont les difficult\u00e9s rencontr\u00e9es pendant la mise en \u0153uvre des activit\u00e9s de la lutte contre le VIH-SIDA par le PNLS de 2020-2023 et notre hypoth\u00e8se disait que les difficult\u00e9s rencontr\u00e9es pendant la mise en \u0153uvre des activit\u00e9s de la lutte contre le VIH-SIDA par le PNLS de 2020-2023 seraient d\u2019ordre humain, mat\u00e9riel, financier et temporel associ\u00e9s \u00e0 la situation organisationnelle. Les r\u00e9sultats de l\u2019\u00a0\u00e9tude pr\u00e9sentent 35,4% des enqu\u00eat\u00e9s d\u00e9plorent la faible allocation des ressources dans la lutte en fonction du domaine d\u2019intervention, Les donn\u00e9es de notre \u00e9tude nous renseignent que 66% d\u2019enqu\u00eat\u00e9s ne partent pas en formation de renforcement des capacit\u00e9s contre 33,9% qui y vont r\u00e9guli\u00e8rement, chacun des partenaires techniques et financiers nous impose son rythme de travail aussi, les autorit\u00e9s devaient dans la mesure du possible, veiller aux intrants, ordinateurs et autres mat\u00e9riels qui se perdent au programme. Cette hypoth\u00e8se est aussi confirm\u00e9e.<\/p>\n<p>Au vu de ces r\u00e9sultats, nous formulons les suggestions ci-apr\u00e8s\u00a0:<\/p>\n<p><strong>5.2. Suggestions<\/strong><\/p>\n<h2>5.2.1. Au Gouvernement<\/h2>\n<ul>\n<li>Pousser tous les acteurs du secteur de la sant\u00e9 vers l\u2019institutionnalisation des comptes nationaux de la sant\u00e9 ;<\/li>\n<li>les autorit\u00e9s politico-administratives, des planificateurs, les chercheurs, les \u00e9tudiants, etc. dans l\u2019utilisation des r\u00e9sultats des comptes nationaux de la sant\u00e9 et du PNLS pour les \u00e9tudes scientifiques ;<\/li>\n<li>Augmenter Renforcer les capacit\u00e9s d\u2019analyse financi\u00e8re des cadres centraux et provinciaux en poussant la part du Budget de l\u2019\u00c9tat allou\u00e9 au Programme National de lutte contre le VIH SIDA et les IST pour la collecte, production r\u00e9guli\u00e8re des r\u00e9sultats des des activit\u00e9s de la sant\u00e9;<\/li>\n<li>Am\u00e9liorer le taux de d\u00e9caissement des ressources publiques de sant\u00e9 propres au profit des diff\u00e9rents services du secteur de la sant\u00e9 pr\u00e9cis\u00e9ment pour le PNLS;<\/li>\n<li>D\u00e9velopper les m\u00e9canismes de partage de risque maladie permettant aux individus, aux familles et aux communaut\u00e9s les plus pauvres et les plus marginalis\u00e9s d\u2019acc\u00e9der aux services et soins de sant\u00e9 de base et Accroitre la part de financement des investissements en sant\u00e9 et des subsides de fonctionnement des services publics de sant\u00e9 ;<\/li>\n<\/ul>\n<h2>2. Aux partenaires techniques et financiers<\/h2>\n<ul>\n<li>Accroitre l\u2019aide au d\u00e9veloppement du secteur de la sant\u00e9 en mettant l\u2019accent \u00e9galement \u00e0 l\u2019appui financier r\u00e9gulier et \u00e0 temps du Programme National de lutte contre le VIH-SIDA et les IST pour la production r\u00e9guli\u00e8re des r\u00e9sultats des activit\u00e9s ;<\/li>\n<li>Accompagner le Gouvernement dans l\u2019institutionnalisation du PNLS\u00a0;<\/li>\n<li>Accompagner le Gouvernement dans la marche vers la Couverture Sanitaire Universelle ;<\/li>\n<\/ul>\n<p><strong>5.2.3. Aux dirigeants, Cadres et Agents du PNLS<\/strong><\/p>\n<ul>\n<li><strong>A<\/strong>ccompagner le gouvernement dans la mat\u00e9rialisation de l\u2019approche couverture sant\u00e9 Universelle dans son volet acc\u00e8s aux services et soins de sant\u00e9 de qualit\u00e9.<\/li>\n<li>Am\u00e9liorer la gouvernance et privil\u00e9giez la qualit\u00e9 des services\u00a0;<\/li>\n<li>Dans l\u2019exercice de vos fonctions, privil\u00e9giez la gestion ax\u00e9e sur les r\u00e9sultats.<\/li>\n<li>Le Centre IST \u00e9tant rattach\u00e9 \u00e0 la Division IST-PC, les ordres de services doivent \u00eatre \u00e9mis \u00e0 la Direction Nationale PNLS\/IST et non par le SEP PNMLS Kinshasa<\/li>\n<li>Recourir \u00e0 la DAF, toutes les fois qu\u2019il y a un probl\u00e8me li\u00e9 \u00e0 l\u2019administration et de la gestion des ressources\u00a0pour \u00e9viter d\u2019agir par intuition sans se r\u00e9f\u00e9rer aux textes r\u00e8glementaires en vigueur<\/li>\n<li>Assurer une bonne ventilation de cl\u00e9s de r\u00e9partition du contenu de fonctionnement octroyer r\u00e9guli\u00e8rement par le PTF\u00a0 et les recettes g\u00e9n\u00e9r\u00e9es localement par le Centre IST<\/li>\n<li>D\u00e9terminer une quotit\u00e9 ou part de r\u00e9partition rationnelle dans le fonctionnement pour subvenir aux charges d\u2019exploitations li\u00e9es au loyer, paiement de factures de la consommation d\u2019eau et de l\u2019\u00e9lectricit\u00e9<\/li>\n<li>Incorporer et proc\u00e9der aux achats ou l\u2019approvisionnement en intrants et m\u00e9dicaments de lutte contre les IST dans les charges du Centre pour faire payer les usagers.<\/li>\n<li>\u00a0Mettre \u00e0 la disponibilisation du Centre IST les fonds des activit\u00e9s selon son PTT<\/li>\n<li>Revisiter les dispositions contractuelles entre le Centre IST Matonge et le SR PASCO, en se r\u00e9f\u00e9rant \u00e0 la l\u00e9gislation ou droit du travail<\/li>\n<li>Planifier les achats ou dotation des mat\u00e9riels en faveur du Centre IST pour les supervisions des activit\u00e9s (V\u00e9hicule, Moto, V\u00e9lo)<\/li>\n<li>\u00a0Partager les initiatives de l\u2019extension des centres conviviaux des activit\u00e9s CDV entre les structures de l\u2019Etat attitr\u00e9es et le SR PASCO<\/li>\n<li>Respecter le cycle de paiement ou d\u00e9caissement de fonds des activit\u00e9s conform\u00e9ment au plan de PTT<\/li>\n<li>Partager les lignes budg\u00e9taires des activit\u00e9s au partenaire Centre IST Matonge et assurer une mise en \u0153uvre d\u2019une mani\u00e8re concert\u00e9e et participative<\/li>\n<li>Revoir la chaine de d\u00e9penses des activit\u00e9s en int\u00e9grant les gestionnaires du centre, malgr\u00e9 le syst\u00e8me de paiement direct.<\/li>\n<li>Que le Laboratoire Mette en place un suivi pour une meilleure gestion des ressources humaines<\/li>\n<li>Mettre en place des bonnes pratiques de la gestion financi\u00e8re pour r\u00e9duire les frustrations (transparence, redevabilit\u00e9, \u2026)<\/li>\n<li>Produire avec compl\u00e9tude et promptitude les rapports de tr\u00e9sorerie \u00e0 transmettre \u00e0 la DAF PNLS<\/li>\n<li>Faire impliquer forcement, la DAF de PNLS dans les travaux de la commission ad hoc mise en place pour le suivi financier des recettes du LNRS.<\/li>\n<li>Partager formellement avec la DN PNLS les informations des partenaires conventionn\u00e9s du LNRS<\/li>\n<li>Renforcer la coordination de gestion des activit\u00e9s de Laboratoires Provinciaux de R\u00e9f\u00e9rence de Lutte contre le VIH-SIDA<\/li>\n<li>Elaborer la cartographie des laboratoires cliniques de d\u00e9pistages de lutte contre le VIH-SIDA dans le syst\u00e8me de sant\u00e9 du pays pour les activit\u00e9s de contr\u00f4le de qualit\u00e9 et de certification<\/li>\n<li>Rationnaliser les effectifs du BPC en fonction de documents normatifs<\/li>\n<li>R\u00e9gulariser la situation administrative des certains agents<\/li>\n<li>Produire de descriptions des postes en se conformant aux textes r\u00e8glementaires<\/li>\n<li>Partager syst\u00e9matiquement les informations des interventions des activit\u00e9s de lutte contre le VIH-SIDA et IST dans la ville province<\/li>\n<li>Renforcer les comp\u00e9tences des agents commis au secr\u00e9taire des archives.<\/li>\n<li>Organiser le circuit d\u2019exp\u00e9dition et r\u00e9ception des correspondances<\/li>\n<li>Partager les informations financi\u00e8res \u00e0 temps r\u00e9el<\/li>\n<li>Mettre en place un m\u00e9canisme de d\u00e9caissement rapide pour la mise en \u0153uvre des activit\u00e9s de lutte afin de respecter le PTT et la p\u00e9riodicit\u00e9<\/li>\n<li>Rendre disponibles les ordres de service \u00e0 temps utile pour les activit\u00e9s<\/li>\n<li>Tenir compte du timing de la planification des activit\u00e9s<\/li>\n<li>Acc\u00e9l\u00e9rer les proc\u00e9dures de d\u00e9caissement de fonds en faveur de la BPC<\/li>\n<li>Doter le BPC des outils de gestion RH manquant.<\/li>\n<li>Strat\u00e9gies innovantes au prochain cycle de financement du Fonds Mondial, afin de r\u00e9soudre quelques d\u00e9ficiences r\u00e9currentes li\u00e9es \u00e0 l\u2019indicateur des indicateurs \u2013 le taux d\u2019absorption et ses corollaires\u00a0: avances ouvertes \u00e2g\u00e9es, d\u00e9penses non \u00e9ligibles, passation de march\u00e9s publics,\u2026 &#8211; des structures de la DNPNLS et les BPC de lutte contre le VIH-SIDA.<\/li>\n<li>Chacune de ces structures visit\u00e9es pr\u00e9sente des probl\u00e8mes sp\u00e9cifiques et singuliers en fonction de l\u2019environnement interne et le contexte des interventions li\u00e9es \u00e0 la lutte contre le VIH SIDA et les IST<\/li>\n<li>Les bonnes pratiques et des le\u00e7ons apprises. Cependant, les d\u00e9fis \u00e0 relever sont certains d\u00e9pendants de la bonne volont\u00e9 des acteurs et d\u2019autres li\u00e9s au syst\u00e8me<\/li>\n<li>Nous estimons que les recommandations formul\u00e9es aux diff\u00e9rents niveaux de parties prenantes feront l\u2019objet de plans de redressements internes<\/li>\n<li>G\u00e9n\u00e9raliser par d\u00e9faut les points \u00e0 am\u00e9liorer pour nous permettre de planifier les contenues coh\u00e9rents de mati\u00e8res \u00e0 renforcer les comp\u00e9tences des gestionnaires (AAF BPC et CBGR DPS), sur la gouvernance et les bonnes pratiques de la gestion des ressources pour contribuer avec efficacit\u00e9 et efficience \u00e0 la lutte contre le VIH-SIDA pour atteindre les objectifs mondiaux 3 X 95 d\u2019ici 2030.<\/li>\n<\/ul>\n<h2>5.2.4. Aux m\u00e9nages<\/h2>\n<p>Adh\u00e9rer aux institutions de partage de risque (Mutuelles de Sant\u00e9, Soci\u00e9t\u00e9s d\u2019Assurance) ; Organiser les structures \u00e0 base communautaire permettant la mise en place des m\u00e9canismes de partage de risque maladie.<\/p>\n<p><strong><em>REFERENCES BIBLIOGRAPHIQUES <\/em><\/strong><\/p>\n<ol>\n<li><strong><em>OUVRAGES <\/em><\/strong><\/li>\n<li><em>BENOIST J.,(1996)\u00a0: Soigner au pluriel. Essais sur le pluralisme m\u00e9dical, Khartala, Paris,. <\/em><\/li>\n<\/ol>\n<p><em>BURLET B\u00e9atrice, KATY LE NEURES, CAROLE SIEBERT et Yves PONCE,(2010)\u00a0: Sant\u00e9 publique et \u00e9conomie de la sant\u00e9, les essentiels en IFSI, Paris,. <\/em><\/p>\n<ol>\n<li><em>FASSIN D.(1992)\u00a0:, Pouvoir et maladie en Afrique, Anthropologie sociale dans la banlieue de Dakar, PUF, Paris,.<\/em><\/li>\n<li><em>GRAWITZ R., (1990)\u00a0: M\u00e9thodes des sciences sociales, \u00e9d. DALLOZ, PUF, Paris,.<\/em><\/li>\n<li><em>KHAN, A. A. et BHARDWAJ, S. M.,(1994):Access to health care, A conceptual framework and its relevance to health care planning, Evaluation and the Health Professions,. <\/em><\/li>\n<li><em>LOHATA T., (2021)\u00a0: M\u00e9thodologie et \u00e9pist\u00e9mologie de recherche en sciences sociales, Logique de d\u00e9couverte dans une th\u00e8se de doctorat (PHD), Editions Approche, Kinshasa,.<\/em><\/li>\n<li><em>RIDDE Val\u00e9ry.,(2007)\u00a0: Equit\u00e9 et mise en \u0153uvre des politiques de sant\u00e9 au Burkina Faso, Edition l\u2019HARMATTAN, collection Etudes africaines,.<\/em><\/li>\n<li><em>SADIO A et DIOP F.(1994)\u00a0:, Utilisation et demande de services de sant\u00e9 au S\u00e9n\u00e9gal, Bethesda, USA, 1994.<\/em><\/li>\n<li><em>ASRAMES,(2003)\u00a0: \u00ab Etude socio-\u00e9conomique et d\u2019accessibilit\u00e9 aux soins des m\u00e9nages de la Province du Nord Kivu\/RDC \u00bb, mai. <\/em><\/li>\n<li><em>CHENGE M.,(2011)\u00a0: Organiser un syst\u00e8me des soins de sant\u00e9 en milieu urbain, n\u00e9cessit\u00e9 d&#8217;adapter le mod\u00e8le de district. Exemple de la ville de Lubumbashi en RD Congo, Lubumbashi, M\u00e9moire en sant\u00e9 publique, UNILU,.<\/em><\/li>\n<li><em>FRANCKEL Aur\u00e9lien(2004)\u00a0: Les comportements de recours aux soins en milieu rural au S\u00e9n\u00e9gal. Le cas des enfants f\u00e9briles \u00e0 niakhar, sociologie, Universit\u00e9 de Nanterre &#8211; paris x,.<\/em><\/li>\n<li><em>IZANDENGERA ABINTEGENKE A.,(2011) Facteurs d\u00e9terminant la faible utilisation des services des soins curatifs dans la zone de sante de Karisimbi, Goma\/RD Congo, M\u00e9moire de Licence en sant\u00e9 publique, ISTM\/GOMA,.<\/em><\/li>\n<li><em>KAMGAIN Olivia,(2015)\u00a0:Accessibilit\u00e9 aux services de sant\u00e9 pour les personnes Trans sur le territoire de la capitale nationale, M\u00e9moire de maitrise pr\u00e9sent\u00e9 \u00e0 l\u2019\u00c9cole Nationale d\u2019administration publique, Qu\u00e9bec, d\u00e9cembre. <\/em><\/li>\n<li><em>MAGNE C.,(2012)\u00a0: Etude des facteurs entravant la bonne fr\u00e9quentation des structures sanitaires en milieu rural. Cas du CMA de Kongso Bafoussam III, Ecole des infirmiers dipl\u00f4m\u00e9s d&#8217;\u00e9tat de Bafoussam\u00a0&#8211;\u00a0Dipl\u00f4me d&#8217;infirmier d&#8217;\u00e9tat. <\/em><\/li>\n<li><em>THESES, MEMOIRES DE DEA, RAPPORT ET TRAVAUX SCIENTIFIQUES <\/em><\/li>\n<li><em>Schaut, C., 2017, M\u00e9thode de recherche, Cours, Chaire UNESCO, Universit\u00e9 du Burundi, in\u00e9dit<\/em><\/li>\n<li><em>Shomba, K. S., 2014, Th\u00e8se de doctorat\u00a0; Essence, imp\u00e9ratifs, typologie et apport, \u00e9ditions ICREDES, Kinshasa- Montr\u00e9al- Washington, 272 pages\u00a0;<\/em><\/li>\n<\/ol>\n<p><strong><em>WEBOGRAPHIE<\/em><\/strong><\/p>\n<ol>\n<li><em>htt:\/\/www.jstor.org\/stable\/2137284.<\/em><\/li>\n<li><a href=\"http:\/\/www\">http:\/\/www<\/a><em>.hobi.nih.gov\/pmc\/articles\/pmc10711804\/pdf\/hsresearch00560-0030.pdf.<\/em><\/li>\n<li><em><a href=\"http:\/\/www.jstor.org\/stable\/3764310\">http:\/\/www.jstor.org\/stable\/3764310<\/a>.<\/em><\/li>\n<li><em> <a href=\"http:\/\/www.ncbi.nlm.nih.gov\/pubmed\/1465293\">http:\/\/www.ncbi.nlm.nih.gov\/pubmed\/1465293<\/a>. <\/em><\/li>\n<li><em><a href=\"http:\/\/www.who.int\/suggestions\/faq\/fr\/index.html\">http:\/\/www.who.int\/suggestions\/faq\/fr\/index.html<\/a>. <\/em><\/li>\n<li><em>https:\/\/cdr.lib.unc.edu\/indexablecontent\/uuid.<\/em><\/li>\n<li><a href=\"https:\/\/fr.m.wilkip\u00e9dia.org\">https:\/\/fr.m.wilkip\u00e9dia.org<\/a>.<\/li>\n<li><em>www.medecinsdumonde.org\/fr\/content\/&#8230;\/gratuite_des_soins.pdf &#8211; France.<\/em><\/li>\n<li><em>http:\/\/www.bioltrop.coorperation.org\/00-ent\u00eate\/ib.htm<\/em><\/li>\n<\/ol>\n<p>\u2606 <a id=\"post-4106-_bookmark2\"><\/a>GOUVERNANCE ET ETHIQUE DE RESPONSABILITE DANS LA GESTION DU FINANCEMENT DES ACTIVITES DE LUTTE CONTRE LE VIH SIDA ET IST AU PNLS, RD CONGO<\/p>\n","protected":false},"excerpt":{"rendered":"<p>ABSTRACT La gestion ax\u00e9e sur les r\u00e9sultats exige aux managers de la comp\u00e9tence, un travail en \u00e9quipe et de l\u2019\u00e9thique&#8230;<\/p>\n","protected":false},"author":21,"featured_media":0,"comment_status":"open","ping_status":"closed","sticky":false,"template":"","format":"standard","meta":{"footnotes":""},"categories":[124],"tags":[],"class_list":["post-4106","post","type-post","status-publish","format-standard","hentry","category-articles","wpcat-124-id"],"yoast_head":"<!-- This site is optimized with the Yoast SEO plugin v25.8 - https:\/\/yoast.com\/wordpress\/plugins\/seo\/ -->\n<title>GOUVERNANCE ET ETHIQUE DE RESPONSABILITE DANS LA GESTION DU FINANCEMENT DES ACTIVITES DE LUTTE CONTRE LE VIH SIDA ET IST AU PNLS, RD CONGO - IJSSASS Repository<\/title>\n<meta name=\"robots\" content=\"index, follow, max-snippet:-1, max-image-preview:large, max-video-preview:-1\" \/>\n<link rel=\"canonical\" href=\"https:\/\/ijssass.com\/journal\/gouvernance-et-ethique-de-responsabilite-dans-la-gestion-du-financement-des-activites-de-lutte-contre-le-vih-sida-et-ist-au-pnls-rd-congo\/\" \/>\n<meta property=\"og:locale\" content=\"en_US\" \/>\n<meta property=\"og:type\" content=\"article\" \/>\n<meta property=\"og:title\" content=\"GOUVERNANCE ET ETHIQUE DE RESPONSABILITE DANS LA GESTION DU FINANCEMENT DES ACTIVITES DE LUTTE CONTRE LE VIH SIDA ET IST AU PNLS, RD CONGO - IJSSASS Repository\" \/>\n<meta property=\"og:description\" content=\"ABSTRACT La gestion ax\u00e9e sur les r\u00e9sultats exige aux managers de la comp\u00e9tence, un travail en \u00e9quipe et de l\u2019\u00e9thique...\" \/>\n<meta property=\"og:url\" content=\"https:\/\/ijssass.com\/journal\/gouvernance-et-ethique-de-responsabilite-dans-la-gestion-du-financement-des-activites-de-lutte-contre-le-vih-sida-et-ist-au-pnls-rd-congo\/\" \/>\n<meta property=\"og:site_name\" content=\"IJSSASS Repository\" \/>\n<meta property=\"article:publisher\" content=\"https:\/\/www.facebook.com\/ijssass\" \/>\n<meta property=\"article:published_time\" content=\"2024-09-03T20:46:09+00:00\" \/>\n<meta property=\"article:modified_time\" content=\"2025-04-16T21:33:50+00:00\" \/>\n<meta property=\"og:image\" content=\"https:\/\/ijssass.com\/journal\/wp-content\/uploads\/2023\/07\/c-users-user-desktop-logo-pnglogo-2.png\" \/>\n\t<meta property=\"og:image:width\" content=\"300\" \/>\n\t<meta property=\"og:image:height\" content=\"195\" \/>\n\t<meta property=\"og:image:type\" content=\"image\/png\" \/>\n<meta name=\"author\" content=\"admin\" \/>\n<meta name=\"twitter:card\" content=\"summary_large_image\" \/>\n<meta name=\"twitter:label1\" content=\"Written by\" \/>\n\t<meta name=\"twitter:data1\" content=\"admin\" \/>\n\t<meta name=\"twitter:label2\" content=\"Est. reading time\" \/>\n\t<meta name=\"twitter:data2\" content=\"56 minutes\" \/>\n<script type=\"application\/ld+json\" class=\"yoast-schema-graph\">{\"@context\":\"https:\/\/schema.org\",\"@graph\":[{\"@type\":\"Article\",\"@id\":\"https:\/\/ijssass.com\/journal\/gouvernance-et-ethique-de-responsabilite-dans-la-gestion-du-financement-des-activites-de-lutte-contre-le-vih-sida-et-ist-au-pnls-rd-congo\/#article\",\"isPartOf\":{\"@id\":\"https:\/\/ijssass.com\/journal\/gouvernance-et-ethique-de-responsabilite-dans-la-gestion-du-financement-des-activites-de-lutte-contre-le-vih-sida-et-ist-au-pnls-rd-congo\/\"},\"author\":{\"name\":\"admin\",\"@id\":\"https:\/\/ijssass.com\/journal\/#\/schema\/person\/adf9bae5731958270e2140cfc1af3771\"},\"headline\":\"GOUVERNANCE ET ETHIQUE DE RESPONSABILITE DANS LA GESTION DU FINANCEMENT DES ACTIVITES DE LUTTE CONTRE LE VIH SIDA ET IST AU PNLS, RD CONGO\",\"datePublished\":\"2024-09-03T20:46:09+00:00\",\"dateModified\":\"2025-04-16T21:33:50+00:00\",\"mainEntityOfPage\":{\"@id\":\"https:\/\/ijssass.com\/journal\/gouvernance-et-ethique-de-responsabilite-dans-la-gestion-du-financement-des-activites-de-lutte-contre-le-vih-sida-et-ist-au-pnls-rd-congo\/\"},\"wordCount\":13889,\"commentCount\":0,\"publisher\":{\"@id\":\"https:\/\/ijssass.com\/journal\/#organization\"},\"articleSection\":[\"Articles\"],\"inLanguage\":\"en-US\",\"potentialAction\":[{\"@type\":\"CommentAction\",\"name\":\"Comment\",\"target\":[\"https:\/\/ijssass.com\/journal\/gouvernance-et-ethique-de-responsabilite-dans-la-gestion-du-financement-des-activites-de-lutte-contre-le-vih-sida-et-ist-au-pnls-rd-congo\/#respond\"]}]},{\"@type\":\"WebPage\",\"@id\":\"https:\/\/ijssass.com\/journal\/gouvernance-et-ethique-de-responsabilite-dans-la-gestion-du-financement-des-activites-de-lutte-contre-le-vih-sida-et-ist-au-pnls-rd-congo\/\",\"url\":\"https:\/\/ijssass.com\/journal\/gouvernance-et-ethique-de-responsabilite-dans-la-gestion-du-financement-des-activites-de-lutte-contre-le-vih-sida-et-ist-au-pnls-rd-congo\/\",\"name\":\"GOUVERNANCE ET ETHIQUE DE RESPONSABILITE DANS LA GESTION DU FINANCEMENT DES ACTIVITES DE LUTTE CONTRE LE VIH SIDA ET IST AU PNLS, RD CONGO - IJSSASS Repository\",\"isPartOf\":{\"@id\":\"https:\/\/ijssass.com\/journal\/#website\"},\"datePublished\":\"2024-09-03T20:46:09+00:00\",\"dateModified\":\"2025-04-16T21:33:50+00:00\",\"breadcrumb\":{\"@id\":\"https:\/\/ijssass.com\/journal\/gouvernance-et-ethique-de-responsabilite-dans-la-gestion-du-financement-des-activites-de-lutte-contre-le-vih-sida-et-ist-au-pnls-rd-congo\/#breadcrumb\"},\"inLanguage\":\"en-US\",\"potentialAction\":[{\"@type\":\"ReadAction\",\"target\":[\"https:\/\/ijssass.com\/journal\/gouvernance-et-ethique-de-responsabilite-dans-la-gestion-du-financement-des-activites-de-lutte-contre-le-vih-sida-et-ist-au-pnls-rd-congo\/\"]}]},{\"@type\":\"BreadcrumbList\",\"@id\":\"https:\/\/ijssass.com\/journal\/gouvernance-et-ethique-de-responsabilite-dans-la-gestion-du-financement-des-activites-de-lutte-contre-le-vih-sida-et-ist-au-pnls-rd-congo\/#breadcrumb\",\"itemListElement\":[{\"@type\":\"ListItem\",\"position\":1,\"name\":\"Home\",\"item\":\"https:\/\/ijssass.com\/journal\/\"},{\"@type\":\"ListItem\",\"position\":2,\"name\":\"GOUVERNANCE ET ETHIQUE DE RESPONSABILITE DANS LA GESTION DU FINANCEMENT DES ACTIVITES DE LUTTE CONTRE LE VIH SIDA ET IST AU PNLS, RD CONGO\"}]},{\"@type\":\"WebSite\",\"@id\":\"https:\/\/ijssass.com\/journal\/#website\",\"url\":\"https:\/\/ijssass.com\/journal\/\",\"name\":\"INTERNATIONAL JOURNAL OF SOCIAL SCIENCES AND SCIENTIFIC STUDIES\",\"description\":\"Open Access Library\",\"publisher\":{\"@id\":\"https:\/\/ijssass.com\/journal\/#organization\"},\"alternateName\":\"IJSSASS\",\"potentialAction\":[{\"@type\":\"SearchAction\",\"target\":{\"@type\":\"EntryPoint\",\"urlTemplate\":\"https:\/\/ijssass.com\/journal\/?s={search_term_string}\"},\"query-input\":{\"@type\":\"PropertyValueSpecification\",\"valueRequired\":true,\"valueName\":\"search_term_string\"}}],\"inLanguage\":\"en-US\"},{\"@type\":\"Organization\",\"@id\":\"https:\/\/ijssass.com\/journal\/#organization\",\"name\":\"INTERNATIONAL JOURNAL OF SOCIAL SCIENCES AND SCIENTIFIC STUDIES\",\"alternateName\":\"IJSSASS\",\"url\":\"https:\/\/ijssass.com\/journal\/\",\"logo\":{\"@type\":\"ImageObject\",\"inLanguage\":\"en-US\",\"@id\":\"https:\/\/ijssass.com\/journal\/#\/schema\/logo\/image\/\",\"url\":\"https:\/\/ijssass.com\/journal\/wp-content\/uploads\/2023\/07\/c-users-user-desktop-logo-pnglogo-3.png\",\"contentUrl\":\"https:\/\/ijssass.com\/journal\/wp-content\/uploads\/2023\/07\/c-users-user-desktop-logo-pnglogo-3.png\",\"width\":300,\"height\":195,\"caption\":\"INTERNATIONAL JOURNAL OF SOCIAL SCIENCES AND SCIENTIFIC STUDIES\"},\"image\":{\"@id\":\"https:\/\/ijssass.com\/journal\/#\/schema\/logo\/image\/\"},\"sameAs\":[\"https:\/\/www.facebook.com\/ijssass\"]},{\"@type\":\"Person\",\"@id\":\"https:\/\/ijssass.com\/journal\/#\/schema\/person\/adf9bae5731958270e2140cfc1af3771\",\"name\":\"admin\",\"image\":{\"@type\":\"ImageObject\",\"inLanguage\":\"en-US\",\"@id\":\"https:\/\/ijssass.com\/journal\/#\/schema\/person\/image\/\",\"url\":\"https:\/\/secure.gravatar.com\/avatar\/e2404e10f252fd74bce698fdfc0296b3cfb701b99d14951364bf9586aaa0c4a8?s=96&d=mm&r=g\",\"contentUrl\":\"https:\/\/secure.gravatar.com\/avatar\/e2404e10f252fd74bce698fdfc0296b3cfb701b99d14951364bf9586aaa0c4a8?s=96&d=mm&r=g\",\"caption\":\"admin\"},\"sameAs\":[\"https:\/\/ijssass.com\/journal\"],\"url\":\"https:\/\/ijssass.com\/journal\/author\/admin\/\"}]}<\/script>\n<!-- \/ Yoast SEO plugin. -->","yoast_head_json":{"title":"GOUVERNANCE ET ETHIQUE DE RESPONSABILITE DANS LA GESTION DU FINANCEMENT DES ACTIVITES DE LUTTE CONTRE LE VIH SIDA ET IST AU PNLS, RD CONGO - IJSSASS Repository","robots":{"index":"index","follow":"follow","max-snippet":"max-snippet:-1","max-image-preview":"max-image-preview:large","max-video-preview":"max-video-preview:-1"},"canonical":"https:\/\/ijssass.com\/journal\/gouvernance-et-ethique-de-responsabilite-dans-la-gestion-du-financement-des-activites-de-lutte-contre-le-vih-sida-et-ist-au-pnls-rd-congo\/","og_locale":"en_US","og_type":"article","og_title":"GOUVERNANCE ET ETHIQUE DE RESPONSABILITE DANS LA GESTION DU FINANCEMENT DES ACTIVITES DE LUTTE CONTRE LE VIH SIDA ET IST AU PNLS, RD CONGO - IJSSASS Repository","og_description":"ABSTRACT La gestion ax\u00e9e sur les r\u00e9sultats exige aux managers de la comp\u00e9tence, un travail en \u00e9quipe et de l\u2019\u00e9thique...","og_url":"https:\/\/ijssass.com\/journal\/gouvernance-et-ethique-de-responsabilite-dans-la-gestion-du-financement-des-activites-de-lutte-contre-le-vih-sida-et-ist-au-pnls-rd-congo\/","og_site_name":"IJSSASS Repository","article_publisher":"https:\/\/www.facebook.com\/ijssass","article_published_time":"2024-09-03T20:46:09+00:00","article_modified_time":"2025-04-16T21:33:50+00:00","og_image":[{"width":300,"height":195,"url":"https:\/\/ijssass.com\/journal\/wp-content\/uploads\/2023\/07\/c-users-user-desktop-logo-pnglogo-2.png","type":"image\/png"}],"author":"admin","twitter_card":"summary_large_image","twitter_misc":{"Written by":"admin","Est. reading time":"56 minutes"},"schema":{"@context":"https:\/\/schema.org","@graph":[{"@type":"Article","@id":"https:\/\/ijssass.com\/journal\/gouvernance-et-ethique-de-responsabilite-dans-la-gestion-du-financement-des-activites-de-lutte-contre-le-vih-sida-et-ist-au-pnls-rd-congo\/#article","isPartOf":{"@id":"https:\/\/ijssass.com\/journal\/gouvernance-et-ethique-de-responsabilite-dans-la-gestion-du-financement-des-activites-de-lutte-contre-le-vih-sida-et-ist-au-pnls-rd-congo\/"},"author":{"name":"admin","@id":"https:\/\/ijssass.com\/journal\/#\/schema\/person\/adf9bae5731958270e2140cfc1af3771"},"headline":"GOUVERNANCE ET ETHIQUE DE RESPONSABILITE DANS LA GESTION DU FINANCEMENT DES ACTIVITES DE LUTTE CONTRE LE VIH SIDA ET IST AU PNLS, RD CONGO","datePublished":"2024-09-03T20:46:09+00:00","dateModified":"2025-04-16T21:33:50+00:00","mainEntityOfPage":{"@id":"https:\/\/ijssass.com\/journal\/gouvernance-et-ethique-de-responsabilite-dans-la-gestion-du-financement-des-activites-de-lutte-contre-le-vih-sida-et-ist-au-pnls-rd-congo\/"},"wordCount":13889,"commentCount":0,"publisher":{"@id":"https:\/\/ijssass.com\/journal\/#organization"},"articleSection":["Articles"],"inLanguage":"en-US","potentialAction":[{"@type":"CommentAction","name":"Comment","target":["https:\/\/ijssass.com\/journal\/gouvernance-et-ethique-de-responsabilite-dans-la-gestion-du-financement-des-activites-de-lutte-contre-le-vih-sida-et-ist-au-pnls-rd-congo\/#respond"]}]},{"@type":"WebPage","@id":"https:\/\/ijssass.com\/journal\/gouvernance-et-ethique-de-responsabilite-dans-la-gestion-du-financement-des-activites-de-lutte-contre-le-vih-sida-et-ist-au-pnls-rd-congo\/","url":"https:\/\/ijssass.com\/journal\/gouvernance-et-ethique-de-responsabilite-dans-la-gestion-du-financement-des-activites-de-lutte-contre-le-vih-sida-et-ist-au-pnls-rd-congo\/","name":"GOUVERNANCE ET ETHIQUE DE RESPONSABILITE DANS LA GESTION DU FINANCEMENT DES ACTIVITES DE LUTTE CONTRE LE VIH SIDA ET IST AU PNLS, RD CONGO - IJSSASS Repository","isPartOf":{"@id":"https:\/\/ijssass.com\/journal\/#website"},"datePublished":"2024-09-03T20:46:09+00:00","dateModified":"2025-04-16T21:33:50+00:00","breadcrumb":{"@id":"https:\/\/ijssass.com\/journal\/gouvernance-et-ethique-de-responsabilite-dans-la-gestion-du-financement-des-activites-de-lutte-contre-le-vih-sida-et-ist-au-pnls-rd-congo\/#breadcrumb"},"inLanguage":"en-US","potentialAction":[{"@type":"ReadAction","target":["https:\/\/ijssass.com\/journal\/gouvernance-et-ethique-de-responsabilite-dans-la-gestion-du-financement-des-activites-de-lutte-contre-le-vih-sida-et-ist-au-pnls-rd-congo\/"]}]},{"@type":"BreadcrumbList","@id":"https:\/\/ijssass.com\/journal\/gouvernance-et-ethique-de-responsabilite-dans-la-gestion-du-financement-des-activites-de-lutte-contre-le-vih-sida-et-ist-au-pnls-rd-congo\/#breadcrumb","itemListElement":[{"@type":"ListItem","position":1,"name":"Home","item":"https:\/\/ijssass.com\/journal\/"},{"@type":"ListItem","position":2,"name":"GOUVERNANCE ET ETHIQUE DE RESPONSABILITE DANS LA GESTION DU FINANCEMENT DES ACTIVITES DE LUTTE CONTRE LE VIH SIDA ET IST AU PNLS, RD CONGO"}]},{"@type":"WebSite","@id":"https:\/\/ijssass.com\/journal\/#website","url":"https:\/\/ijssass.com\/journal\/","name":"INTERNATIONAL JOURNAL OF SOCIAL SCIENCES AND SCIENTIFIC STUDIES","description":"Open Access Library","publisher":{"@id":"https:\/\/ijssass.com\/journal\/#organization"},"alternateName":"IJSSASS","potentialAction":[{"@type":"SearchAction","target":{"@type":"EntryPoint","urlTemplate":"https:\/\/ijssass.com\/journal\/?s={search_term_string}"},"query-input":{"@type":"PropertyValueSpecification","valueRequired":true,"valueName":"search_term_string"}}],"inLanguage":"en-US"},{"@type":"Organization","@id":"https:\/\/ijssass.com\/journal\/#organization","name":"INTERNATIONAL JOURNAL OF SOCIAL SCIENCES AND SCIENTIFIC STUDIES","alternateName":"IJSSASS","url":"https:\/\/ijssass.com\/journal\/","logo":{"@type":"ImageObject","inLanguage":"en-US","@id":"https:\/\/ijssass.com\/journal\/#\/schema\/logo\/image\/","url":"https:\/\/ijssass.com\/journal\/wp-content\/uploads\/2023\/07\/c-users-user-desktop-logo-pnglogo-3.png","contentUrl":"https:\/\/ijssass.com\/journal\/wp-content\/uploads\/2023\/07\/c-users-user-desktop-logo-pnglogo-3.png","width":300,"height":195,"caption":"INTERNATIONAL JOURNAL OF SOCIAL SCIENCES AND SCIENTIFIC STUDIES"},"image":{"@id":"https:\/\/ijssass.com\/journal\/#\/schema\/logo\/image\/"},"sameAs":["https:\/\/www.facebook.com\/ijssass"]},{"@type":"Person","@id":"https:\/\/ijssass.com\/journal\/#\/schema\/person\/adf9bae5731958270e2140cfc1af3771","name":"admin","image":{"@type":"ImageObject","inLanguage":"en-US","@id":"https:\/\/ijssass.com\/journal\/#\/schema\/person\/image\/","url":"https:\/\/secure.gravatar.com\/avatar\/e2404e10f252fd74bce698fdfc0296b3cfb701b99d14951364bf9586aaa0c4a8?s=96&d=mm&r=g","contentUrl":"https:\/\/secure.gravatar.com\/avatar\/e2404e10f252fd74bce698fdfc0296b3cfb701b99d14951364bf9586aaa0c4a8?s=96&d=mm&r=g","caption":"admin"},"sameAs":["https:\/\/ijssass.com\/journal"],"url":"https:\/\/ijssass.com\/journal\/author\/admin\/"}]}},"_links":{"self":[{"href":"https:\/\/ijssass.com\/journal\/wp-json\/wp\/v2\/posts\/4106","targetHints":{"allow":["GET"]}}],"collection":[{"href":"https:\/\/ijssass.com\/journal\/wp-json\/wp\/v2\/posts"}],"about":[{"href":"https:\/\/ijssass.com\/journal\/wp-json\/wp\/v2\/types\/post"}],"author":[{"embeddable":true,"href":"https:\/\/ijssass.com\/journal\/wp-json\/wp\/v2\/users\/21"}],"replies":[{"embeddable":true,"href":"https:\/\/ijssass.com\/journal\/wp-json\/wp\/v2\/comments?post=4106"}],"version-history":[{"count":1,"href":"https:\/\/ijssass.com\/journal\/wp-json\/wp\/v2\/posts\/4106\/revisions"}],"predecessor-version":[{"id":4108,"href":"https:\/\/ijssass.com\/journal\/wp-json\/wp\/v2\/posts\/4106\/revisions\/4108"}],"wp:attachment":[{"href":"https:\/\/ijssass.com\/journal\/wp-json\/wp\/v2\/media?parent=4106"}],"wp:term":[{"taxonomy":"category","embeddable":true,"href":"https:\/\/ijssass.com\/journal\/wp-json\/wp\/v2\/categories?post=4106"},{"taxonomy":"post_tag","embeddable":true,"href":"https:\/\/ijssass.com\/journal\/wp-json\/wp\/v2\/tags?post=4106"}],"curies":[{"name":"wp","href":"https:\/\/api.w.org\/{rel}","templated":true}]}}