{"id":4100,"date":"2024-09-03T20:22:54","date_gmt":"2024-09-03T20:22:54","guid":{"rendered":"https:\/\/ijssass.com\/journal\/?p=4100"},"modified":"2025-04-16T21:33:50","modified_gmt":"2025-04-16T21:33:50","slug":"facteurs-explicatifs-de-labandon-du-calendrier-vaccinal-chez-les-enfants-de-6-a-59-mois-a-la-zone-de-sante-urbano-rurale-de-mbandaka","status":"publish","type":"post","link":"https:\/\/ijssass.com\/journal\/facteurs-explicatifs-de-labandon-du-calendrier-vaccinal-chez-les-enfants-de-6-a-59-mois-a-la-zone-de-sante-urbano-rurale-de-mbandaka\/","title":{"rendered":"FACTEURS EXPLICATIFS DE L\u2019ABANDON DU CALENDRIER VACCINAL CHEZ LES ENFANTS DE 6 \u00e0 59 MOIS A LA ZONE DE SANTE URBANO-RURALE DE MBANDAKA"},"content":{"rendered":"<p>ABSTRACT<\/p>\n<p>La vaccination compte parmi les interventions de Sant\u00e9 publique les plus efficaces qui soient. Il \u00e9tait question d\u2019identifier les facteurs explicatifs de l\u2019abandon du calendrier vaccinal des enfants de 6 \u00e0 59 mois \u00e0 dans la ville de Mbandaka. Nous avions recourus \u00e0 l\u2019approche analytique cas t\u00e9moins pour d\u00e9couvrir les r\u00e9els facteurs explicatifs de l\u2019abandon du calendrier vaccinal chez ces enfants. Nos enqu\u00eates prouvent les enfants de la zone de sant\u00e9 de Mbandaka, ont connu plus d\u2019abandons soient 45,2% que les autres d\u2019une fa\u00e7on significative (p &lt;0,001), les gens qui sont dans l\u2019informel, pr\u00e9sentent beaucoup d\u2019abandons du calendrier vaccinal soient 43,4% et une relation tr\u00e8s significative est observ\u00e9e entre les fonctions des responsables qui am\u00e8nent les enfants \u00e0 la vaccin ation (p &lt; \u00e0 0,001), Concernant l\u2019indice \u00e9conomique, il est montr\u00e9 que les enfants vivant dans des familles ayant un indice \u00e9conomique d\u2019un dollar avaient 84% plus de risque d\u2019abandonner le calendrier vaccinal que ceux des familles ayant un indice \u00e9conomique de plus d\u2019un dollar, OR : 1,84(1,26 \u2013 2,69). Par rapport \u00e0 l\u2019antenne, notre \u00e9tude a trouv\u00e9 les facteurs explicatifs d\u2019abandon du calendrier vaccinal suivants :le groupe cas, les enfants vivant dans des familles ayant un faible revenu d\u2019un dollar, les enfants des menages monogamiques et les enfants des parents sans niveau d\u2019\u00e9tudes.<\/p>\n<p><strong>INTRODUCTION<\/strong><\/p>\n<p>Pour l\u2019OMS (2016), la vaccination est l\u2019une des plus fructueuses et des plus rentables qui aient jamais \u00e9t\u00e9 imagin\u00e9es. Elle a fait reculer de mani\u00e8re radicale la mortalit\u00e9 juv\u00e9no-infantile et la pr\u00e9valence des maladies. Elle a conduit \u00e0 l\u2019\u00e9radication de la variole, r\u00e9duit l\u2019incidence de la poliomy\u00e9lite de plus de 99% et celle du t\u00e9tanos n\u00e9onatal de 94% dans l\u2019ensemble du monde, tout en permettant un recul spectaculaire des maladies, des invalidit\u00e9s et de la mortalit\u00e9 dues aux affections courantes de l\u2019enfant. Cela dit, la mobilit\u00e9 et l\u2019interd\u00e9pendance qui caract\u00e9risent le monde globalis\u00e9 d\u2019aujourd\u2019hui accroissent un peu partout la vuln\u00e9rabilit\u00e9 des populations, face \u00e0 la propagation galopante de maladies \u00e0 caract\u00e8re\u00e9pid\u00e9miologique.<\/p>\n<p>La vaccination est reconnue comme une des mesures de sant\u00e9 publique les plus efficaces pour pr\u00e9venir la mortalit\u00e9, la morbidit\u00e9 ainsi que les complications des maladies infectieuses chez les enfants. Sur l\u2019orientation de l\u2019OMS, des programmes des vaccinations nationales ont \u00e9t\u00e9 mises en place dans les pays en d\u00e9veloppement. Ce qui a permis une am\u00e9lioration de la couverture vaccinale dans le monde (M.Alym Et et al., 2011). On estime selon <strong>l\u2019OMS<\/strong>, qu\u2019environ 3 millions de d\u00e9c\u00e8s sont \u00e9vit\u00e9s chaque ann\u00e9e dans le monde gr\u00e2ce \u00e0 la vaccination et qu&#8217;en plus, elle permet chaque ann\u00e9e d&#8217;\u00e9viter pr\u00e8s de 750 000 enfants de souffrir de s\u00e9rieux handicaps physiques, mentaux ou neurologiques et 1,5 million d\u2019autres d\u00e9c\u00e8s pourraient \u00eatre \u00e9vit\u00e9s si la couverture vaccinale est am\u00e9lior\u00e9e. Hors, la puissance vaccinale est possible a une condition que la majorit\u00e9 de la population soit vaccin\u00e9e.<\/p>\n<p>L\u2019\u00e9pid\u00e9mie de rougeole en RDC continue \u00e0 s\u2019accroitre dans l\u2019ancienne province du Katanga ou l\u2019on d\u00e9nombrait 28.077 cas cumul\u00e9s avec 413 d\u00e9c\u00e8s en 2015. Cette \u00e9pid\u00e9mie s\u2019accompagne d\u2019un taux de l\u00e9talit\u00e9 \u00e9lev\u00e9 (1,47%). L\u2019\u00e9pid\u00e9mie en cours est la cons\u00e9quence d\u2019un faible taux de couverture vaccinal, entrainant une accumulation importante d\u2019enfants non vaccin\u00e9s contre la rougeole et favorisant la circulation rapide de cette maladie virale extr\u00eamement contagieuse qui constitue l\u2019une des principales causes de mortalit\u00e9 des jeunes enfants \u00e0 l\u2019\u00e9chelle mondiale.Cette m\u00eame source indique que 82,5% d\u2019enfants ont re\u00e7u le BCG avant l\u2019\u00e2ge de 12 mois. La situation est plus pr\u00e9occupante avec le vaccin contre la Polio, la proportion d\u2019enfants ayant re\u00e7u le vaccin contre la Polio passe de 92 % pour la premi\u00e8re dose (Polio1) \u00e0 86 % pour la deuxi\u00e8me dose (Polio2), laissant ainsi appara\u00eetre des taux de d\u00e9perdition de 6 % entre la premi\u00e8re et la deuxi\u00e8me dose, de 19 % entre la deuxi\u00e8me et la troisi\u00e8me dose et de 25 % entre la premi\u00e8re et la troisi\u00e8me dose. Tout ceci traduit une baisse de la couverture vaccinale qui est un probl\u00e8me de sant\u00e9 publique.<\/p>\n<p>En Afrique, la couverture pour la premi\u00e8re dose de VAR est pass\u00e9e de 57% en 2001 et a 73% en 2008 (OMS, 2009). En r\u00e9publique d\u00e9mocratique du Congo, depuis les ann\u00e9es 80, la vaccination des enfants est devenue une activit\u00e9 tr\u00e8s importante du PEV avec pour objectif principal d\u2019assurer une couverture vaccinale de 90% \u00e0 tous les enfants d\u2019ici 2015 (OMD4). Malgr\u00e9 les efforts effectu\u00e9s par PEV ces dix derni\u00e8res ann\u00e9es, tous les indicateurs de la couverture vaccinale indiquent une \u00e9volution en dents de scie. Or, les r\u00e9sultats ne seront bons que si la couverture de tous les antig\u00e8nes atteint un taux de 90% tel que pr\u00e9vu par le PEV. Malheureusement, on enregistre un taux de couverture vaccinale encore faible, 42% seulement des enfants \u00e2g\u00e9s de 12 \u2013 23 mois ont re\u00e7u tous les vaccins avant l\u2019\u00e2ge de 12 mois (MICS- 2010). Cette couverture est partie de 23% en 2001 (MICS2) et 31% 2007 (EDS- RDC) pour les enfants de cette tranche d\u2019\u00e2ge ( Nguefack, 2019)<strong>.<\/strong><\/p>\n<p>En effet, faire vacciner l\u2019enfant c\u2019est bien, mais respecter le calendrier vaccinal c\u2019est encore mieux. La r\u00e9alit\u00e9 n\u2019est g\u00e9n\u00e9ralement pas simple, en R\u00e9publique D\u00e9mocratique du Congo comme dans d\u2019autres pays en d\u00e9veloppement o\u00f9 tous les enfants ne b\u00e9n\u00e9ficient pas de la m\u00eame couverture vaccinale, surtout lorsque la m\u00e8re et l\u2019enfant r\u00e9sident dans des milieux o\u00f9 l\u2019acc\u00e8s aux services de sant\u00e9 n\u2019est pas ais\u00e9. En effet, certains enfants ne re\u00e7oivent aucune injection, d\u2019autres ne re\u00e7oivent isol\u00e9ment que le vaccin Polio ou le vaccin DTCoq, d\u2019autres les deux et pourtant il est recommand\u00e9 que les deux vaccins soient administr\u00e9s au m\u00eame moment. Ainsi, lorsque l\u2019on sait que le non-respect du calendrier vaccinal des maladies cibles du PEV dans la petite enfance peut \u00eatre pr\u00e9judiciable pour le bien \u00eatre futur de l\u2019enfant, il est n\u00e9cessaire de savoir ce qui peut entraver la vaccination compl\u00e8te des dits enfants.<\/p>\n<p>Selon le rapport de PEV (Unicef, 2019), Plusieurs facteurs expliquent l\u2019ampleur de l\u2019\u00e9pid\u00e9mie actuelle en RDC. Il y a tout d\u2019abord la couverture vaccinale extr\u00eamement basse dans certaines zones de sant\u00e9 dans l\u2019ensemble du pays par manque de vaccins dans les centres de sant\u00e9, de vaccinateurs ou de structures de soins accessibles. Il y a aussi les difficult\u00e9s \u00e0 garder le vaccin \u00e0 bonne temp\u00e9rature jusqu\u2019\u00e0 l\u2019injection, ce qui r\u00e9duit son efficacit\u00e9, des ruptures de stock au niveau central et des difficult\u00e9s logistiques \u00e0 amener les vaccins jusqu\u2019\u00e0 leur destination finale. Les besoins sont \u00e9normes et le programme national de vaccination ne suffit pas \u00e0 les couvrir. C\u2019est ainsi qu\u2019en 2019, 203.179 cas de rougeole s\u2019est propag\u00e9e dans les 26 provinces du pays, dont 4.000 d\u00e9c\u00e8s. Les enfants de moins de cinq ans repr\u00e9sentent 74% des infections et pr\u00e8s de 90% des d\u00e9c\u00e8s. Le nombre de cas de rougeole en RDC a tripl\u00e9 cette ann\u00e9e par rapport \u00e0 2018. L&#8217;\u00e9pid\u00e9mie de rougeole en RDC est devenue beaucoup plus mortelle que celle d&#8217;Ebola qui, \u00e0 ce jour, a caus\u00e9 2.143 d\u00e9c\u00e8s.<\/p>\n<p>Au cours de notre exp\u00e9rience de terrain, nous sommes confront\u00e9s \u00e0 divers probl\u00e8mes dont les perdus de vue ou abandons de la vaccination auxquels nous avons eu du mal \u00e0 faire face. C&#8217;est pourquoi nous voulons \u00e0 travers cette \u00e9tude apporter notre contribution \u00e0 la r\u00e9duction de ce ph\u00e9nom\u00e8ne. La probl\u00e9matique des abandons de la vaccination a int\u00e9ress\u00e9 plusieurs chercheurs au plan national et international ; en t\u00e9moigne la multitude d&#8217;articles \u00e0 ce sujet. Mais le sujet est loin d&#8217;\u00eatre d\u00e9pass\u00e9. Il est d&#8217;actualit\u00e9. La recrudescence actuelle des maladies \u00e9vitables par la vaccination surtout en milieu urbain africain montre bien que les facteurs en cause ne sont pas tous ma\u00eetris\u00e9s. Ainsi, notre \u00e9tude s&#8217;inscrit \u00e9galement dans la dynamique des recherches op\u00e9rationnelles actuellement voulues par les programmes de vaccination en vue de cerner d&#8217;autres contours du probl\u00e8me. Aussi, \u00e0 notre connaissance aucune \u00e9tude n&#8217;a explor\u00e9 ce probl\u00e8me dans la ville de Mbandaka.<\/p>\n<p>La vaccination permet de sauver la vie de milliers d&#8217;enfants. Elle emp\u00eache \u00e9galement plusieurs millions d&#8217;autres de souffrir de maladies invalidantes et d&#8217;incapacit\u00e9 \u00e0 vie. Il n&#8217;est donc pas surprenant que beaucoup de personnes pensent que l&#8217;acc\u00e8s g\u00e9n\u00e9ralis\u00e9 \u00e0 des vaccins qui sauvent la vie, constitue l&#8217;une des plus grandes r\u00e9ussites de la sant\u00e9 publique de tous les temps.<a id=\"post-4100-_30j0zll\"><\/a> La problematique de notre \u00e9tude tournait autour de la question d\u2019identifier les facteurs explicatifs de l\u2019abandon du calendrier vaccinal des enfants \u00e2g\u00e9s de 6 \u00e0 59 mois dans la zone de sant\u00e9 de Mbandaka\u00a0et nous sommes parti d\u2019une hypothese subjective selon la quelle, les facteurs pr\u00e9caires socioculturels, \u00e9conomiques, facteurs sociod\u00e9mographiques et les facteurs g\u00e9ographiques des m\u00e8res et\/ou des gardiens des enfants de 6 \u00e0 59 mois seraient \u00e0 la base de l\u2019abandon du calendrier vaccinal des enfants \u00e0 Mbandaka. L\u2019objectif g\u00e9n\u00e9ral de la pr\u00e9sente \u00e9tude est de d\u00e9terminer la proportion d\u2019enfants n\u2019ayant pas compl\u00e8tement respect\u00e9 le calendrier vaccinal tel que recommand\u00e9 et identifier les facteurs explicatifs de l\u2019abandon du calendrier vaccinal des enfants de 6 \u00e0 59 mois dans la ville de Mbandaka pouvant conduire \u00e0 la r\u00e9duction tant soit peu de la morbidit\u00e9 et de la mortalit\u00e9.<\/p>\n<ol>\n<li><a id=\"post-4100-_Toc110515102\"><\/a><a id=\"post-4100-_Toc54102627\"><\/a><a id=\"post-4100-_Toc54170280\"><\/a><a id=\"post-4100-_Toc53495257\"><\/a><strong>METHODOLOGIE <\/strong><\/li>\n<\/ol>\n<p>Notre \u00e9tude est r\u00e9trospective cas t\u00e9moins appuy\u00e9e par l\u2019enqu\u00eate de m\u00e9nages avec une m\u00e9thode de sondage en grappe pour mieux d\u00e9crire les facteurs explicatifs de l\u2019abandon du calendrier vaccinal en RD Congo pr\u00e9cis\u00e9ment dans la ville de Mbandaka et quant au domaine, elle est de la sant\u00e9 publique.<\/p>\n<ul>\n<li style=\"list-style-type: none;\">\n<ol>\n<li><strong>SITUATION GEOGRAPHIQUE<\/strong><\/li>\n<\/ol>\n<\/li>\n<\/ul>\n<p>Mbandaka chef-lieu de la Province de l\u2019Equateur est une ville situ\u00e9e enti\u00e8rement dans la cuvette centrale de la rivi\u00e8re gauche du fleuve Congo et de la rivi\u00e8re Ruki, de l\u2019amont vers l\u2019aval. D\u2019une superficie de 1.778 km\u00b2, la ville de Mbandaka s\u2019\u00e9tend sur une longueur d\u2019environ III0 km de Bamanya \u00e0 Bongonde. Population totale\u00a0: 928.3III3 habitants. Sa densit\u00e9 est de 522 habitants\/km\u00b2. Elle est born\u00e9e\u00a0: Au Nord\u00a0: la rive gauche de la Ruki, depuis son point de jonction avec la rive gauche du fleuve Congo jusqu\u2019au confluent Ruki rivi\u00e8re Isondjo\u00a0; A l\u2019Est\u00a0: la rivi\u00e8re Isondjo jusqu\u2019\u00e0 la source\u00a0; A l\u2019Ouest\u00a0: de ce point, la rive gauche du fleuve Congo jusqu\u2019\u00e0 son point de jonction avec la rive gauche de la Ruki\u00a0; Au Sud\u00a0: la rivi\u00e8re Mpandja depuis son confluent \u00e0 la rive gauche l\u2019axe de la route de Mbandaka-Bikoro, de ce point de la route d\u2019int\u00e9r\u00eat local vers le village Boyera. De ce village, un sentier jusqu\u2019\u00e0 sa rencontre avec le lac Mpaku. Quant au climat, la ville de Mbandaka se trouve enti\u00e8rement dans la zone \u00e0 climat \u00e9quatorial qui donne \u00e0 toute la ville une chaleur \u00e9lev\u00e9e car, la temp\u00e9rature moyenne annuelle est de 25\u00b0c\u00a0; le climat est caract\u00e9ris\u00e9 par\u00a0: Une latitude de 0,4\u00b0\u00a0; Des pluies abondantes toute l\u2019ann\u00e9e\u00a0; Longitude de 18\u00b0 1820\u00a0; Une v\u00e9g\u00e9tation dense.<\/p>\n<p>En outre, la ville de Mbandaka se trouve \u00e0 proximit\u00e9 d\u2019une for\u00eat dense et h\u00e9t\u00e9rog\u00e8ne, habitat naturel de beaucoup d\u2019animaux sauvages, notamment, singes, phacoch\u00e8res, antilopes, rongeurs, reptiles ainsi que diverses esp\u00e8ces quartiers Bongondjo, Secli-Wendji, Inganda, Djombo\u2026 (LIKULU EFOLOKO, 2020).<\/p>\n<p>Sur le plan sanitaire, la ville de Mbandaka est constitu\u00e9e de trois zones de sant\u00e9\u00a0; notamment\u00a0: La ZS de Mbandaka\u00a0: fonctionne avec 16 Aires de sant\u00e9.<\/p>\n<p><a id=\"post-4100-_Toc123220417\"><\/a><strong><img loading=\"lazy\" decoding=\"async\" width=\"978\" height=\"529\" class=\"wp-image-4102\" src=\"https:\/\/ijssass.com\/journal\/wp-content\/uploads\/2024\/09\/c-users-user-desktop-mbka-png.png\" alt=\"C:\\Users\\User\\Desktop\\MBKA.png\" srcset=\"https:\/\/ijssass.com\/journal\/wp-content\/uploads\/2024\/09\/c-users-user-desktop-mbka-png.png 978w, https:\/\/ijssass.com\/journal\/wp-content\/uploads\/2024\/09\/c-users-user-desktop-mbka-png-300x162.png 300w, https:\/\/ijssass.com\/journal\/wp-content\/uploads\/2024\/09\/c-users-user-desktop-mbka-png-768x415.png 768w, https:\/\/ijssass.com\/journal\/wp-content\/uploads\/2024\/09\/c-users-user-desktop-mbka-png-150x81.png 150w, https:\/\/ijssass.com\/journal\/wp-content\/uploads\/2024\/09\/c-users-user-desktop-mbka-png-696x376.png 696w, https:\/\/ijssass.com\/journal\/wp-content\/uploads\/2024\/09\/c-users-user-desktop-mbka-png-700x379.png 700w\" sizes=\"auto, (max-width: 978px) 100vw, 978px\" \/><\/strong><\/p>\n<p><img loading=\"lazy\" decoding=\"async\" width=\"958\" height=\"876\" class=\"wp-image-4103\" src=\"https:\/\/ijssass.com\/journal\/wp-content\/uploads\/2024\/09\/word-image-4100-3.png\" srcset=\"https:\/\/ijssass.com\/journal\/wp-content\/uploads\/2024\/09\/word-image-4100-3.png 958w, https:\/\/ijssass.com\/journal\/wp-content\/uploads\/2024\/09\/word-image-4100-3-300x274.png 300w, https:\/\/ijssass.com\/journal\/wp-content\/uploads\/2024\/09\/word-image-4100-3-768x702.png 768w, https:\/\/ijssass.com\/journal\/wp-content\/uploads\/2024\/09\/word-image-4100-3-150x137.png 150w, https:\/\/ijssass.com\/journal\/wp-content\/uploads\/2024\/09\/word-image-4100-3-696x636.png 696w, https:\/\/ijssass.com\/journal\/wp-content\/uploads\/2024\/09\/word-image-4100-3-700x640.png 700w\" sizes=\"auto, (max-width: 958px) 100vw, 958px\" \/><\/p>\n<p><strong>2.2. Population cible et \u00e9chantillon<\/strong><\/p>\n<p><strong>2.2.1. Population cible\u00a0<\/strong><\/p>\n<p>La population \u00e0 laquelle nous nous int\u00e9ressons est celle constitu\u00e9e des m\u00e9nages se trouvant dans la zone de sant\u00e9 de Mbandaka.<\/p>\n<p><strong>2.2.2. Echantillonnage de l\u2019\u00e9tude <\/strong><\/p>\n<p>On appelle \u00e9chantillonnage, l\u2019op\u00e9ration consistant \u00e0 identifier un sous-groupe d\u2019individus dans une population afin d\u2019y recueillir des donn\u00e9es statistiques (Tshimungu, 2023). Ainsi, dans le cadre de notre \u00e9tude, nous avons fait recours \u00e0 un \u00e9chantillonnage, probabiliste en grappe. Pour constituer l\u2019\u00e9chantillon de cette \u00e9tude, l\u2019\u00e9chantillonnage, probabiliste en grappe nous a permis de d\u00e9terminer le nombre des sujets \u00e0 \u00e9chantillonner. Dans le cadre de notre \u00e9tude, les unit\u00e9s statistiques sont compos\u00e9es des parents des enfants de 6 \u00e0 59 mois et susceptible de prendre une d\u00e9cision d\u2019amener son enfant \u00e0 la vaccination. Ainsi, nous avons utilis\u00e9 l\u2019\u00e9chantillonnage en grappes \u00e0 deux degr\u00e9s. Il nous a permis d\u2019obtenir une repr\u00e9sentation \u00e9quivalente. Au premier degr\u00e9, 13 grappes ont \u00e9t\u00e9 tir\u00e9es \u00e0 partir de la liste des aires de sant\u00e9 de la zone de sant\u00e9 de Mbandaka et au deuxi\u00e8me degr\u00e9, les parents des enfants de 6 \u00e0 59 mois ont \u00e9t\u00e9 tir\u00e9s de mani\u00e8re al\u00e9atoire au niveau de 13 m\u00e9nages.<\/p>\n<p><a id=\"post-4100-_3dy6vkm\"><\/a><a id=\"post-4100-_Toc54102632\"><\/a><a id=\"post-4100-_Toc110515107\"><\/a><a id=\"post-4100-_Toc54170285\"><\/a><a id=\"post-4100-_Toc53495261\"><\/a><strong>2.3. M\u00e9thode<\/strong><\/p>\n<p>Notre \u00e9tude est r\u00e9trospective cas t\u00e9moins appuy\u00e9e par l\u2019enqu\u00eate de m\u00e9nages avec une m\u00e9thode de sondage en grappe pour mieux d\u00e9crire les facteurs explicatifs de l\u2019abandon du calendrier vaccinal en RD Congo pr\u00e9cis\u00e9ment dans la ville de Mbandaka.<\/p>\n<p><a id=\"post-4100-_1t3h5sf\"><\/a><a id=\"post-4100-_Toc54170286\"><\/a><a id=\"post-4100-_Toc53495262\"><\/a><a id=\"post-4100-_Toc53922204\"><\/a><a id=\"post-4100-_Toc110515108\"><\/a><a id=\"post-4100-_Toc54102633\"><\/a><a id=\"post-4100-_Toc53922184\"><\/a><a id=\"post-4100-_Toc53921779\"><\/a><a id=\"post-4100-_Toc53921871\"><\/a><strong>2.4. Population d\u2019\u00e9tude<\/strong><\/p>\n<p><a id=\"post-4100-_4d34og8\"><\/a> La population de l\u2019\u00e9tude est l\u2019ensemble dont les \u00e9l\u00e9ments sont choisis parce qu\u2019ils poss\u00e8dent tous une ou plusieurs caract\u00e9ristiques communes et sont de m\u00eame nature. (<strong>NANTCHOUANG, 2009). <\/strong>La population cible est l\u2019ensemble des individus sur lequel les r\u00e9sultats d\u2019une \u00e9tude peuvent \u00eatre appliqu\u00e9s. Notre population cible concerne les responsables ou m\u00e8res\u00a0\/gardiennes des enfants de 6 \u00e0 59 mois cibl\u00e9s\u00a0, habitants la zone de sant\u00e9 de mbandaka. pendant la m\u00eame p\u00e9riode de l\u2019enqu\u00eate et elle \u00e9t\u00e9 choisi d\u2019une mani\u00e8re al\u00e9atoire, vu l\u2019immensit\u00e9 de la ville, les moyens et le temps mat\u00e9riels.<\/p>\n<p>Pour participer \u00e0 cette \u00e9tude, les crit\u00e8res d\u2019inclusion sont subdivis\u00e9s en deux cat\u00e9gories\u00a0:<\/p>\n<ol>\n<li>Cas\u00a0: Les cas sont des enfants de 6 \u00e0 59 mois qui avaient abandonn\u00e9 le calendrier vaccinal<\/li>\n<li>T\u00e9moins\u00a0: Les t\u00e9moins sont des enfants de 6 \u00e0 59 mois qui avaient respect\u00e9 le calendrier vaccinal. Notre population d\u00e9clarante \u00e9tait constitu\u00e9e des responsables ou gardiens des enfants habitant la ville de Mbandaka pr\u00e9cis\u00e9ment dans les grappes choisis et qui ont accept\u00e9 volontairement de participer sans contrainte \u00e0 l\u2019\u00e9tude. <a id=\"post-4100-_17dp8vu\"><\/a><\/li>\n<\/ol>\n<p>La taille de l\u2019\u00e9chantillon sera estim\u00e9e en tenant compte des consid\u00e9rations d\u2019ordre statistique et \u00e9conomique. Les consid\u00e9rations d\u2019ordre statistique imposent une taille minimale au-dessous de laquelle la validit\u00e9 des conclusions ne peut \u00eatre garantie. Les consid\u00e9rations d\u2019ordre \u00e9conomique imposent une taille maximale qui tient compte de ressource disponible (Thierry Ancelle, 2002)<\/p>\n<p>La formule suivante pourra ensuite \u00eatre utilis\u00e9e pour les \u00e9tudes cas-t\u00e9moin\u00a0:<\/p>\n<p>Avec\u00a0: p D\u2019o\u00f9\u00a0:<\/p>\n<ul>\n<li>: Le risque d\u2019erreur de type I ;<\/li>\n<li>(1-\u00df)\u00a0: La puissance souhait\u00e9e et \u00df le risque correspondant\u00a0;<\/li>\n<li>Po\u00a0: La proportion attendue de sujets du groupe non expos\u00e9 qui ont termin\u00e9 le calendrier vaccinal ;<\/li>\n<li>P1\u00a0: La proportion attendue de sujets du groupe expos\u00e9 qui ont abandonn\u00e9 la vaccination ; cette proportion p1 est estim\u00e9e par l\u2019investigateur en fonction de la valeur estim\u00e9e de po et de l\u2019importance entre po et p1 qu\u2019il pense possible et souhaitable de mettre en \u00e9vidence.<\/li>\n<\/ul>\n<p><strong>Calcul de la taille de l\u2019\u00e9chantillon<\/strong><\/p>\n<p>O\u00f9\u00a0: P0= 25 % (le pourcentage des enfants qui ont termin\u00e9 selon le faible niveau d\u2019instruction des m\u00e8res, (EDS 2013 -2014) ;<\/p>\n<p>p=, =0, 325<\/p>\n<p>\u237a=0,05 et donc za= 1,65 pour un test unilat\u00e9ral\u00a0;<\/p>\n<p>1-\u00df=0,80 et \u00df= 0,20 et donc z\u00df= 0,84 pour un test unilat\u00e9ral.<\/p>\n<p>= 136 sujets<\/p>\n<p>Pour maintenir la puissance de l\u2019\u00e9tude suite aux \u00e9ventuels non-r\u00e9pondants, nous allons augmenter la taille de l\u2019\u00e9chantillon de 7,35 % (soit 10 sujets). Ce qui nous am\u00e8nera \u00e0 146. Une proportion d\u2019un cas pour un t\u00e9moin sera retenue pour nous permettre de mettre en \u00e9vidence une diff\u00e9rence significative si elle existe. Donc 146 cas et 146 t\u00e9moins.<a id=\"post-4100-_3rdcrjn\"><\/a> Pour arriver \u00e0 r\u00e9aliser notre \u00e9tude, nous nous sommes servis des donn\u00e9es de la vaccination de routine au niveau de PEV et des donn\u00e9es de premi\u00e8re n\u00e9cessit\u00e9 trouv\u00e9es sur terrain dans les m\u00e9nages de la ville de Mbandaka.<\/p>\n<p>Ainsi nous avons utilis\u00e9 la m\u00e9thode de Lemeshow and Robinson. Pour cette approche m\u00e9thodologique, une liste cumulative des populations cibles est envisag\u00e9e et par un choix al\u00e9atoire ou syst\u00e9matique, on tirera un \u00e9chantillon des communaut\u00e9s\/grappes et un nombre de m\u00e9nage sera s\u00e9lectionn\u00e9 suivant la m\u00e9thodologie de l\u2019OMS.<\/p>\n<ol>\n<li><strong>RESULTATS <\/strong><\/li>\n<\/ol>\n<p><strong>Tableau 1.Description des caract\u00e9ristiques des enqu\u00eat\u00e9s<\/strong><\/p>\n<table>\n<tbody>\n<tr>\n<td><strong>Variables<\/strong><\/td>\n<td><strong>Cas<\/strong><\/td>\n<td><strong>%<\/strong><\/td>\n<td><strong>t\u00e9moins<\/strong><\/td>\n<td><strong>%<\/strong><\/td>\n<td><strong>p<\/strong><\/td>\n<\/tr>\n<tr>\n<td>Antennes<\/p>\n<p>Centre<\/p>\n<p>Est<\/p>\n<p>Ouest<\/td>\n<td>68<\/p>\n<p>90<\/p>\n<p>60<\/td>\n<td>23,3<\/p>\n<p>30,8<\/p>\n<p>20,5<\/td>\n<td>224<\/p>\n<p>202<\/p>\n<p>232<\/td>\n<td>76,7<\/p>\n<p>69,2<\/p>\n<p>79,5<\/td>\n<td>0,012<\/td>\n<\/tr>\n<tr>\n<td>Sexe<\/p>\n<p>Feminin<\/p>\n<p>Masculin<\/td>\n<td>169<\/p>\n<p>49<\/td>\n<td>23,1<\/p>\n<p>33,8<\/td>\n<td>562<\/p>\n<p>96<\/td>\n<td>76,9<\/p>\n<p>66,2<\/td>\n<td>0,007<\/td>\n<\/tr>\n<tr>\n<td>Etat matrimonial<\/p>\n<p>C\u00e9libataire<\/p>\n<p>Mari\u00e9<\/p>\n<p>Union libre<\/p>\n<p>Divorc\u00e9<\/p>\n<p>Veuf<\/td>\n<td>32<\/p>\n<p>159<\/p>\n<p>8<\/p>\n<p>10<\/p>\n<p>9<\/td>\n<td>33,7<\/p>\n<p>22,8<\/p>\n<p>25,8<\/p>\n<p>28,6<\/p>\n<p>47,4<\/td>\n<td>63<\/p>\n<p>537<\/p>\n<p>23<\/p>\n<p>25<\/p>\n<p>10<\/td>\n<td>66,3<\/p>\n<p>77,2<\/p>\n<p>74,2<\/p>\n<p>71,4<\/p>\n<p>52,6<\/td>\n<td>0,028<\/td>\n<\/tr>\n<tr>\n<td>Type d\u2019union<\/p>\n<p>Monoparental<\/p>\n<p>Monogamie<\/p>\n<p>Polygamie<\/p>\n<p>Polyandrie<\/td>\n<td>22<\/p>\n<p>174<\/p>\n<p>11<\/p>\n<p>11<\/td>\n<td>26,5<\/p>\n<p>23,9<\/p>\n<p>23,9<\/p>\n<p>55,0<\/td>\n<td>61<\/p>\n<p>553<\/p>\n<p>35<\/p>\n<p>9<\/td>\n<td>73,5<\/p>\n<p>76,1<\/p>\n<p>76,1<\/p>\n<p>45,0<\/td>\n<td>0,017<\/td>\n<\/tr>\n<tr>\n<td>Personnes qui accompagnent l\u2019enfant<\/p>\n<p>M\u00e8re<\/p>\n<p>Grand-m\u00e8re<\/p>\n<p>Grande s\u0153ur<\/p>\n<p>Tante<\/p>\n<p>Bonne<\/td>\n<td>198<\/p>\n<p>4<\/p>\n<p>10<\/p>\n<p>0<\/p>\n<p>6<\/td>\n<td>24,2<\/p>\n<p>28,6<\/p>\n<p>34,5<\/p>\n<p>0<\/p>\n<p>50,0<\/td>\n<td>621<\/p>\n<p>10<\/p>\n<p>19<\/p>\n<p>2<\/p>\n<p>6<\/td>\n<td>75,8<\/p>\n<p>71,4<\/p>\n<p>65,5<\/p>\n<p>100<\/p>\n<p>50,0<\/td>\n<td>0,167<\/td>\n<\/tr>\n<tr>\n<td>Fonction<\/p>\n<p>Sans profession<\/p>\n<p>Fonctionnaires priv\u00e9<\/p>\n<p>Fonctionnaires public<\/p>\n<p>Informels<\/td>\n<td>127<\/p>\n<p>31<\/p>\n<p>24<\/p>\n<p>36<\/td>\n<td>24,4<\/p>\n<p>23,1<\/p>\n<p>17,4<\/p>\n<p>43,4<\/td>\n<td>394<\/p>\n<p>103<\/p>\n<p>114<\/p>\n<p>47<\/td>\n<td>75,6<\/p>\n<p>76,9<\/p>\n<p>82,6<\/p>\n<p>56,6<\/td>\n<td>0,001<\/td>\n<\/tr>\n<tr>\n<td>Distance pour le site de vaccination<\/p>\n<p>100m<\/p>\n<p>200m<\/p>\n<p>300m<\/p>\n<p>400m<\/p>\n<p>500 et plus<\/td>\n<td>114<\/p>\n<p>74<\/p>\n<p>20<\/p>\n<p>5<\/p>\n<p>5<\/td>\n<td>25,0<\/p>\n<p>27,3<\/p>\n<p>25,0<\/p>\n<p>17,9<\/p>\n<p>12,2<\/td>\n<td>342<\/p>\n<p>197<\/p>\n<p>60<\/p>\n<p>23<\/p>\n<p>36<\/td>\n<td>75,0<\/p>\n<p>72,7<\/p>\n<p>75,0<\/p>\n<p>82,1<\/p>\n<p>87,8<\/td>\n<td>0,275<\/td>\n<\/tr>\n<tr>\n<td>Temps pour atteindre le site de vaccination<\/p>\n<p>Trente minutes<\/p>\n<p>Une heure<\/p>\n<p>Une heure trente<\/p>\n<p>Autres<\/td>\n<td>182<\/p>\n<p>27<\/p>\n<p>3<\/p>\n<p>5<\/td>\n<td>24,4<\/p>\n<p>27,0<\/p>\n<p>20,0<\/p>\n<p>45,5<\/td>\n<td>565<\/p>\n<p>73<\/p>\n<p>12<\/p>\n<p>6<\/td>\n<td>75,6<\/p>\n<p>73,0<\/p>\n<p>80,0<\/p>\n<p>54,5<\/td>\n<td>0,387<\/td>\n<\/tr>\n<tr>\n<td>Accueil au site de vaccination<\/p>\n<p>Bonne<\/p>\n<p>Assez bonne<\/p>\n<p>M\u00e9diocre<\/td>\n<td>97<\/p>\n<p>92<\/p>\n<p>29<\/td>\n<td>20,4<\/p>\n<p>26,1<\/p>\n<p>61,7<\/td>\n<td>379<\/p>\n<p>261<\/p>\n<p>18<\/td>\n<td>79,6<\/p>\n<p>73,9<\/p>\n<p>38,3<\/td>\n<td>0,001<\/td>\n<\/tr>\n<tr>\n<td>Niveau d\u2019instruction<\/p>\n<p>Analphab\u00e8te<\/p>\n<p>Primaire<\/p>\n<p>Secondaire<\/p>\n<p>Universitaire<\/td>\n<td>43<\/p>\n<p>35<\/p>\n<p>94<\/p>\n<p>46<\/td>\n<td>89,6<\/p>\n<p>26,9<\/p>\n<p>18,4<\/p>\n<p>24,7<\/td>\n<td>5<\/p>\n<p>95<\/p>\n<p>418<\/p>\n<p>140<\/td>\n<td>10,4<\/p>\n<p>73,1<\/p>\n<p>81,6<\/p>\n<p>75,3<\/td>\n<td>0,001<\/td>\n<\/tr>\n<tr>\n<td>Confession religieuse<\/p>\n<p>Protestante<\/p>\n<p>Catholique<\/p>\n<p>R\u00e9veille<\/p>\n<p>Autres<\/td>\n<td>22<\/p>\n<p>81<\/p>\n<p>110<\/p>\n<p>5<\/td>\n<td>34,9<\/p>\n<p>25,2<\/p>\n<p>23,8<\/p>\n<p>17,9<\/td>\n<td>41<\/p>\n<p>241<\/p>\n<p>353<\/p>\n<p>23<\/td>\n<td>65,1<\/p>\n<p>74,8<\/p>\n<p>76,2<\/p>\n<p>82,1<\/td>\n<td>0,216<\/td>\n<\/tr>\n<tr>\n<td>Connaissance de la vaccination<\/p>\n<p>Oui<\/td>\n<td>218<\/td>\n<td>24,9<\/td>\n<td>658<\/td>\n<td>75,1<\/td>\n<td><\/td>\n<\/tr>\n<tr>\n<td>Canal d\u2019information<\/p>\n<p>Amis<\/p>\n<p>Maternit\u00e9<\/p>\n<p>M\u00e9dia<\/p>\n<p>Relais communautaires<\/p>\n<p>Centre de sant\u00e9<\/td>\n<td>10<\/p>\n<p>65<\/p>\n<p>15<\/p>\n<p>86<\/p>\n<p>42<\/td>\n<td>14,1<\/p>\n<p>24,3<\/p>\n<p>23,8<\/p>\n<p>26,9<\/p>\n<p>27,3<\/td>\n<td>61<\/p>\n<p>203<\/p>\n<p>48<\/p>\n<p>234<\/p>\n<p>112<\/td>\n<td>85,9<\/p>\n<p>75,7<\/p>\n<p>76,2<\/p>\n<p>73,1<\/p>\n<p>72,7<\/td>\n<td>0,225<\/td>\n<\/tr>\n<tr>\n<td>N\u00e9cessit\u00e9 de la vaccination<\/p>\n<p>Oui<\/td>\n<td>218<\/td>\n<td>24,9<\/td>\n<td>658<\/td>\n<td>55,1<\/td>\n<td><\/td>\n<\/tr>\n<tr>\n<td>Groupe d\u2019\u00e9tude<\/p>\n<p>T\u00e9moins<\/p>\n<p>Cas<\/td>\n<td>57<\/p>\n<p>161<\/td>\n<td>13,0<\/p>\n<p>36,8<\/td>\n<td>381<\/p>\n<p>277<\/td>\n<td>87,0<\/p>\n<p>63,2<\/td>\n<td>0,001<\/td>\n<\/tr>\n<tr>\n<td>Indice \u00e9conomique<\/p>\n<p>Plus d\u2019un dollar<\/p>\n<p>Moins d\u2019un dollar<\/p>\n<p>Un dollar<\/td>\n<td>35<\/p>\n<p>159<\/p>\n<p>24<\/td>\n<td>14,5<\/p>\n<p>30,6<\/p>\n<p>20,9<\/td>\n<td>206<\/p>\n<p>361<\/p>\n<p>91<\/td>\n<td>85,5<\/p>\n<p>69,4<\/p>\n<p>79,1<\/td>\n<td>0,001<\/td>\n<\/tr>\n<tr>\n<td>Importance de recevoir toutes les doses<\/p>\n<p>Oui<\/td>\n<td>218<\/td>\n<td>24,9<\/td>\n<td>658<\/td>\n<td>75,1<\/td>\n<td><\/td>\n<\/tr>\n<\/tbody>\n<\/table>\n<p><strong>Source<\/strong>\u00a0: notre enqu\u00eate sur terrain<\/p>\n<p>Dans ce tableau nos enqu\u00eates prouvent que l\u2019antenne Est, a connu plus d\u2019abandons du calendrier vaccinal soit 30,8 %, que l\u2019antenne centre et l\u2019Ouest avec une diff\u00e9rence significative (p=0,012). Les enfants de la zone de sant\u00e9 de Masina I, ont connu plus d\u2019abandons soient 45,2% que les autres d\u2019une fa\u00e7on significative (p 0,001). Les gens qui sont dans l\u2019informel, pr\u00e9sentent beaucoup d\u2019abandons du calendrier vaccinal soient 43,4% et une relation tr\u00e8s significative est observ\u00e9e entre les fonctions des responsables qui am\u00e8nent les enfants \u00e0 la vaccination (p \u00e0 0,001). L\u2019accueil m\u00e9diocre des responsables des enfants au site de vaccination, influencent plus l\u2019abandon du calendrier vaccinal \u00e0 61,7 % d\u2019une fa\u00e7on significative (p \u00e0 0,001). Pour ce qui concerne le niveau d\u2019instruction, les responsables en analphab\u00e8tes des enfants ont connu plus d\u2019abandon du calendrier vaccinal soient 89,6 % que les autres d\u2019une mani\u00e8re significative (p\u00e0 0,001). Les cas ont plus d\u2019abandon du calendrier vaccinal plus que les t\u00e9moins soient 36,8 % d\u2019une mani\u00e8re significative et ensuite les responsables des enfants qui vivent en dessous d\u2019un dollar, ont beaucoup de probl\u00e8mes d\u2019abandon du calendrier vaccinal (30,6%) d\u2019une mani\u00e8re<\/p>\n<p>significative par rapport aux responsables qui vivent au-dessus d\u2019un dollar ou d\u2019u dollar (p \u00e0 0,001).<\/p>\n<p><strong>Tableau 2.Rapports de cotes non ajust\u00e9s et intervalles de confiance \u00e0 95% pour l\u2019abandon du calendrier vaccinal des enfants de 6 \u00e0 59 mois et les autres variables <\/strong><\/p>\n<table>\n<tbody>\n<tr>\n<td><strong>Variables <\/strong><\/td>\n<td><strong>HR non ajust\u00e9 et l\u2019IC 95% <\/strong><\/td>\n<td><strong>P \u02c2<\/strong><\/td>\n<\/tr>\n<tr>\n<td><strong>1. Sexe <\/strong><\/td>\n<td><\/td>\n<td><\/td>\n<\/tr>\n<tr>\n<td>F\u00e9minin<\/td>\n<td>1,00<\/td>\n<td><\/td>\n<\/tr>\n<tr>\n<td>Masculin<\/td>\n<td>0,99(0,69-1,42)<\/td>\n<td>0,979<\/td>\n<\/tr>\n<tr>\n<td><strong>2. Groupe d\u2019\u00e2ge <\/strong><\/td>\n<td><\/td>\n<td><\/td>\n<\/tr>\n<tr>\n<td>17-24<\/td>\n<td>1,00<\/td>\n<td><\/td>\n<\/tr>\n<tr>\n<td>25-34<\/td>\n<td>0,82(0,47-1,42)<\/td>\n<td>0,478<\/td>\n<\/tr>\n<tr>\n<td>35-44<\/td>\n<td>0,69(0,39-1,21)<\/td>\n<td>0,198<\/td>\n<\/tr>\n<tr>\n<td>45-67<\/td>\n<td>1,13(0,55-2,32)<\/td>\n<td>0,748<\/td>\n<\/tr>\n<tr>\n<td><strong>3. Groupe <\/strong><\/td>\n<td><\/td>\n<td><\/td>\n<\/tr>\n<tr>\n<td>T\u00e9moin<\/td>\n<td>1,00<\/td>\n<td><\/td>\n<\/tr>\n<tr>\n<td>Cas<\/td>\n<td>2,53(1,80-3,54)<\/td>\n<td>0,000<\/td>\n<\/tr>\n<tr>\n<td><strong>4. Indice \u00e9conomique <\/strong><\/td>\n<td><\/td>\n<td><\/td>\n<\/tr>\n<tr>\n<td>Plus d\u2019un dollar<\/td>\n<td>1,00<\/td>\n<td><\/td>\n<\/tr>\n<tr>\n<td>Un dollar<\/td>\n<td>1,89(1,29-2,77)<\/td>\n<td>0,001<\/td>\n<\/tr>\n<tr>\n<td>Moins d&#8217;un dollar<\/td>\n<td>1,51(0,87-2,59)<\/td>\n<td>0,532<\/td>\n<\/tr>\n<tr>\n<td><strong>5. Antenne<\/strong><\/td>\n<td><\/td>\n<td><\/td>\n<\/tr>\n<tr>\n<td>Antenne ouest<\/td>\n<td>1,00<\/td>\n<td><\/td>\n<\/tr>\n<tr>\n<td>Antenne Est<\/td>\n<td>1,02(0,69-1,52)<\/td>\n<td>0,913<\/td>\n<\/tr>\n<tr>\n<td>Antenne Centre<\/td>\n<td>1,84(1,28-2,66)<\/td>\n<td>0,001<\/td>\n<\/tr>\n<tr>\n<td><strong>6. Situation matrimoniale <\/strong><\/td>\n<td><\/td>\n<td><\/td>\n<\/tr>\n<tr>\n<td>Union Monogamique<\/td>\n<td>1,00<\/td>\n<td><\/td>\n<\/tr>\n<tr>\n<td>Union Monoparentale<\/td>\n<td>0,96(0,61-1,51)<\/td>\n<td>0,856<\/td>\n<\/tr>\n<tr>\n<td>Union libre<\/td>\n<td>2,93(1,44-5,94)<\/td>\n<td>0,002<\/td>\n<\/tr>\n<tr>\n<td>Union Polygamique<\/td>\n<td>0,78(0,41-1,49)<\/td>\n<td>0,459<\/td>\n<\/tr>\n<tr>\n<td><strong>7. Responsable de l\u2019enfant pendant la vaccination <\/strong><\/td>\n<td><\/td>\n<td><\/td>\n<\/tr>\n<tr>\n<td>M\u00e8re biologique<\/td>\n<td>1,00<\/td>\n<td><\/td>\n<\/tr>\n<tr>\n<td>Famille \u00e9largie<\/td>\n<td>0,71(0,39-1,29)<\/td>\n<td>0,256<\/td>\n<\/tr>\n<tr>\n<td>Tierce personne<\/td>\n<td>1,26(0,54-2,94)<\/td>\n<td>0,588<\/td>\n<\/tr>\n<tr>\n<td><strong>8. Fonction de l\u2019enqu\u00eat\u00e9 <\/strong><\/td>\n<td><\/td>\n<td><\/td>\n<\/tr>\n<tr>\n<td>Secteur publique<\/td>\n<td>1,00<\/td>\n<td><\/td>\n<\/tr>\n<tr>\n<td>Secteur informel<\/td>\n<td>1,04(0,65-1,66)<\/td>\n<td>0,870<\/td>\n<\/tr>\n<tr>\n<td>Sans profession<\/td>\n<td>1,53(0,83-2,82)<\/td>\n<td>0,171<\/td>\n<\/tr>\n<tr>\n<td>Secteur priv\u00e9<\/td>\n<td>1,06(0,61-1,85)<\/td>\n<td>0,833<\/td>\n<\/tr>\n<tr>\n<td><strong>9. Distance parcourue pour atteindre le site de vaccination <\/strong><\/td>\n<td><\/td>\n<td><\/td>\n<\/tr>\n<tr>\n<td>100 \u00e0 229 m\u00e8tres<\/td>\n<td>1,00<\/td>\n<td><\/td>\n<\/tr>\n<tr>\n<td>300 \u00e0 499 m\u00e8tres<\/td>\n<td>0,91(0,57-1,44)<\/td>\n<td>0,681<\/td>\n<\/tr>\n<tr>\n<td>500 m\u00e8tres et plus<\/td>\n<td>0,41(0,16-1,01)<\/td>\n<td>0,053<\/td>\n<\/tr>\n<tr>\n<td><strong>10. Temps en route pour atteindre le lieu de vaccination <\/strong><\/td>\n<td><\/td>\n<td><\/td>\n<\/tr>\n<tr>\n<td>\u2264 30 min<\/td>\n<td>1,00<\/td>\n<td><\/td>\n<\/tr>\n<tr>\n<td>31 -60 min<\/td>\n<td>0,62(0,31-1,25)<\/td>\n<td>0,180<\/td>\n<\/tr>\n<tr>\n<td>&gt; 60 min<\/td>\n<td>0,84(0,53-1,33)<\/td>\n<td>0,458<\/td>\n<\/tr>\n<tr>\n<td><strong>11. Niveau d\u2019\u00e9tudes des parents <\/strong><\/td>\n<td><\/td>\n<td><\/td>\n<\/tr>\n<tr>\n<td>Secondaire et universitaire<\/td>\n<td>1,00<\/td>\n<td><\/td>\n<\/tr>\n<tr>\n<td>Primaire<\/td>\n<td>6,59(4,49-9,65)<\/td>\n<td>0,000<\/td>\n<\/tr>\n<tr>\n<td>Analphab\u00e8te<\/td>\n<td>1,38(0,94-2,04)<\/td>\n<td>0,100<\/td>\n<\/tr>\n<tr>\n<td><strong>12. Religion <\/strong><\/td>\n<td><\/td>\n<td><\/td>\n<\/tr>\n<tr>\n<td>Catholique<\/td>\n<td>1,00<\/td>\n<td><\/td>\n<\/tr>\n<tr>\n<td>Autres<\/td>\n<td>0,80(0,94-2,01)<\/td>\n<td>0,635<\/td>\n<\/tr>\n<tr>\n<td>Protestante<\/td>\n<td>0,88(0,31-1,48)<\/td>\n<td>0,638<\/td>\n<\/tr>\n<tr>\n<td>R\u00e9veil<\/td>\n<td>0,88(0,52-1,17)<\/td>\n<td>0,378<\/td>\n<\/tr>\n<\/tbody>\n<\/table>\n<p>Source\u00a0: notre enquete sur terrain<\/p>\n<p>Au regard des r\u00e9sultats de ce tableau 9, il est indiqu\u00e9 que l\u2019abandon de calendrier vaccinal n\u2019est pas li\u00e9 au sexe, HR\u00a0: 0,99(0,69-1,42). L\u2019\u00e2ge, le responsable de l\u2019enfant pendant la vaccination, la fonction de l\u2019enqu\u00eat\u00e9, la distance parcourue pour atteindre le site de vaccination<strong>,<\/strong> le temps en route pour atteindre le lieu de vaccination, la religion ne sont pas associ\u00e9s \u00e0 l\u2019abandon du calendrier vaccinal, dans toutes ces variables 1 chevauche leur intervalle de confiance. Par contre il est indiqu\u00e9 clairement que le groupe d\u2019\u00e9tudes est li\u00e9 statistiquement avec l\u2019abandon du calendrier vaccinal, les enfants du groupe cas ont 2,53 fois plus de chance d\u2019abandonner le calendrier vaccinal que les enfants du groupe t\u00e9moin, HR\u00a0: 2,53(1,80-3,54).<\/p>\n<p>Concernant l\u2019indice \u00e9conomique, il est montr\u00e9 que les enfants des familles vivant avec un indice \u00e9conomique d\u2019un dollar ont 89% plus de chance d\u2019abandonner le calendrier vaccinal que les autres, HR\u00a0: 1,89(1,29-2,77)\u00a0; les enfants d\u2019Antenne centre ont 84% plus de chance d\u2019abandonner le calendrier vaccinal que les enfants des autres Antennes, HR\u00a0: 1,84(1,28-2,66). Pour la situation matrimoniale, il est r\u00e9v\u00e9l\u00e9 que les enfants issus de l\u2019union libre avaient 93% plus de chance d\u2019abandonner le calendrier vaccinal que les enfants d\u2019autres unions, HR\u00a0: 2,93(1,44-5,94). Enfin, les enfants des parents \u00e0 niveau d\u2019\u00e9tudes primaire ont eu 6,59 fois plus de chance d\u2019abandonner le calendrier vaccinal que les enfants des parents \u00e0 niveau d\u2019\u00e9tudes secondaire et sup\u00e9rieur et universitaire, HR\u00a0: 6,59 (4,49-9,65).<\/p>\n<p><strong>Tableau 3. Rapports de cotes ajust\u00e9s et intervalles de confiance \u00e0 95% pour l\u2019abandon du calendrier vaccinal des enfants de 6 \u00e0 59 mois et les autres variables<\/strong><\/p>\n<table>\n<tbody>\n<tr>\n<td><strong>Variables <\/strong><\/td>\n<td><strong>HR non ajust\u00e9 et l\u2019IC 95% <\/strong><\/td>\n<td><strong>HR ajust\u00e9 et l\u2019IC 95%<\/strong><\/td>\n<\/tr>\n<tr>\n<td><strong>1. Groupe <\/strong><\/td>\n<td><\/td>\n<td><\/td>\n<\/tr>\n<tr>\n<td>T\u00e9moin<\/td>\n<td>1,00<\/td>\n<td>1,00<\/td>\n<\/tr>\n<tr>\n<td>Cas<\/td>\n<td>2,53(1,80-3,54)<\/td>\n<td>2,53(1,84-3,47)<\/td>\n<\/tr>\n<tr>\n<td><strong>2. Indice \u00e9conomique <\/strong><\/td>\n<td><\/td>\n<td><\/td>\n<\/tr>\n<tr>\n<td>Plus d\u2019un dollar<\/td>\n<td>1,00<\/td>\n<td>1,00<\/td>\n<\/tr>\n<tr>\n<td>Un dollar<\/td>\n<td>1,89(1,29-2,77)<\/td>\n<td>1,84(1,26-2,69)<\/td>\n<\/tr>\n<tr>\n<td>Moins d&#8217;un dollar<\/td>\n<td>1,51(0,87-2,59)<\/td>\n<td>1,31(0,77-2,24)<\/td>\n<\/tr>\n<tr>\n<td><strong>3.Antenne<\/strong><\/td>\n<td><\/td>\n<td><\/td>\n<\/tr>\n<tr>\n<td>Antenne ouest<\/td>\n<td>1,00<\/td>\n<td>1,00<\/td>\n<\/tr>\n<tr>\n<td>Antenne Est<\/td>\n<td>1,02(0,69-1,52)<\/td>\n<td>1,00(0,70-1,45)<\/td>\n<\/tr>\n<tr>\n<td>Antenne Centre<\/td>\n<td>1,84(1,28-2,66)<\/td>\n<td>1,93(1,39-2,70)<\/td>\n<\/tr>\n<tr>\n<td><strong>4.Situation matrimoniale <\/strong><\/td>\n<td><\/td>\n<td><\/td>\n<\/tr>\n<tr>\n<td>Union Monogamique<\/td>\n<td>1,00<\/td>\n<td>1,00<\/td>\n<\/tr>\n<tr>\n<td>Union Monoparentale<\/td>\n<td>0,96(0,61-1,51)<\/td>\n<td>0,94(0,60-1,47)<\/td>\n<\/tr>\n<tr>\n<td>Union Polyandrique<\/td>\n<td>2,93(1,44-5,94)<\/td>\n<td>2,92(1,50-5,69)<\/td>\n<\/tr>\n<tr>\n<td>Union Polygamique<\/td>\n<td>0,78(0,41-1,49)<\/td>\n<td>0,77(0,41-1,45)<\/td>\n<\/tr>\n<tr>\n<td><strong>5. Distance parcourue pour atteindre le site de vaccination <\/strong><\/td>\n<td><\/td>\n<td><\/td>\n<\/tr>\n<tr>\n<td>100 \u00e0 229 m\u00e8tres<\/td>\n<td>1,00<\/td>\n<td>1,00<\/td>\n<\/tr>\n<tr>\n<td>300 \u00e0 499 m\u00e8tres<\/td>\n<td>0,91(0,57-1,44)<\/td>\n<td>0,86(0,56-1,31)<\/td>\n<\/tr>\n<tr>\n<td>500 m\u00e8tres et plus<\/td>\n<td>0,41(0,16-1,01)<\/td>\n<td>0,41(0,17-1,00)<\/td>\n<\/tr>\n<tr>\n<td><strong>6. Niveau d\u2019\u00e9tudes des parents <\/strong><\/td>\n<td><\/td>\n<td><\/td>\n<\/tr>\n<tr>\n<td>Secondaire et universitaire<\/td>\n<td>1,00<\/td>\n<td>1,00<\/td>\n<\/tr>\n<tr>\n<td>Primaire<\/td>\n<td>6,59(4,49-9,65)<\/td>\n<td>1,29(0,88-1,88)<\/td>\n<\/tr>\n<tr>\n<td>Analphab\u00e8te<\/td>\n<td>1,38(0,94-2,04)<\/td>\n<td>6,04(4,19-8,69)<\/td>\n<\/tr>\n<\/tbody>\n<\/table>\n<p>Source\u00a0: notre enquete sur terrain<\/p>\n<p>A la lecture de ce tableau, il est r\u00e9v\u00e9l\u00e9 que le groupe cas avait 2,53 fois plus de chance d\u2019abandonner le calendrier vaccinal que le groupe t\u00e9moin, HR\u00a0: 2,53 (1,84 -3,47). Concernant l\u2019indice \u00e9conomique, il est montr\u00e9 que les enfants vivant dans des familles ayant un indice \u00e9conomique d\u2019un dollar avaient 84% plus de risque d\u2019abandonner le calendrier vaccinal que ceux des familles ayant un indice \u00e9conomique de plus d\u2019un dollar, HR: 1,84(1,26 \u2013 2,69). Par rapport \u00e0 l\u2019antenne, il est montr\u00e9 que les enfants de l\u2019antenne centre avaient 93% plus de chance d\u2019abandonner le calendrier vaccinal que les enfants d\u2019antenne ouest. HR\u00a0: 1,93(1,39 \u2013 2,70). Enfin, les enfants des parents sans niveau d\u2019\u00e9tude ont un haut risque d\u2019abandonner le calendrier vaccinal, HR\u00a0: 6,04 (4,19 \u2013 8,69).<\/p>\n<p>Par contre, la distance parcourue pour atteindre le site de vaccination n\u2019est pas li\u00e9e \u00e0 l\u2019abandon du calendrier vaccinal, 1 chevauche tous les intervalles de confiance.<\/p>\n<p><strong>Graphique. Synth\u00e8se des r\u00e9sultats de l\u2019\u00e9tude <\/strong><\/p>\n<p><img loading=\"lazy\" decoding=\"async\" width=\"737\" height=\"401\" class=\"wp-image-4104\" src=\"https:\/\/ijssass.com\/journal\/wp-content\/uploads\/2024\/09\/word-image-4100-4.png\" srcset=\"https:\/\/ijssass.com\/journal\/wp-content\/uploads\/2024\/09\/word-image-4100-4.png 737w, https:\/\/ijssass.com\/journal\/wp-content\/uploads\/2024\/09\/word-image-4100-4-300x163.png 300w, https:\/\/ijssass.com\/journal\/wp-content\/uploads\/2024\/09\/word-image-4100-4-150x82.png 150w, https:\/\/ijssass.com\/journal\/wp-content\/uploads\/2024\/09\/word-image-4100-4-696x379.png 696w, https:\/\/ijssass.com\/journal\/wp-content\/uploads\/2024\/09\/word-image-4100-4-700x381.png 700w\" sizes=\"auto, (max-width: 737px) 100vw, 737px\" \/><\/p>\n<p>Source\u00a0: nos analyses.<\/p>\n<p>Dans ce graphique il est montr\u00e9 que la tranche d\u2019\u00e2ge entre 45 \u00e0 67 ans, le groupe cas, l\u2019indice \u00e9conomique de moins d\u2019un dollar et celui d\u2019un dollar, l\u2019antenne est, l\u2019\u00e9tat matrimonial polyandrique, l\u2019enfant accompagn\u00e9 par une tierce personne que la m\u00e8re biologique, le niveau d\u2019\u00e9tudes analphab\u00e8te et primaire constituent des facteurs explicatifs de l\u2019abandon du calendrier vaccinal des enfants de 0 \u00e0 11 mois. Par contre, La tranche d\u2019\u00e2ge de 25 \u00e0 34 ans et celle de 35 \u00e0 44 ans, l\u2019union polygamique, la famille \u00e9largie, la distance de 300 \u00e0 499 et 500 ou plus de m\u00e8tres \u00e0 parcourir pour atteindre le site de vaccination, le temps mis en route pour atteindre le site de vaccination de 31 \u00e0 60 minutes et de plus de 60 minutes, les autres religions, la religion protestante, et le r\u00e9veil prot\u00e8gent les enfants de 0 \u00e0 11 mois contre l\u2019a<a id=\"post-4100-_Toc110515129\"><\/a><a id=\"post-4100-_Toc54170308\"><\/a><a id=\"post-4100-_Toc54102654\"><\/a>bandon du calendrier vaccinal.<\/p>\n<ol>\n<li><strong>DISCUSSION <\/strong><\/li>\n<\/ol>\n<p>Les resultats de notre \u00e9tude prouve que 45,2% des enfants qui habitent la Zone de sant\u00e9 de Mbandaka abandonnent le calendrier vaccinal. Pour les sexes, 38,8% de responsables des enfants enqu\u00eat\u00e9s \u00e9taient de sexe masculin, la majorit\u00e9 soit 47% d\u2019enfants des veuf(e) abandonnent plus le calendrier vaccinal, 55% d\u2019enfants de menage monogamiques abandonnent le calendrier vaccinal, 50% d\u2019enfants accompagn\u00e9s par les bonnes abandonnent plus le calendrier vaccinal.<\/p>\n<p>Pour ce qui concerne l\u2019occupation des responsables des enfants, 43,4% d\u2019enfants de parents qui sont dans les activit\u00e9s informelles abandonnent plus le calendrier vaccinal.Concernant la distance pour atteindre le site de vaccination 27,3% d\u2019enfants des responsables des enfants qui restent \u00e0 une distance \u00e9troite, abandonnent plus le calendrier vaccinal. Les enfants des responsables qui font plus des temps pour atteindre le site de vaccination pr\u00e9sentent un taux plus \u00e9lev\u00e9 d\u2019abandon du calendrier vaccinal soit 45,5%.<\/p>\n<p>L\u2019abandon du calendrier vaccinal des enfants des m\u00e8res en analphab\u00e8tes \u00e9tait de 89,6%. Pour les confessions religieuses, 34,6% d\u2019enfants des responsables qui prient chez les protestants abandonnent plus le calendrier vaccinal.Les enfants des responsables qui sont plus inform\u00e9s sur la vaccination au niveau de centre de sant\u00e9 abandonnent le calendrier vaccinal soit 27,3%.A ce qui concerne le revenu dans les menages,30,6% d\u2019enfants des responsables qui vivent en dessous d\u2019un dollar am\u00e9ricain abandonnent le calendrier vaccinal. En outre\u00a0; il a \u00e9t\u00e9 r\u00e9v\u00e9l\u00e9 que le groupe cas avait 2,53 fois plus de chance d\u2019abandonner le calendrier vaccinal que le groupe t\u00e9moin, HR\u00a0: 2,53 (1,84 -3,47). Concernant le faible revenu, il est montr\u00e9 que les enfants vivant dans des menages ayant un faible revenu d\u2019un dollar avaient 84% plus de risque d\u2019abandonner le calendrier vaccinal que ceux des menages ayant un revenu de plus d\u2019un dollar, HR\u00a0: 1,84(1,26 \u2013 2,69). Par rapport \u00e0 l\u2019antenne, il a \u00e9t\u00e9 montr\u00e9 que les enfants de l\u2019antenne centre avaient 93% plus de chance d\u2019abandonner le calendrier vaccinal que les enfants d\u2019antenne ouest. HR\u00a0: 1,93(1,39 \u2013 2,70). Enfin, les enfants des parents sans niveau d\u2019\u00e9tude ont un haut risque d\u2019abandonner le calendrier vaccinal, HR\u00a0: 6,04 (4,19 \u2013 8,69).<\/p>\n<p>Il est toujours difficile de comparer les r\u00e9sultats obtenus entre diff\u00e9rentes juridictions lorsque les m\u00e9thodologies de collecte des donn\u00e9es sont diff\u00e9rentes et lorsque la qualit\u00e9 des sources de donn\u00e9es varie d\u2019un pays \u00e0 l\u2019autre. (Huguette, 2019)<strong>, d\u00e9montre<\/strong> dans son \u00e9tude sur les d\u00e9terminants de la faible couverture vaccinale en RD Congo que <strong>le<\/strong> niveau socio-\u00e9conomique est l\u2019une des causes de la faible utilisation des services de vaccination. L\u2019auteur montre qu\u2019au Burkina Faso pr\u00e9cis\u00e9ment dans le district de Pissy, il a \u00e9t\u00e9 constat\u00e9 que les raisons de non \u2013 vaccination des enfants \u00e9taient le niveau \u00e9conomique des m\u00e8res, car 64% de celles de niveau \u00e9conomique bas, habitant en milieu p\u00e9ri urbain avaient plus de mal d\u2019amener leurs enfants pour les faire vacciner.<\/p>\n<p>Ces r\u00e9sultats corroborent avec les n\u00f4tres qui confirment que 30,6%d\u2019enfants des responsables qui vivent en dessous d\u2019un dollar am\u00e9ricain abandonnent le calendrier vaccinal. <strong>ALYM.GUINDO 2011 <\/strong>stipule dans son \u00e9tude sur les raison d\u2019abandon de la vaccination de routine dans la r\u00e9gion de Koulikoro que<strong>,<\/strong> les m\u00e8res d\u00e9j\u00e0 trop occup\u00e9es par les travaux publiques ou domestiques s\u2019impatientent et partent souvent avec les enfants sans qu\u2019ils ne soient vaccin\u00e9s. L\u2019EDS \u2013 IV Mali a obtenu un taux identique \u00e0 celui de cette \u00e9tude 68%. Chaque district a obtenu respectivement 75% \u00e0 Nara et 60% \u00e0 Kati<strong>. <\/strong>Notre \u00e9tude le confirme du fait qu\u2019apr\u00e8s notre enqu\u00eate, nous avons constat\u00e9 que 43,4% d\u2019enfants dont leurs responsables sont dans les activit\u00e9s informelles abandonnent le calendrier vaccinal.<\/p>\n<p>(F\u00e9licit\u00e9e et al., 2018), affirment dans son \u00e9tude sur les d\u00e9terminants et raisons de non vaccination compl\u00e8te\u00a0des enfants hospitalis\u00e9s, la plupart des parents connaissaient la vaccination 86,3% ainsi que son r\u00f4le 92,1% avec comme source principale les personnels de sant\u00e9 68,4%. La compl\u00e9tude vaccinale globale \u00e9tait de 40%, soit 65,9% et 50,3% pour le vaccin de routine (PEV) et hors PEV respectivement &#8211; les r\u00e9sultats des focus groupes qu&#8217;il a r\u00e9alis\u00e9s montraient que les m\u00e8res \u00e9taient satisfaites des services de vaccination (bon accueil, convenance des horaires de vaccination).<\/p>\n<p>Les caract\u00e9ristiques sociod\u00e9mographiques de notre \u00e9tude confirment les r\u00e9sultats de l\u2019\u00e9tude de MIAKA (2019) avec l\u2019\u00e9quipe de l\u2019OMS avaient effectu\u00e9 une \u00e9tude intitul\u00e9e \u00ab\u00a0investigation de la flamb\u00e9e de rougeole dans la zone de sant\u00e9 de NSONGA-MPANGU (province du Kongo central)\u00a0\u00bb. Il convient de noter que cette \u00e9tude visait \u00e0 analyser l\u2019ampleur du probl\u00e8me en terme de temps, lieu et personnes dans la zone de NSONGA-MPANGU\u00a0; \u00e9valuer la r\u00e9ponse de la zone de sant\u00e9 \u00e0 cette flamb\u00e9e de rougeole, renforcer les capacit\u00e9s de l\u2019\u00e9quipe cadre de la zone de sant\u00e9 et des aires de sant\u00e9 touch\u00e9es et \u00e9valuer des besoins pour la prise en charge des cas de rougeole. Les auteurs \u00e9taient inquiets de l\u2019augmentation soudaine du nombre de cas de rougeole notifi\u00e9 par la zone de sant\u00e9 de NSONGA-MPANGU depuis la 18<sup>\u00e8me<\/sup> semaine, se poursuivant au cours de la 19<sup>\u00e8me<\/sup> et la 20<sup>\u00e8me<\/sup> semaine. Pour mener cette \u00e9tude, l\u2019auteur et ses collaborateurs avaient utilis\u00e9s les techniques suivantes\u00a0; Revues documentaires au niveau du bureau central de la zone de sant\u00e9, de l\u2019h\u00f4pital g\u00e9n\u00e9ral de r\u00e9f\u00e9rence et des centres de sant\u00e9 qui ont notifi\u00e9 des cas\u00a0; Interview au personnel de sant\u00e9 et des relais communautaires\u00a0; Recherche active de cas additionnels au sein de la communaut\u00e9\u00a0; L\u2019investigation s\u2019est d\u00e9roul\u00e9e du 02 au 29 mai 2017\u00a0: A l\u2019issue de cette \u00e9tude, les auteurs ont obtenu les r\u00e9sultats ci-apr\u00e8s\u00a0: Le nombre de cas augmentait chaque semaine depuis la 18<sup>\u00e8me<\/sup> semaine de l\u2019ann\u00e9e 2017\u00a0; Les aires de sant\u00e9 touch\u00e9es \u00e9taient voisines et situ\u00e9es au sud-est de la zone de sant\u00e9 NSONGA-MPANGU\u00a0; Les enfants de moins de 59 mois \u00e9taient le plus touch\u00e9s avec 31 cas sur 60 cas notifi\u00e9s soit 52% de cas, 5 enfants de moins de 9 mois \u00e9taient atteints de la maladie\u00a0; Parmi les cas, 50 % d\u2019enfants avaient re\u00e7u une dose de vaccin contre la rougeole, le statut vaccinal de 15 % des enfants n\u2019\u00e9taient pas connu et 35 % d\u2019enfants n\u2019\u00e9taient pas vaccin\u00e9\u00a0; La faible couverture VAR dans ces aires de sant\u00e9 \u00e9tait de moins de 80 %, Une insuffisance des activit\u00e9s de vaccination de routine avec beaucoup d\u2019occasion manqu\u00e9es\u00a0; La grande promiscuit\u00e9 de populations vivant dans les villages de ces aires de sant\u00e9, mauvaises conditions de conservation de vaccin au niveau du site de stockage secondaire et l\u2019insuffisance de la capacit\u00e9 de prise en charge des cas dans les structures de sant\u00e9 fonctionnant dans ces aires de sant\u00e9 sont les facteurs favorisant la rougeole.<\/p>\n<p>( Seck, 2016), Les sources d\u2019information qui ont permis aux m\u00e8res ou gardiennes d\u2019enfants de conna\u00eetre le calendrier vaccinal \u00e9taient les relais (49,1 %), les agents de sant\u00e9 (41,5 %), les voisins (4,7 %), les chefs de villages (2,9 %), les radios\/t\u00e9l\u00e9visions (1,2 %) et les autres sources dans 0,6 % des cas.Cette \u00e9tude s\u2019approche \u00e0 la n\u00f4tre, malgr\u00e9 que 75,1% des responsables des enfants avaient une connaissance sur la vaccination, 29,9% d\u2019enfants des responsables qui n\u2019avaient pas de connaissance sur la vaccination abandonnent le calendrier vaccinal. Cela justifie que les m\u00e8res ou gardiennes des enfants de 0 \u00e0 11 mois ne sont pas bien inform\u00e9 sur le calendrier vaccinal.<\/p>\n<p>Pour (Dhs, 2014), au cour de la deuxi\u00e8meenqu\u00eate d\u00e9mographique sanitaire, la couverture vaccinale varie en fonction du niveau d\u2019instruction de la m\u00e8re\u00a0:38% d\u2019enfants dont la m\u00e8re a un niveau primaire sont compl\u00e9tement vaccin\u00e9s contre 42% de ceux dont la m\u00e8re n\u2019a aucun niveau d\u2019instruction et 54%parmi ceux dont la m\u00e8re a un niveau secondaire .Le taux de couverture vaccinale augmente avec l\u2019indice \u00e9conomique du m\u00e9nage de l\u2019enfant\u00a0:de 36% dans les m\u00e9nages du quintile le plus bas ,le taux passe \u00e0 65% dans les m\u00e9nages class\u00e9s dans le quintile le plus \u00e9lev\u00e9 . Les r\u00e9sultants sont les m\u00eames avec ceux observ\u00e9s dans notre enqu\u00eate.<\/p>\n<p>Observant les resulttas de l\u2019\u00e9tude de<strong> Kalambayi B.et coll 2010,<\/strong> il ressort de ses resultats, men\u00e9e au Burkina que la connaissance des parents sur le vaccin et la vaccination en milieu rural a \u00e9t\u00e9 un des facteurs de non ach\u00e8vement du calendrier vaccinal.D\u2019o\u00f9, les enfants des parents non-instruits dans des secteurs ruraux avaient un taux d\u2019abandon plus \u00e9lev\u00e9. L\u2019absence d\u2019une bonne information au sujet de la vaccination, du carnet de vaccination ainsi que des facteurs \u00e9conomiques et religieux semblaient affecter l\u2019ach\u00e8vement du calendrier vaccinal des enfants.Ces r\u00e9sultats sont comparativement \u00e0 ceux de notre \u00e9tude qui prouve que lesenfants qui habitent la Zone de sant\u00e9Urbano ruraletelle que de Masina Iavait un taux d\u2019abandondu calendrier vaccinal de 45,2%.<\/p>\n<ol>\n<li><a id=\"post-4100-_Toc110515132\"><\/a><a id=\"post-4100-_Toc54102657\"><\/a><a id=\"post-4100-_Toc54170311\"><\/a><strong>CONCLUSION <\/strong><\/li>\n<\/ol>\n<p>La vaccination est un moyen de stimuler la croissance d\u2019un pays, elle est aussi un moyen le plus efficace pour sauver la vie des enfants. Notre \u00e9tude avait pour objectif de d\u00e9terminer la proportion d\u2019enfants n\u2019ayant pas compl\u00e8tement respect\u00e9 le calendrier vaccinal tel que recommand\u00e9 et identifier les facteurs explicatifs de l\u2019abandon du calendrier vaccinal des enfants de 6 \u00e0 59 mois dans la ville de Mbandaka pouvant conduire \u00e0 la r\u00e9duction tant soit peu de la morbidit\u00e9 et de la mortalit\u00e9. Notre hypoth\u00e8se stipulait que les facteurs socioculturels, \u00e9conomiques, facteurs sociod\u00e9mographiques et les facteurs g\u00e9ographiques des m\u00e8res et\/ou des gardiens de ces enfants seraient \u00e0 la base de l\u2019abandon du calendrier vaccinal. Notre population cible concerne les responsables ou m\u00e8res\u00a0\/gardiennes et nous avons recouru \u00e0 une m\u00e9thode d\u2019enqu\u00eate, bas\u00e9e sur l\u2019interview et \u00e0 l\u2019\u00e9chantillonnage probabiliste ou sondage en grappe pour mieux d\u00e9crire les facteurs explicatifs de l\u2019abandon du calendrier vaccinal. Notre \u00e9tude Le traitement des donn\u00e9es a \u00e9t\u00e9 fait en Excel ou les donn\u00e9es ont \u00e9t\u00e9 saisies, codifi\u00e9es, export\u00e9es en SPSS 16,0 et analys\u00e9es avec le logiciel R studio.<\/p>\n<p>Dans cette \u00e9tude,nous avons d\u00e9couvert les d\u00e9terminants sociaux suivants\u00a0: le groupe cas, les enfants vivant dans des familles ayant un indice \u00e9conomique d\u2019un dollar, les enfants de l\u2019antenne est, les enfants des m\u00e8res polyandriques et les enfants des parents sans niveau d\u2019\u00e9tudes.<\/p>\n<p>Eu \u00e9gard \u00e0 nos r\u00e9sultats, nous confirmons notre hypoth\u00e8se car, le groupe cas avait 2,53 fois plus de chance d\u2019abandonner le calendrier vaccinal que le groupe t\u00e9moin, HR\u00a0: 2,53 (1,84 -3,47). Concernant le revenu de menages, il est montr\u00e9 que les enfants vivant dans les menages ayant un revenu d\u2019un dollar avaient 84% plus de risque d\u2019abandonner le calendrier vaccinal que ceux des familles ayant un revenu de plus d\u2019un dollar, HR: 1,84(1,26 \u2013 2,69). Par rapport \u00e0 l\u2019antenne, il est montr\u00e9 que les enfants de l\u2019antenne centre avaient 93% plus de chance d\u2019abandonner le calendrier vaccinal que les enfants d\u2019antenne ouest. HR\u00a0: 1,93(1,39 \u2013 2,70). Enfin, les enfants des parents sans niveau d\u2019\u00e9tude ont un haut risque d\u2019abandonner le calendrier vaccinal, HR\u00a0: 6,04 (4,19 \u2013 8,69). Par contre, la distance parcourue pour atteindre le site de vaccination n\u2019est pas li\u00e9e \u00e0 l\u2019abandon du calendrier vaccinal, 1 chevauche tous les intervalles de confiance. Nous estimons que ces indicateurs permettront de prendre de d\u00e9cisions, d\u2019orienter l\u2019information et de r\u00e9v\u00e9ler le d\u00e9fi sur l\u2019abandon de la vaccination des enfants de 0 \u00e0 11 mois dans le but d\u2019aider nos enfants d\u2019\u00e9viter les maladies pr\u00e9ventives par la vaccination enfin d\u2019am\u00e9liorer leur \u00e9tat de bien-\u00eatre.<\/p>\n<ul>\n<li style=\"list-style-type: none;\">\n<ol>\n<li><strong>SUGGESTIONS <\/strong><a id=\"post-4100-_Toc41111564\"><\/a>\n<ol>\n<li><strong>Au Gouvernement de la R\u00e9publique D\u00e9mocratique du Congo<\/strong><\/li>\n<\/ol>\n<\/li>\n<\/ol>\n<\/li>\n<li>Mat\u00e9rialiser la gratuit\u00e9 de l\u2019enseignement jusqu\u2019au niveau secondaire pour permettre \u00e0 toute la population congolaise d\u2019avoir un minimum d\u2019\u00e9ducation du niveau secondaire\u00a0;<\/li>\n<li>Renforcer les quatre axes suivants au niveau des toutes les zones de sant\u00e9 de la ville de Kinshasa \u00e0 savoir (i) le d\u00e9veloppement des activit\u00e9s de communication de masse et de proximit\u00e9, (ii) le renforcement des dynamiques communautaires au niveau des aires de sant\u00e9 en partenariat avec les ONG et les Organisations Communautaires de Base (OCB), (iii) la mise en \u0153uvre des plans \u00ab Atteindre Chaque zone de sant\u00e9 (ACZS) \u00bb pour am\u00e9liorer les couvertures vaccinales de routine au niveau des points de prestation de service et (iv) l\u2019am\u00e9lioration de l\u2019offre de service par une int\u00e9gration des activit\u00e9s promotionnelles, pr\u00e9ventives, curatives et r\u00e9-adaptatives.<\/li>\n<li>Pacifier la paix \u00e0 toute l\u2019\u00e9tendue de la RDC contre les groupes arm\u00e9s, la guerre et les conflits tribaux.<\/li>\n<li>Pacifier toute l\u2019\u00e9tendue de la RDC contre les groupes arm\u00e9s et les conflits tribaux\u00a0;\n<ul>\n<li style=\"list-style-type: none;\">\n<ol>\n<li><strong>Aux parents des enfants de 6 0 59 mois de la ville de Mbandaka et environ <\/strong><\/li>\n<\/ol>\n<\/li>\n<\/ul>\n<\/li>\n<li>Assurer \u00e0 tous les enfants (filles ou gar\u00e7ons) la vaccination avec respect du calendrier selon les normes du programme \u00e9largi pour la vaccination\u00a0;<\/li>\n<li>De d\u00e9courager les aventures des mariages polyandriques chez les femmes qui habitent la ville de Mbandaka\u00a0;<\/li>\n<li>Assurer une bonne prise en charge d\u2019amener r\u00e9guli\u00e8rement les enfants \u00e0 la vaccination.\n<ul>\n<li style=\"list-style-type: none;\">\n<ol>\n<li><strong>A la Zone de sant\u00e9 de Mbnadaka <\/strong><\/li>\n<\/ol>\n<\/li>\n<\/ul>\n<\/li>\n<li>Contribuer dans la sensibilisation des parents sur la vaccination et le respect du calendrier vaccinal\u00a0des enfants de 0 \u00e0 11 mois\u00a0;<\/li>\n<li>Organiser les campagnes de vaccination ;<\/li>\n<li>Former le personnel capable \u00e0 \u00e9duquer les parents \u00e0 fr\u00e9quenter r\u00e9guli\u00e8rement la CPS\u00a0;<\/li>\n<li>Faire le suivi et les supervisions dans les sites de vaccination, au niveau des Zones de sant\u00e9 et Aires de sant\u00e9.<\/li>\n<\/ul>\n<ol>\n<li><a id=\"post-4100-_Toc54102660\"><\/a><a id=\"post-4100-_Toc54170314\"><\/a><a id=\"post-4100-_Toc110515135\"><\/a><strong>BIBLIOGRAPHIE<\/strong><\/li>\n<li>Aubry, P. (2018). <em>Rapport de l \u2019 \u00e9valuation conjointe ( JA ) 2018 RDC<\/em>.<\/li>\n<li>Benchmark (2020) Dictionnaire de l\u2019internaute sur Iphone<\/li>\n<li>Bobossi-Serengb\u00e9 G, Fioboy R, Ndoyo J, N. E. (2014. (2014). Les occasions manqu\u00e9es de vaccination chez les enfants de 0 \u00e0 11 mois \u00e0 Bangui. <em>J P\u00e9diatrie Pu\u00e9riculture<\/em>, <em>27(6)<\/em>, 289\u2013293.<\/li>\n<li>Carole, L. A. (2013). <em>Obstacles \u00e0 la r\u00e9alisation du calendrier vaccinal chez l\u2019enfant<\/em>.<\/li>\n<li>Copyright (2020).Sanru, Sant\u00e9 pour tous et par tous. Calendrier vaccinal.<\/li>\n<li>Dhs, M. (2014). <em>Deuxi\u00e8me enqu\u00eate d\u00e9mographique et de sant\u00e9 (eds-rdc ii 2013-2014)<\/em>.<\/li>\n<li>F\u00e9licit\u00e9e, N., Hermann, N. D., &amp; Andreas, C. et al. (2018). D\u00e9terminants et Raisons de Non Vaccination Compl\u00e8te des Enfants Hospitalis\u00e9s dans deux H\u00f4pitaux de R\u00e9f\u00e9rence P\u00e9diatrique \u00e0 Yaound\u00e9. <em>Health Sciences and Disease<\/em>, <em>19<\/em>(June), 81\u201388.<\/li>\n<li>HEADY C. et al. (2000). <em>What is the effect of child labour on learning achievement? Evidence from Ghana.<\/em><\/li>\n<li>Ibrahima Seck, B. D. et all. (2016). <em>D\u00e9terminants sociaux de la couverture vaccinale de routine des enfants de 12 \u00e0 23 mois dans la r\u00e9gion de Kaolack, S\u00e9n\u00e9gal<\/em>. 807\u2013815.<\/li>\n<li>Kabinda, J., Mitashi, P., Kakudji, A., Nyembo, A., Bisimwa, B., Mapatano, A., &amp; M, F. C. (2019). <em>DOCUMENTATION DE L \u2019 APPROCHE ANTENNE POUR LE RENFORCEMENT DE LA VACCINATION DE ROUTINE ET DES STRATEGIES AVANCEES CIBLEES INTEGREES DANS LE CADRE DE L \u2019 ACCELERATION DE L \u2019 ELIMINATION DU TETANOS NEO-<\/em>. 1\u201389.<\/li>\n<li>Kandala, N., Madungu, T. P., Kayembe, P. K., &amp; Emina, J. (2014). <em>Child mortality in the Democratic Republic of Congo\u202f: cross-sectional evidence of the effect of geographic location and prolonged conflict from a national household survey<\/em>. <em>March<\/em>. <a href=\"https:\/\/doi.org\/10.1186\/1471-2458-14-266\">https:\/\/doi.org\/10.1186\/1471-2458-14-266<\/a><\/li>\n<li>Kiely Marilou, N. (n.d.). <em>Enqu\u00eate sur la couverture vaccinale des enfants de 1 an et 2 ans au Qu\u00e9bec en 2016<\/em>.<\/li>\n<li>M Kiely, MN Billard, E Toth, JG Zafack, M Landry\u2026 &#8211; Vaccine, 2018 &#8211; ElsevierKiely, M. (2018). <em>Impact de l\u2019ajout de nouveaux vaccins, des retards vaccinaux et des m\u00e9thodes de collecte de l\u2019information vaccinale sur l\u2019estimation de la couverture vaccinale \u00e0 24 mois<\/em>.<\/li>\n<li>M.Alym Et, S., Recherche, D. E. L. A., &amp; Bamako, U. D. E. (2011). <em>LES RAISONS D \u2019 ABANDON DE LA VACCINATION<\/em>.<\/li>\n<li>Mamadou (2011). D\u00e9terminants Communautaires de la fr\u00e9quence \u00e9lev\u00e9e des abandons de la vaccination entre le BCG et le VAR chez les enfants de 0 \u00e0 11 mois dans la ville de Pouytenga (Burkina Faso)<\/li>\n<li>Minisant\u00e9 (cote d\u2019ivoire). (2020). <em>PLAN PLURI-ANNUEL COMPLET<\/em>.<\/li>\n<li>MINISANTE 2019, P. (2019). <em>Plan Pluri Annuel Complet du PEV de la R\u00e9publique D\u00e9mocratique du Congo,<\/em> 2015\u20132019.<\/li>\n<li>MWELWA (2017). Les facteurs associ\u00e9s au statut Vaccinal non optimal des Nourrissons dans la Zone de Sant\u00e9 de Kisanga.<\/li>\n<li>Nantcharang (2009). Impact de l\u2019absence des conseillers d\u2019orientation \u00e0 l\u2019\u00e9cole primaire sur les rendements des \u00e9l\u00e8ves en cycle post primaire, \u00e9cole normale des instituteurs du Cameroun.<\/li>\n<li>NEW YORK\/GEN\u00c8VE. (n.d.). <em>Couverture vaccinale15 juillet 2020<\/em>.<\/li>\n<li>OMS (2016). Strat\u00e9gies et pratiques Mondiales de vaccination syst\u00e9matique (SPMVS)<\/li>\n<li>OMS 2018 en Afrique La R\u00e9publique D\u00e9mocratique. (n.d.). <em>Le plan d\u2019urgence pour la relance de la vaccination syst\u00e9matique en RDC\/KINSHASA, 11 OCTOBRE 2018<\/em>. 2018.<\/li>\n<li>OMS BRUXELLE. (2020). <em>Couverture vaccinale15 juillet 2020<\/em>.<\/li>\n<li>OMS COVID-19, V. et. (2020). <em>Campagnes mondiales de sant\u00e9 publique de l\u2019OMS\/2020<\/em>.<\/li>\n<li>OMS, U. (2020). <em>Soutien de l\u2019OMS au maintien des initiatives de vaccination pendant la pand\u00e9mie de COVID-1914 juillet 2020<\/em>.<\/li>\n<li>OMS. (2009). <em>Donn\u00e9es mondiales de vaccination.<\/em><a href=\"http:\/\/www.who.int\/immunizationmonitoring\/data\/en%20Visit\u00e9%20le%2028\/11\/2012\">www.who.int\/immunizationmonitoring\/data\/en Visit\u00e9 le 28\/11\/2012<\/a>.<\/li>\n<li>OMS. (2010). <em>Rapport r\u00e9gion africaine lors de la r\u00e9union du groupe strat\u00e9gique consultatif d\u2019experts sur la vaccination. Relev\u00e9 \u00e9pid\u00e9miologique hebdomadaire, No. 22, pp200-202.2001<\/em>, 1\u201314.<\/li>\n<li>OMS. (2017). <em>Campagnes mondiales de sant\u00e9 publique de l\u2019OMS 24-30 avril 2017<\/em>.<\/li>\n<li>PEV (2019). Plan Pluri Annuel Complet RDC (https \/\/ extranet.who.int&gt;files)<\/li>\n<li>Rahman et al, (2010) ,Determination of factors affecting the vaccination status of children aged 12\u201335 months in Lao People\u2019s Democratic Republic.<\/li>\n<li>Simon Franky Baonga Ba Pouth, D. K. (2012). <em>Couverture vaccinale et facteurs associ\u00e9s \u00e0 la non compl\u00e9tude vaccinale des enfants de 12 \u00e0 23 mois du district de sant\u00e9 de Djoungolo-Cameroun en 2012<\/em>.<\/li>\n<li>UNICEF 2010. (n.d.). <em>SEMAINE DE VACCINATION DES AMERICAINS 2010<\/em>.<\/li>\n<li>UNICEF 2020, D. P. (n.d.). <em>La baisse des taux de vaccination en R\u00e9publique D\u00e9mocratique du Congo pourrait entra\u00eener la r\u00e9surgence de maladies mortelles<\/em>.<\/li>\n<li>Unicef. (2019). <em>RAPPORT DE PEV, Kinshasa\/Dakar\/GENEVA\/ NEWYORK, 9 octobre 2019<\/em>.<\/li>\n<li>UNICEF. (2020). <em>RAPPORT DE PEV, KINSHASA\/DAKAR \/ GENEVA \/ NEWYORK, 2020<\/em>.<\/li>\n<li>Vaccination, S. U. R. L. A., &amp; Afrique, E. N. (2016). <em>Conf\u00e9rence minist\u00e9rielle sur la vaccination en afrique<\/em>.<\/li>\n<li>w.w.w. Logo doctissimo.fr. Vaccination (2018).<\/li>\n<li>Zakar et al. (2014). Factors associated with non-utilization of child immunization in Pakistan: evidence from the Demographic and Health Survey 2006-07<\/li>\n<\/ol>\n<p>\u2606 <a id=\"post-4100-_bookmark2\"><\/a>FACTEURS EXPLICATIFS DE L\u2019ABANDON DU CALENDRIER VACCINAL CHEZ LES ENFANTS DE 6 \u00e0 59 MOIS A LA ZONE DE SANTE URBANO-RURALE DE MBANDAKA<\/p>\n","protected":false},"excerpt":{"rendered":"<p>ABSTRACT La vaccination compte parmi les interventions de Sant\u00e9 publique les plus efficaces qui soient. Il \u00e9tait question d\u2019identifier les&#8230;<\/p>\n","protected":false},"author":21,"featured_media":0,"comment_status":"open","ping_status":"closed","sticky":false,"template":"","format":"standard","meta":{"footnotes":""},"categories":[124],"tags":[],"class_list":["post-4100","post","type-post","status-publish","format-standard","hentry","category-articles","wpcat-124-id"],"yoast_head":"<!-- This site is optimized with the Yoast SEO plugin v25.8 - https:\/\/yoast.com\/wordpress\/plugins\/seo\/ -->\n<title>FACTEURS EXPLICATIFS DE L\u2019ABANDON DU CALENDRIER VACCINAL CHEZ LES ENFANTS DE 6 \u00e0 59 MOIS A LA ZONE DE SANTE URBANO-RURALE DE MBANDAKA - IJSSASS Repository<\/title>\n<meta name=\"robots\" content=\"index, follow, max-snippet:-1, max-image-preview:large, max-video-preview:-1\" \/>\n<link rel=\"canonical\" href=\"https:\/\/ijssass.com\/journal\/facteurs-explicatifs-de-labandon-du-calendrier-vaccinal-chez-les-enfants-de-6-a-59-mois-a-la-zone-de-sante-urbano-rurale-de-mbandaka\/\" \/>\n<meta property=\"og:locale\" content=\"en_US\" \/>\n<meta property=\"og:type\" content=\"article\" \/>\n<meta property=\"og:title\" content=\"FACTEURS EXPLICATIFS DE L\u2019ABANDON DU CALENDRIER VACCINAL CHEZ LES ENFANTS DE 6 \u00e0 59 MOIS A LA ZONE DE SANTE URBANO-RURALE DE MBANDAKA - IJSSASS Repository\" \/>\n<meta property=\"og:description\" content=\"ABSTRACT La vaccination compte parmi les interventions de Sant\u00e9 publique les plus efficaces qui soient. Il \u00e9tait question d\u2019identifier les...\" \/>\n<meta property=\"og:url\" content=\"https:\/\/ijssass.com\/journal\/facteurs-explicatifs-de-labandon-du-calendrier-vaccinal-chez-les-enfants-de-6-a-59-mois-a-la-zone-de-sante-urbano-rurale-de-mbandaka\/\" \/>\n<meta property=\"og:site_name\" content=\"IJSSASS Repository\" \/>\n<meta property=\"article:publisher\" content=\"https:\/\/www.facebook.com\/ijssass\" \/>\n<meta property=\"article:published_time\" content=\"2024-09-03T20:22:54+00:00\" \/>\n<meta property=\"article:modified_time\" content=\"2025-04-16T21:33:50+00:00\" \/>\n<meta property=\"og:image\" content=\"https:\/\/ijssass.com\/journal\/wp-content\/uploads\/2024\/09\/c-users-user-desktop-mbka-png.png\" \/>\n\t<meta property=\"og:image:width\" content=\"978\" \/>\n\t<meta property=\"og:image:height\" content=\"529\" \/>\n\t<meta property=\"og:image:type\" content=\"image\/png\" \/>\n<meta name=\"author\" content=\"admin\" \/>\n<meta name=\"twitter:card\" content=\"summary_large_image\" \/>\n<meta name=\"twitter:label1\" content=\"Written by\" \/>\n\t<meta name=\"twitter:data1\" content=\"admin\" \/>\n\t<meta name=\"twitter:label2\" content=\"Est. reading time\" \/>\n\t<meta name=\"twitter:data2\" content=\"32 minutes\" \/>\n<script type=\"application\/ld+json\" class=\"yoast-schema-graph\">{\"@context\":\"https:\/\/schema.org\",\"@graph\":[{\"@type\":\"Article\",\"@id\":\"https:\/\/ijssass.com\/journal\/facteurs-explicatifs-de-labandon-du-calendrier-vaccinal-chez-les-enfants-de-6-a-59-mois-a-la-zone-de-sante-urbano-rurale-de-mbandaka\/#article\",\"isPartOf\":{\"@id\":\"https:\/\/ijssass.com\/journal\/facteurs-explicatifs-de-labandon-du-calendrier-vaccinal-chez-les-enfants-de-6-a-59-mois-a-la-zone-de-sante-urbano-rurale-de-mbandaka\/\"},\"author\":{\"name\":\"admin\",\"@id\":\"https:\/\/ijssass.com\/journal\/#\/schema\/person\/adf9bae5731958270e2140cfc1af3771\"},\"headline\":\"FACTEURS EXPLICATIFS DE L\u2019ABANDON DU CALENDRIER VACCINAL CHEZ LES ENFANTS DE 6 \u00e0 59 MOIS A LA ZONE DE SANTE URBANO-RURALE DE MBANDAKA\",\"datePublished\":\"2024-09-03T20:22:54+00:00\",\"dateModified\":\"2025-04-16T21:33:50+00:00\",\"mainEntityOfPage\":{\"@id\":\"https:\/\/ijssass.com\/journal\/facteurs-explicatifs-de-labandon-du-calendrier-vaccinal-chez-les-enfants-de-6-a-59-mois-a-la-zone-de-sante-urbano-rurale-de-mbandaka\/\"},\"wordCount\":7107,\"commentCount\":0,\"publisher\":{\"@id\":\"https:\/\/ijssass.com\/journal\/#organization\"},\"image\":{\"@id\":\"https:\/\/ijssass.com\/journal\/facteurs-explicatifs-de-labandon-du-calendrier-vaccinal-chez-les-enfants-de-6-a-59-mois-a-la-zone-de-sante-urbano-rurale-de-mbandaka\/#primaryimage\"},\"thumbnailUrl\":\"https:\/\/ijssass.com\/journal\/wp-content\/uploads\/2024\/09\/c-users-user-desktop-mbka-png.png\",\"articleSection\":[\"Articles\"],\"inLanguage\":\"en-US\",\"potentialAction\":[{\"@type\":\"CommentAction\",\"name\":\"Comment\",\"target\":[\"https:\/\/ijssass.com\/journal\/facteurs-explicatifs-de-labandon-du-calendrier-vaccinal-chez-les-enfants-de-6-a-59-mois-a-la-zone-de-sante-urbano-rurale-de-mbandaka\/#respond\"]}]},{\"@type\":\"WebPage\",\"@id\":\"https:\/\/ijssass.com\/journal\/facteurs-explicatifs-de-labandon-du-calendrier-vaccinal-chez-les-enfants-de-6-a-59-mois-a-la-zone-de-sante-urbano-rurale-de-mbandaka\/\",\"url\":\"https:\/\/ijssass.com\/journal\/facteurs-explicatifs-de-labandon-du-calendrier-vaccinal-chez-les-enfants-de-6-a-59-mois-a-la-zone-de-sante-urbano-rurale-de-mbandaka\/\",\"name\":\"FACTEURS EXPLICATIFS DE L\u2019ABANDON DU CALENDRIER VACCINAL CHEZ LES ENFANTS DE 6 \u00e0 59 MOIS A LA ZONE DE SANTE URBANO-RURALE DE MBANDAKA - IJSSASS Repository\",\"isPartOf\":{\"@id\":\"https:\/\/ijssass.com\/journal\/#website\"},\"primaryImageOfPage\":{\"@id\":\"https:\/\/ijssass.com\/journal\/facteurs-explicatifs-de-labandon-du-calendrier-vaccinal-chez-les-enfants-de-6-a-59-mois-a-la-zone-de-sante-urbano-rurale-de-mbandaka\/#primaryimage\"},\"image\":{\"@id\":\"https:\/\/ijssass.com\/journal\/facteurs-explicatifs-de-labandon-du-calendrier-vaccinal-chez-les-enfants-de-6-a-59-mois-a-la-zone-de-sante-urbano-rurale-de-mbandaka\/#primaryimage\"},\"thumbnailUrl\":\"https:\/\/ijssass.com\/journal\/wp-content\/uploads\/2024\/09\/c-users-user-desktop-mbka-png.png\",\"datePublished\":\"2024-09-03T20:22:54+00:00\",\"dateModified\":\"2025-04-16T21:33:50+00:00\",\"breadcrumb\":{\"@id\":\"https:\/\/ijssass.com\/journal\/facteurs-explicatifs-de-labandon-du-calendrier-vaccinal-chez-les-enfants-de-6-a-59-mois-a-la-zone-de-sante-urbano-rurale-de-mbandaka\/#breadcrumb\"},\"inLanguage\":\"en-US\",\"potentialAction\":[{\"@type\":\"ReadAction\",\"target\":[\"https:\/\/ijssass.com\/journal\/facteurs-explicatifs-de-labandon-du-calendrier-vaccinal-chez-les-enfants-de-6-a-59-mois-a-la-zone-de-sante-urbano-rurale-de-mbandaka\/\"]}]},{\"@type\":\"ImageObject\",\"inLanguage\":\"en-US\",\"@id\":\"https:\/\/ijssass.com\/journal\/facteurs-explicatifs-de-labandon-du-calendrier-vaccinal-chez-les-enfants-de-6-a-59-mois-a-la-zone-de-sante-urbano-rurale-de-mbandaka\/#primaryimage\",\"url\":\"https:\/\/ijssass.com\/journal\/wp-content\/uploads\/2024\/09\/c-users-user-desktop-mbka-png.png\",\"contentUrl\":\"https:\/\/ijssass.com\/journal\/wp-content\/uploads\/2024\/09\/c-users-user-desktop-mbka-png.png\",\"width\":978,\"height\":529,\"caption\":\"C:\\\\Users\\\\User\\\\Desktop\\\\MBKA.png\"},{\"@type\":\"BreadcrumbList\",\"@id\":\"https:\/\/ijssass.com\/journal\/facteurs-explicatifs-de-labandon-du-calendrier-vaccinal-chez-les-enfants-de-6-a-59-mois-a-la-zone-de-sante-urbano-rurale-de-mbandaka\/#breadcrumb\",\"itemListElement\":[{\"@type\":\"ListItem\",\"position\":1,\"name\":\"Home\",\"item\":\"https:\/\/ijssass.com\/journal\/\"},{\"@type\":\"ListItem\",\"position\":2,\"name\":\"FACTEURS EXPLICATIFS DE L\u2019ABANDON DU CALENDRIER VACCINAL CHEZ LES ENFANTS DE 6 \u00e0 59 MOIS A LA ZONE DE SANTE URBANO-RURALE DE MBANDAKA\"}]},{\"@type\":\"WebSite\",\"@id\":\"https:\/\/ijssass.com\/journal\/#website\",\"url\":\"https:\/\/ijssass.com\/journal\/\",\"name\":\"INTERNATIONAL JOURNAL OF SOCIAL SCIENCES AND SCIENTIFIC STUDIES\",\"description\":\"Open Access Library\",\"publisher\":{\"@id\":\"https:\/\/ijssass.com\/journal\/#organization\"},\"alternateName\":\"IJSSASS\",\"potentialAction\":[{\"@type\":\"SearchAction\",\"target\":{\"@type\":\"EntryPoint\",\"urlTemplate\":\"https:\/\/ijssass.com\/journal\/?s={search_term_string}\"},\"query-input\":{\"@type\":\"PropertyValueSpecification\",\"valueRequired\":true,\"valueName\":\"search_term_string\"}}],\"inLanguage\":\"en-US\"},{\"@type\":\"Organization\",\"@id\":\"https:\/\/ijssass.com\/journal\/#organization\",\"name\":\"INTERNATIONAL JOURNAL OF SOCIAL SCIENCES AND SCIENTIFIC STUDIES\",\"alternateName\":\"IJSSASS\",\"url\":\"https:\/\/ijssass.com\/journal\/\",\"logo\":{\"@type\":\"ImageObject\",\"inLanguage\":\"en-US\",\"@id\":\"https:\/\/ijssass.com\/journal\/#\/schema\/logo\/image\/\",\"url\":\"https:\/\/ijssass.com\/journal\/wp-content\/uploads\/2023\/07\/c-users-user-desktop-logo-pnglogo-3.png\",\"contentUrl\":\"https:\/\/ijssass.com\/journal\/wp-content\/uploads\/2023\/07\/c-users-user-desktop-logo-pnglogo-3.png\",\"width\":300,\"height\":195,\"caption\":\"INTERNATIONAL JOURNAL OF SOCIAL SCIENCES AND SCIENTIFIC STUDIES\"},\"image\":{\"@id\":\"https:\/\/ijssass.com\/journal\/#\/schema\/logo\/image\/\"},\"sameAs\":[\"https:\/\/www.facebook.com\/ijssass\"]},{\"@type\":\"Person\",\"@id\":\"https:\/\/ijssass.com\/journal\/#\/schema\/person\/adf9bae5731958270e2140cfc1af3771\",\"name\":\"admin\",\"image\":{\"@type\":\"ImageObject\",\"inLanguage\":\"en-US\",\"@id\":\"https:\/\/ijssass.com\/journal\/#\/schema\/person\/image\/\",\"url\":\"https:\/\/secure.gravatar.com\/avatar\/e2404e10f252fd74bce698fdfc0296b3cfb701b99d14951364bf9586aaa0c4a8?s=96&d=mm&r=g\",\"contentUrl\":\"https:\/\/secure.gravatar.com\/avatar\/e2404e10f252fd74bce698fdfc0296b3cfb701b99d14951364bf9586aaa0c4a8?s=96&d=mm&r=g\",\"caption\":\"admin\"},\"sameAs\":[\"https:\/\/ijssass.com\/journal\"],\"url\":\"https:\/\/ijssass.com\/journal\/author\/admin\/\"}]}<\/script>\n<!-- \/ Yoast SEO plugin. -->","yoast_head_json":{"title":"FACTEURS EXPLICATIFS DE L\u2019ABANDON DU CALENDRIER VACCINAL CHEZ LES ENFANTS DE 6 \u00e0 59 MOIS A LA ZONE DE SANTE URBANO-RURALE DE MBANDAKA - IJSSASS Repository","robots":{"index":"index","follow":"follow","max-snippet":"max-snippet:-1","max-image-preview":"max-image-preview:large","max-video-preview":"max-video-preview:-1"},"canonical":"https:\/\/ijssass.com\/journal\/facteurs-explicatifs-de-labandon-du-calendrier-vaccinal-chez-les-enfants-de-6-a-59-mois-a-la-zone-de-sante-urbano-rurale-de-mbandaka\/","og_locale":"en_US","og_type":"article","og_title":"FACTEURS EXPLICATIFS DE L\u2019ABANDON DU CALENDRIER VACCINAL CHEZ LES ENFANTS DE 6 \u00e0 59 MOIS A LA ZONE DE SANTE URBANO-RURALE DE MBANDAKA - IJSSASS Repository","og_description":"ABSTRACT La vaccination compte parmi les interventions de Sant\u00e9 publique les plus efficaces qui soient. Il \u00e9tait question d\u2019identifier les...","og_url":"https:\/\/ijssass.com\/journal\/facteurs-explicatifs-de-labandon-du-calendrier-vaccinal-chez-les-enfants-de-6-a-59-mois-a-la-zone-de-sante-urbano-rurale-de-mbandaka\/","og_site_name":"IJSSASS Repository","article_publisher":"https:\/\/www.facebook.com\/ijssass","article_published_time":"2024-09-03T20:22:54+00:00","article_modified_time":"2025-04-16T21:33:50+00:00","og_image":[{"width":978,"height":529,"url":"https:\/\/ijssass.com\/journal\/wp-content\/uploads\/2024\/09\/c-users-user-desktop-mbka-png.png","type":"image\/png"}],"author":"admin","twitter_card":"summary_large_image","twitter_misc":{"Written by":"admin","Est. reading time":"32 minutes"},"schema":{"@context":"https:\/\/schema.org","@graph":[{"@type":"Article","@id":"https:\/\/ijssass.com\/journal\/facteurs-explicatifs-de-labandon-du-calendrier-vaccinal-chez-les-enfants-de-6-a-59-mois-a-la-zone-de-sante-urbano-rurale-de-mbandaka\/#article","isPartOf":{"@id":"https:\/\/ijssass.com\/journal\/facteurs-explicatifs-de-labandon-du-calendrier-vaccinal-chez-les-enfants-de-6-a-59-mois-a-la-zone-de-sante-urbano-rurale-de-mbandaka\/"},"author":{"name":"admin","@id":"https:\/\/ijssass.com\/journal\/#\/schema\/person\/adf9bae5731958270e2140cfc1af3771"},"headline":"FACTEURS EXPLICATIFS DE L\u2019ABANDON DU CALENDRIER VACCINAL CHEZ LES ENFANTS DE 6 \u00e0 59 MOIS A LA ZONE DE SANTE URBANO-RURALE DE MBANDAKA","datePublished":"2024-09-03T20:22:54+00:00","dateModified":"2025-04-16T21:33:50+00:00","mainEntityOfPage":{"@id":"https:\/\/ijssass.com\/journal\/facteurs-explicatifs-de-labandon-du-calendrier-vaccinal-chez-les-enfants-de-6-a-59-mois-a-la-zone-de-sante-urbano-rurale-de-mbandaka\/"},"wordCount":7107,"commentCount":0,"publisher":{"@id":"https:\/\/ijssass.com\/journal\/#organization"},"image":{"@id":"https:\/\/ijssass.com\/journal\/facteurs-explicatifs-de-labandon-du-calendrier-vaccinal-chez-les-enfants-de-6-a-59-mois-a-la-zone-de-sante-urbano-rurale-de-mbandaka\/#primaryimage"},"thumbnailUrl":"https:\/\/ijssass.com\/journal\/wp-content\/uploads\/2024\/09\/c-users-user-desktop-mbka-png.png","articleSection":["Articles"],"inLanguage":"en-US","potentialAction":[{"@type":"CommentAction","name":"Comment","target":["https:\/\/ijssass.com\/journal\/facteurs-explicatifs-de-labandon-du-calendrier-vaccinal-chez-les-enfants-de-6-a-59-mois-a-la-zone-de-sante-urbano-rurale-de-mbandaka\/#respond"]}]},{"@type":"WebPage","@id":"https:\/\/ijssass.com\/journal\/facteurs-explicatifs-de-labandon-du-calendrier-vaccinal-chez-les-enfants-de-6-a-59-mois-a-la-zone-de-sante-urbano-rurale-de-mbandaka\/","url":"https:\/\/ijssass.com\/journal\/facteurs-explicatifs-de-labandon-du-calendrier-vaccinal-chez-les-enfants-de-6-a-59-mois-a-la-zone-de-sante-urbano-rurale-de-mbandaka\/","name":"FACTEURS EXPLICATIFS DE L\u2019ABANDON DU CALENDRIER VACCINAL CHEZ LES ENFANTS DE 6 \u00e0 59 MOIS A LA ZONE DE SANTE URBANO-RURALE DE MBANDAKA - IJSSASS Repository","isPartOf":{"@id":"https:\/\/ijssass.com\/journal\/#website"},"primaryImageOfPage":{"@id":"https:\/\/ijssass.com\/journal\/facteurs-explicatifs-de-labandon-du-calendrier-vaccinal-chez-les-enfants-de-6-a-59-mois-a-la-zone-de-sante-urbano-rurale-de-mbandaka\/#primaryimage"},"image":{"@id":"https:\/\/ijssass.com\/journal\/facteurs-explicatifs-de-labandon-du-calendrier-vaccinal-chez-les-enfants-de-6-a-59-mois-a-la-zone-de-sante-urbano-rurale-de-mbandaka\/#primaryimage"},"thumbnailUrl":"https:\/\/ijssass.com\/journal\/wp-content\/uploads\/2024\/09\/c-users-user-desktop-mbka-png.png","datePublished":"2024-09-03T20:22:54+00:00","dateModified":"2025-04-16T21:33:50+00:00","breadcrumb":{"@id":"https:\/\/ijssass.com\/journal\/facteurs-explicatifs-de-labandon-du-calendrier-vaccinal-chez-les-enfants-de-6-a-59-mois-a-la-zone-de-sante-urbano-rurale-de-mbandaka\/#breadcrumb"},"inLanguage":"en-US","potentialAction":[{"@type":"ReadAction","target":["https:\/\/ijssass.com\/journal\/facteurs-explicatifs-de-labandon-du-calendrier-vaccinal-chez-les-enfants-de-6-a-59-mois-a-la-zone-de-sante-urbano-rurale-de-mbandaka\/"]}]},{"@type":"ImageObject","inLanguage":"en-US","@id":"https:\/\/ijssass.com\/journal\/facteurs-explicatifs-de-labandon-du-calendrier-vaccinal-chez-les-enfants-de-6-a-59-mois-a-la-zone-de-sante-urbano-rurale-de-mbandaka\/#primaryimage","url":"https:\/\/ijssass.com\/journal\/wp-content\/uploads\/2024\/09\/c-users-user-desktop-mbka-png.png","contentUrl":"https:\/\/ijssass.com\/journal\/wp-content\/uploads\/2024\/09\/c-users-user-desktop-mbka-png.png","width":978,"height":529,"caption":"C:\\Users\\User\\Desktop\\MBKA.png"},{"@type":"BreadcrumbList","@id":"https:\/\/ijssass.com\/journal\/facteurs-explicatifs-de-labandon-du-calendrier-vaccinal-chez-les-enfants-de-6-a-59-mois-a-la-zone-de-sante-urbano-rurale-de-mbandaka\/#breadcrumb","itemListElement":[{"@type":"ListItem","position":1,"name":"Home","item":"https:\/\/ijssass.com\/journal\/"},{"@type":"ListItem","position":2,"name":"FACTEURS EXPLICATIFS DE L\u2019ABANDON DU CALENDRIER VACCINAL CHEZ LES ENFANTS DE 6 \u00e0 59 MOIS A LA ZONE DE SANTE URBANO-RURALE DE MBANDAKA"}]},{"@type":"WebSite","@id":"https:\/\/ijssass.com\/journal\/#website","url":"https:\/\/ijssass.com\/journal\/","name":"INTERNATIONAL JOURNAL OF SOCIAL SCIENCES AND SCIENTIFIC STUDIES","description":"Open Access Library","publisher":{"@id":"https:\/\/ijssass.com\/journal\/#organization"},"alternateName":"IJSSASS","potentialAction":[{"@type":"SearchAction","target":{"@type":"EntryPoint","urlTemplate":"https:\/\/ijssass.com\/journal\/?s={search_term_string}"},"query-input":{"@type":"PropertyValueSpecification","valueRequired":true,"valueName":"search_term_string"}}],"inLanguage":"en-US"},{"@type":"Organization","@id":"https:\/\/ijssass.com\/journal\/#organization","name":"INTERNATIONAL JOURNAL OF SOCIAL SCIENCES AND SCIENTIFIC STUDIES","alternateName":"IJSSASS","url":"https:\/\/ijssass.com\/journal\/","logo":{"@type":"ImageObject","inLanguage":"en-US","@id":"https:\/\/ijssass.com\/journal\/#\/schema\/logo\/image\/","url":"https:\/\/ijssass.com\/journal\/wp-content\/uploads\/2023\/07\/c-users-user-desktop-logo-pnglogo-3.png","contentUrl":"https:\/\/ijssass.com\/journal\/wp-content\/uploads\/2023\/07\/c-users-user-desktop-logo-pnglogo-3.png","width":300,"height":195,"caption":"INTERNATIONAL JOURNAL OF SOCIAL SCIENCES AND SCIENTIFIC STUDIES"},"image":{"@id":"https:\/\/ijssass.com\/journal\/#\/schema\/logo\/image\/"},"sameAs":["https:\/\/www.facebook.com\/ijssass"]},{"@type":"Person","@id":"https:\/\/ijssass.com\/journal\/#\/schema\/person\/adf9bae5731958270e2140cfc1af3771","name":"admin","image":{"@type":"ImageObject","inLanguage":"en-US","@id":"https:\/\/ijssass.com\/journal\/#\/schema\/person\/image\/","url":"https:\/\/secure.gravatar.com\/avatar\/e2404e10f252fd74bce698fdfc0296b3cfb701b99d14951364bf9586aaa0c4a8?s=96&d=mm&r=g","contentUrl":"https:\/\/secure.gravatar.com\/avatar\/e2404e10f252fd74bce698fdfc0296b3cfb701b99d14951364bf9586aaa0c4a8?s=96&d=mm&r=g","caption":"admin"},"sameAs":["https:\/\/ijssass.com\/journal"],"url":"https:\/\/ijssass.com\/journal\/author\/admin\/"}]}},"_links":{"self":[{"href":"https:\/\/ijssass.com\/journal\/wp-json\/wp\/v2\/posts\/4100","targetHints":{"allow":["GET"]}}],"collection":[{"href":"https:\/\/ijssass.com\/journal\/wp-json\/wp\/v2\/posts"}],"about":[{"href":"https:\/\/ijssass.com\/journal\/wp-json\/wp\/v2\/types\/post"}],"author":[{"embeddable":true,"href":"https:\/\/ijssass.com\/journal\/wp-json\/wp\/v2\/users\/21"}],"replies":[{"embeddable":true,"href":"https:\/\/ijssass.com\/journal\/wp-json\/wp\/v2\/comments?post=4100"}],"version-history":[{"count":1,"href":"https:\/\/ijssass.com\/journal\/wp-json\/wp\/v2\/posts\/4100\/revisions"}],"predecessor-version":[{"id":4105,"href":"https:\/\/ijssass.com\/journal\/wp-json\/wp\/v2\/posts\/4100\/revisions\/4105"}],"wp:attachment":[{"href":"https:\/\/ijssass.com\/journal\/wp-json\/wp\/v2\/media?parent=4100"}],"wp:term":[{"taxonomy":"category","embeddable":true,"href":"https:\/\/ijssass.com\/journal\/wp-json\/wp\/v2\/categories?post=4100"},{"taxonomy":"post_tag","embeddable":true,"href":"https:\/\/ijssass.com\/journal\/wp-json\/wp\/v2\/tags?post=4100"}],"curies":[{"name":"wp","href":"https:\/\/api.w.org\/{rel}","templated":true}]}}