{"id":2608,"date":"2022-12-30T01:02:03","date_gmt":"2022-12-30T01:02:03","guid":{"rendered":"https:\/\/ijssass.com\/journal\/facteurs-associes-a-lintention-vaccinale-contre-covid-19-chez-les-individus-vaccines-aux-cliniques-universitaires-de-kalemie\/"},"modified":"2025-04-16T21:33:51","modified_gmt":"2025-04-16T21:33:51","slug":"facteurs-associes-a-lintention-vaccinale-contre-covid-19-chez-les-individus-vaccines-aux-cliniques-universitaires-de-kalemie","status":"publish","type":"post","link":"https:\/\/ijssass.com\/journal\/facteurs-associes-a-lintention-vaccinale-contre-covid-19-chez-les-individus-vaccines-aux-cliniques-universitaires-de-kalemie\/","title":{"rendered":"FACTEURS ASSOCI\u00c9S \u00c0 L\u2019INTENTION VACCINALE CONTRE COVID-19 CHEZ LES INDIVIDUS VACCIN\u00c9S AUX CLINIQUES UNIVERSITAIRES DE KALEMIE"},"content":{"rendered":"\n<p>Introduction : cette \u00e9tude effectu\u00e9e aux CUKAL a vis\u00e9 ressortir les facteurs associ\u00e9s \u00e0 l\u2019intention vaccinale chez les individus vaccin\u00e9s contre la Covid-19. <\/p>\n<p>M\u00e9thode : L\u2019\u00e9tude est transversale \u00e0 vis\u00e9e analytique. Sa population est constitu\u00e9e des individus vaccin\u00e9s contre COVID-19 au site de CUKAL dans la zone de Sant\u00e9 de Nyemba. L\u2019\u00e9chantillon est de 379 cas vaccin\u00e9s depuis le mois d\u2019Avril \u00e0 Novembre 2022. Les individus ont particip\u00e9 par commodit\u00e9 \u00e0 la sortie de la salle vaccinale pour un entretien. L\u2019\u00e2ge, la peur, les contacts avec l\u2019ext\u00e9rieur, la confiance sur source d\u2019information, les attitudes, intentions et h\u00e9sitation ont \u00e9t\u00e9 les variables retenues . Le logiciel STATA 13 et EpiInfo 7 ont servi pour l\u2019analyse statistique entre les facteurs socio\u00e9conomiques, les attitudes et intentions et le sentiment d\u2019h\u00e9sitation face au vaccin anti-covid-19.<\/p>\n<p>R\u00e9sultats : La pr\u00e9valence du sentiment d\u2019h\u00e9sitation est de 73,21%. Le test Cramer V=0,5368 montre une forte liaison entre une h\u00e9sitation et la source d\u2019information au degr\u00e9 de signification p&lt;0,000. L\u2019activit\u00e9 pratique lib\u00e9rale de chaque individu interview\u00e9 l\u2019a prot\u00e9g\u00e9 du sentiment d\u2019h\u00e9sitation anti-vaccin covid-19 (OR=0,2, p&lt;0,001 et FPe= 0,8). Donc, 80% des cas d\u2019h\u00e9sitation contre le vaccin anti-covid-19 ont \u00e9t\u00e9 \u00e9vit\u00e9s gr\u00e2ce \u00e0 l\u2019activit\u00e9 lib\u00e9rale de l\u2019individu et 70% des cas gr\u00e2ce \u00e0 l\u2019activit\u00e9 r\u00e9alis\u00e9e dans le secteur \u00e9tatique ou autre activit\u00e9 (FRe =0,7 \u00e0 p&lt;0,03) par rapport aux individus sans activit\u00e9s qui courent un risque de d\u00e9velopper un sentiment d\u2019h\u00e9sitation contre le vaccin anti-Covid-19. Le fait de travailler dans une entreprise \u00e0 Kalemie a prot\u00e9g\u00e9 de 0,4 fois contre une h\u00e9sitation de recevoir le vaccin anti-Covid-19. 72,94% ont choisi Johnson &amp; Johnson contre 13,26% qui ont accept\u00e9 moderna. Les contraintes du voyage ont influenc\u00e9 49,60% de cas de vaccination. Donc, se faire vacciner pour beaucoup ne fut qu\u2019un sacrifice pour se garder de perdre le boulot, ne pas acc\u00e9der \u00e0 un milieu de pr\u00e9f\u00e9rence, une confiance \u00e0 la source d\u2019information, etc. et non une intention claire et d\u00e9lib\u00e9r\u00e9e de se prot\u00e9ger contre covid-19<\/p>\n","protected":false},"excerpt":{"rendered":"<p>Introduction : cette \u00e9tude effectu\u00e9e aux CUKAL a vis\u00e9 ressortir les facteurs associ\u00e9s \u00e0 l\u2019intention vaccinale chez les individus vaccin\u00e9s&#8230;<\/p>\n","protected":false},"author":21,"featured_media":0,"comment_status":"open","ping_status":"closed","sticky":false,"template":"","format":"standard","meta":{"footnotes":""},"categories":[124],"tags":[],"class_list":["post-2608","post","type-post","status-publish","format-standard","hentry","category-articles","wpcat-124-id"],"yoast_head":"<!-- This site is optimized with the Yoast SEO plugin v25.8 - https:\/\/yoast.com\/wordpress\/plugins\/seo\/ -->\n<title>FACTEURS ASSOCI\u00c9S \u00c0 L\u2019INTENTION VACCINALE CONTRE COVID-19 CHEZ LES INDIVIDUS VACCIN\u00c9S AUX CLINIQUES UNIVERSITAIRES DE KALEMIE - IJSSASS Repository<\/title>\n<meta name=\"robots\" content=\"index, follow, max-snippet:-1, max-image-preview:large, max-video-preview:-1\" \/>\n<link rel=\"canonical\" href=\"https:\/\/ijssass.com\/journal\/facteurs-associes-a-lintention-vaccinale-contre-covid-19-chez-les-individus-vaccines-aux-cliniques-universitaires-de-kalemie\/\" \/>\n<meta property=\"og:locale\" content=\"en_US\" \/>\n<meta property=\"og:type\" content=\"article\" \/>\n<meta property=\"og:title\" content=\"FACTEURS ASSOCI\u00c9S \u00c0 L\u2019INTENTION VACCINALE CONTRE COVID-19 CHEZ LES INDIVIDUS VACCIN\u00c9S AUX CLINIQUES UNIVERSITAIRES DE KALEMIE - IJSSASS Repository\" \/>\n<meta property=\"og:description\" content=\"Introduction : cette \u00e9tude effectu\u00e9e aux CUKAL a vis\u00e9 ressortir les facteurs associ\u00e9s \u00e0 l\u2019intention vaccinale chez les individus vaccin\u00e9s...\" \/>\n<meta property=\"og:url\" content=\"https:\/\/ijssass.com\/journal\/facteurs-associes-a-lintention-vaccinale-contre-covid-19-chez-les-individus-vaccines-aux-cliniques-universitaires-de-kalemie\/\" \/>\n<meta property=\"og:site_name\" content=\"IJSSASS Repository\" \/>\n<meta property=\"article:publisher\" content=\"https:\/\/www.facebook.com\/ijssass\" \/>\n<meta property=\"article:published_time\" content=\"2022-12-30T01:02:03+00:00\" \/>\n<meta property=\"article:modified_time\" content=\"2025-04-16T21:33:51+00:00\" \/>\n<meta property=\"og:image\" content=\"https:\/\/ijssass.com\/journal\/wp-content\/uploads\/2023\/07\/c-users-user-desktop-logo-pnglogo-2.png\" \/>\n\t<meta property=\"og:image:width\" content=\"300\" \/>\n\t<meta property=\"og:image:height\" content=\"195\" \/>\n\t<meta property=\"og:image:type\" content=\"image\/png\" \/>\n<meta name=\"author\" content=\"admin\" \/>\n<meta name=\"twitter:card\" content=\"summary_large_image\" \/>\n<meta name=\"twitter:label1\" content=\"Written by\" \/>\n\t<meta name=\"twitter:data1\" content=\"admin\" \/>\n\t<meta name=\"twitter:label2\" content=\"Est. reading time\" \/>\n\t<meta name=\"twitter:data2\" content=\"2 minutes\" \/>\n<script type=\"application\/ld+json\" class=\"yoast-schema-graph\">{\"@context\":\"https:\/\/schema.org\",\"@graph\":[{\"@type\":\"Article\",\"@id\":\"https:\/\/ijssass.com\/journal\/facteurs-associes-a-lintention-vaccinale-contre-covid-19-chez-les-individus-vaccines-aux-cliniques-universitaires-de-kalemie\/#article\",\"isPartOf\":{\"@id\":\"https:\/\/ijssass.com\/journal\/facteurs-associes-a-lintention-vaccinale-contre-covid-19-chez-les-individus-vaccines-aux-cliniques-universitaires-de-kalemie\/\"},\"author\":{\"name\":\"admin\",\"@id\":\"https:\/\/ijssass.com\/journal\/#\/schema\/person\/adf9bae5731958270e2140cfc1af3771\"},\"headline\":\"FACTEURS ASSOCI\u00c9S \u00c0 L\u2019INTENTION VACCINALE CONTRE COVID-19 CHEZ LES INDIVIDUS VACCIN\u00c9S AUX CLINIQUES UNIVERSITAIRES DE KALEMIE\",\"datePublished\":\"2022-12-30T01:02:03+00:00\",\"dateModified\":\"2025-04-16T21:33:51+00:00\",\"mainEntityOfPage\":{\"@id\":\"https:\/\/ijssass.com\/journal\/facteurs-associes-a-lintention-vaccinale-contre-covid-19-chez-les-individus-vaccines-aux-cliniques-universitaires-de-kalemie\/\"},\"wordCount\":378,\"commentCount\":0,\"publisher\":{\"@id\":\"https:\/\/ijssass.com\/journal\/#organization\"},\"articleSection\":[\"Articles\"],\"inLanguage\":\"en-US\",\"potentialAction\":[{\"@type\":\"CommentAction\",\"name\":\"Comment\",\"target\":[\"https:\/\/ijssass.com\/journal\/facteurs-associes-a-lintention-vaccinale-contre-covid-19-chez-les-individus-vaccines-aux-cliniques-universitaires-de-kalemie\/#respond\"]}]},{\"@type\":\"WebPage\",\"@id\":\"https:\/\/ijssass.com\/journal\/facteurs-associes-a-lintention-vaccinale-contre-covid-19-chez-les-individus-vaccines-aux-cliniques-universitaires-de-kalemie\/\",\"url\":\"https:\/\/ijssass.com\/journal\/facteurs-associes-a-lintention-vaccinale-contre-covid-19-chez-les-individus-vaccines-aux-cliniques-universitaires-de-kalemie\/\",\"name\":\"FACTEURS ASSOCI\u00c9S \u00c0 L\u2019INTENTION VACCINALE CONTRE COVID-19 CHEZ LES INDIVIDUS VACCIN\u00c9S AUX CLINIQUES UNIVERSITAIRES DE KALEMIE - IJSSASS Repository\",\"isPartOf\":{\"@id\":\"https:\/\/ijssass.com\/journal\/#website\"},\"datePublished\":\"2022-12-30T01:02:03+00:00\",\"dateModified\":\"2025-04-16T21:33:51+00:00\",\"breadcrumb\":{\"@id\":\"https:\/\/ijssass.com\/journal\/facteurs-associes-a-lintention-vaccinale-contre-covid-19-chez-les-individus-vaccines-aux-cliniques-universitaires-de-kalemie\/#breadcrumb\"},\"inLanguage\":\"en-US\",\"potentialAction\":[{\"@type\":\"ReadAction\",\"target\":[\"https:\/\/ijssass.com\/journal\/facteurs-associes-a-lintention-vaccinale-contre-covid-19-chez-les-individus-vaccines-aux-cliniques-universitaires-de-kalemie\/\"]}]},{\"@type\":\"BreadcrumbList\",\"@id\":\"https:\/\/ijssass.com\/journal\/facteurs-associes-a-lintention-vaccinale-contre-covid-19-chez-les-individus-vaccines-aux-cliniques-universitaires-de-kalemie\/#breadcrumb\",\"itemListElement\":[{\"@type\":\"ListItem\",\"position\":1,\"name\":\"Home\",\"item\":\"https:\/\/ijssass.com\/journal\/\"},{\"@type\":\"ListItem\",\"position\":2,\"name\":\"FACTEURS ASSOCI\u00c9S \u00c0 L\u2019INTENTION VACCINALE CONTRE COVID-19 CHEZ LES INDIVIDUS VACCIN\u00c9S AUX CLINIQUES UNIVERSITAIRES DE KALEMIE\"}]},{\"@type\":\"WebSite\",\"@id\":\"https:\/\/ijssass.com\/journal\/#website\",\"url\":\"https:\/\/ijssass.com\/journal\/\",\"name\":\"INTERNATIONAL JOURNAL OF SOCIAL SCIENCES AND SCIENTIFIC STUDIES\",\"description\":\"Open Access Library\",\"publisher\":{\"@id\":\"https:\/\/ijssass.com\/journal\/#organization\"},\"alternateName\":\"IJSSASS\",\"potentialAction\":[{\"@type\":\"SearchAction\",\"target\":{\"@type\":\"EntryPoint\",\"urlTemplate\":\"https:\/\/ijssass.com\/journal\/?s={search_term_string}\"},\"query-input\":{\"@type\":\"PropertyValueSpecification\",\"valueRequired\":true,\"valueName\":\"search_term_string\"}}],\"inLanguage\":\"en-US\"},{\"@type\":\"Organization\",\"@id\":\"https:\/\/ijssass.com\/journal\/#organization\",\"name\":\"INTERNATIONAL JOURNAL OF SOCIAL SCIENCES AND SCIENTIFIC STUDIES\",\"alternateName\":\"IJSSASS\",\"url\":\"https:\/\/ijssass.com\/journal\/\",\"logo\":{\"@type\":\"ImageObject\",\"inLanguage\":\"en-US\",\"@id\":\"https:\/\/ijssass.com\/journal\/#\/schema\/logo\/image\/\",\"url\":\"https:\/\/ijssass.com\/journal\/wp-content\/uploads\/2023\/07\/c-users-user-desktop-logo-pnglogo-3.png\",\"contentUrl\":\"https:\/\/ijssass.com\/journal\/wp-content\/uploads\/2023\/07\/c-users-user-desktop-logo-pnglogo-3.png\",\"width\":300,\"height\":195,\"caption\":\"INTERNATIONAL JOURNAL OF SOCIAL SCIENCES AND SCIENTIFIC STUDIES\"},\"image\":{\"@id\":\"https:\/\/ijssass.com\/journal\/#\/schema\/logo\/image\/\"},\"sameAs\":[\"https:\/\/www.facebook.com\/ijssass\"]},{\"@type\":\"Person\",\"@id\":\"https:\/\/ijssass.com\/journal\/#\/schema\/person\/adf9bae5731958270e2140cfc1af3771\",\"name\":\"admin\",\"image\":{\"@type\":\"ImageObject\",\"inLanguage\":\"en-US\",\"@id\":\"https:\/\/ijssass.com\/journal\/#\/schema\/person\/image\/\",\"url\":\"https:\/\/secure.gravatar.com\/avatar\/e2404e10f252fd74bce698fdfc0296b3cfb701b99d14951364bf9586aaa0c4a8?s=96&d=mm&r=g\",\"contentUrl\":\"https:\/\/secure.gravatar.com\/avatar\/e2404e10f252fd74bce698fdfc0296b3cfb701b99d14951364bf9586aaa0c4a8?s=96&d=mm&r=g\",\"caption\":\"admin\"},\"sameAs\":[\"https:\/\/ijssass.com\/journal\"],\"url\":\"https:\/\/ijssass.com\/journal\/author\/admin\/\"}]}<\/script>\n<!-- \/ Yoast SEO plugin. -->","yoast_head_json":{"title":"FACTEURS ASSOCI\u00c9S \u00c0 L\u2019INTENTION VACCINALE CONTRE COVID-19 CHEZ LES INDIVIDUS VACCIN\u00c9S AUX CLINIQUES UNIVERSITAIRES DE KALEMIE - IJSSASS Repository","robots":{"index":"index","follow":"follow","max-snippet":"max-snippet:-1","max-image-preview":"max-image-preview:large","max-video-preview":"max-video-preview:-1"},"canonical":"https:\/\/ijssass.com\/journal\/facteurs-associes-a-lintention-vaccinale-contre-covid-19-chez-les-individus-vaccines-aux-cliniques-universitaires-de-kalemie\/","og_locale":"en_US","og_type":"article","og_title":"FACTEURS ASSOCI\u00c9S \u00c0 L\u2019INTENTION VACCINALE CONTRE COVID-19 CHEZ LES INDIVIDUS VACCIN\u00c9S AUX CLINIQUES UNIVERSITAIRES DE KALEMIE - IJSSASS Repository","og_description":"Introduction : cette \u00e9tude effectu\u00e9e aux CUKAL a vis\u00e9 ressortir les facteurs associ\u00e9s \u00e0 l\u2019intention vaccinale chez les individus vaccin\u00e9s...","og_url":"https:\/\/ijssass.com\/journal\/facteurs-associes-a-lintention-vaccinale-contre-covid-19-chez-les-individus-vaccines-aux-cliniques-universitaires-de-kalemie\/","og_site_name":"IJSSASS Repository","article_publisher":"https:\/\/www.facebook.com\/ijssass","article_published_time":"2022-12-30T01:02:03+00:00","article_modified_time":"2025-04-16T21:33:51+00:00","og_image":[{"width":300,"height":195,"url":"https:\/\/ijssass.com\/journal\/wp-content\/uploads\/2023\/07\/c-users-user-desktop-logo-pnglogo-2.png","type":"image\/png"}],"author":"admin","twitter_card":"summary_large_image","twitter_misc":{"Written by":"admin","Est. reading time":"2 minutes"},"schema":{"@context":"https:\/\/schema.org","@graph":[{"@type":"Article","@id":"https:\/\/ijssass.com\/journal\/facteurs-associes-a-lintention-vaccinale-contre-covid-19-chez-les-individus-vaccines-aux-cliniques-universitaires-de-kalemie\/#article","isPartOf":{"@id":"https:\/\/ijssass.com\/journal\/facteurs-associes-a-lintention-vaccinale-contre-covid-19-chez-les-individus-vaccines-aux-cliniques-universitaires-de-kalemie\/"},"author":{"name":"admin","@id":"https:\/\/ijssass.com\/journal\/#\/schema\/person\/adf9bae5731958270e2140cfc1af3771"},"headline":"FACTEURS ASSOCI\u00c9S \u00c0 L\u2019INTENTION VACCINALE CONTRE COVID-19 CHEZ LES INDIVIDUS VACCIN\u00c9S AUX CLINIQUES UNIVERSITAIRES DE KALEMIE","datePublished":"2022-12-30T01:02:03+00:00","dateModified":"2025-04-16T21:33:51+00:00","mainEntityOfPage":{"@id":"https:\/\/ijssass.com\/journal\/facteurs-associes-a-lintention-vaccinale-contre-covid-19-chez-les-individus-vaccines-aux-cliniques-universitaires-de-kalemie\/"},"wordCount":378,"commentCount":0,"publisher":{"@id":"https:\/\/ijssass.com\/journal\/#organization"},"articleSection":["Articles"],"inLanguage":"en-US","potentialAction":[{"@type":"CommentAction","name":"Comment","target":["https:\/\/ijssass.com\/journal\/facteurs-associes-a-lintention-vaccinale-contre-covid-19-chez-les-individus-vaccines-aux-cliniques-universitaires-de-kalemie\/#respond"]}]},{"@type":"WebPage","@id":"https:\/\/ijssass.com\/journal\/facteurs-associes-a-lintention-vaccinale-contre-covid-19-chez-les-individus-vaccines-aux-cliniques-universitaires-de-kalemie\/","url":"https:\/\/ijssass.com\/journal\/facteurs-associes-a-lintention-vaccinale-contre-covid-19-chez-les-individus-vaccines-aux-cliniques-universitaires-de-kalemie\/","name":"FACTEURS ASSOCI\u00c9S \u00c0 L\u2019INTENTION VACCINALE CONTRE COVID-19 CHEZ LES INDIVIDUS VACCIN\u00c9S AUX CLINIQUES UNIVERSITAIRES DE KALEMIE - IJSSASS Repository","isPartOf":{"@id":"https:\/\/ijssass.com\/journal\/#website"},"datePublished":"2022-12-30T01:02:03+00:00","dateModified":"2025-04-16T21:33:51+00:00","breadcrumb":{"@id":"https:\/\/ijssass.com\/journal\/facteurs-associes-a-lintention-vaccinale-contre-covid-19-chez-les-individus-vaccines-aux-cliniques-universitaires-de-kalemie\/#breadcrumb"},"inLanguage":"en-US","potentialAction":[{"@type":"ReadAction","target":["https:\/\/ijssass.com\/journal\/facteurs-associes-a-lintention-vaccinale-contre-covid-19-chez-les-individus-vaccines-aux-cliniques-universitaires-de-kalemie\/"]}]},{"@type":"BreadcrumbList","@id":"https:\/\/ijssass.com\/journal\/facteurs-associes-a-lintention-vaccinale-contre-covid-19-chez-les-individus-vaccines-aux-cliniques-universitaires-de-kalemie\/#breadcrumb","itemListElement":[{"@type":"ListItem","position":1,"name":"Home","item":"https:\/\/ijssass.com\/journal\/"},{"@type":"ListItem","position":2,"name":"FACTEURS ASSOCI\u00c9S \u00c0 L\u2019INTENTION VACCINALE CONTRE COVID-19 CHEZ LES INDIVIDUS VACCIN\u00c9S AUX CLINIQUES UNIVERSITAIRES DE KALEMIE"}]},{"@type":"WebSite","@id":"https:\/\/ijssass.com\/journal\/#website","url":"https:\/\/ijssass.com\/journal\/","name":"INTERNATIONAL JOURNAL OF SOCIAL SCIENCES AND SCIENTIFIC STUDIES","description":"Open Access Library","publisher":{"@id":"https:\/\/ijssass.com\/journal\/#organization"},"alternateName":"IJSSASS","potentialAction":[{"@type":"SearchAction","target":{"@type":"EntryPoint","urlTemplate":"https:\/\/ijssass.com\/journal\/?s={search_term_string}"},"query-input":{"@type":"PropertyValueSpecification","valueRequired":true,"valueName":"search_term_string"}}],"inLanguage":"en-US"},{"@type":"Organization","@id":"https:\/\/ijssass.com\/journal\/#organization","name":"INTERNATIONAL JOURNAL OF SOCIAL SCIENCES AND SCIENTIFIC STUDIES","alternateName":"IJSSASS","url":"https:\/\/ijssass.com\/journal\/","logo":{"@type":"ImageObject","inLanguage":"en-US","@id":"https:\/\/ijssass.com\/journal\/#\/schema\/logo\/image\/","url":"https:\/\/ijssass.com\/journal\/wp-content\/uploads\/2023\/07\/c-users-user-desktop-logo-pnglogo-3.png","contentUrl":"https:\/\/ijssass.com\/journal\/wp-content\/uploads\/2023\/07\/c-users-user-desktop-logo-pnglogo-3.png","width":300,"height":195,"caption":"INTERNATIONAL JOURNAL OF SOCIAL SCIENCES AND SCIENTIFIC STUDIES"},"image":{"@id":"https:\/\/ijssass.com\/journal\/#\/schema\/logo\/image\/"},"sameAs":["https:\/\/www.facebook.com\/ijssass"]},{"@type":"Person","@id":"https:\/\/ijssass.com\/journal\/#\/schema\/person\/adf9bae5731958270e2140cfc1af3771","name":"admin","image":{"@type":"ImageObject","inLanguage":"en-US","@id":"https:\/\/ijssass.com\/journal\/#\/schema\/person\/image\/","url":"https:\/\/secure.gravatar.com\/avatar\/e2404e10f252fd74bce698fdfc0296b3cfb701b99d14951364bf9586aaa0c4a8?s=96&d=mm&r=g","contentUrl":"https:\/\/secure.gravatar.com\/avatar\/e2404e10f252fd74bce698fdfc0296b3cfb701b99d14951364bf9586aaa0c4a8?s=96&d=mm&r=g","caption":"admin"},"sameAs":["https:\/\/ijssass.com\/journal"],"url":"https:\/\/ijssass.com\/journal\/author\/admin\/"}]}},"_links":{"self":[{"href":"https:\/\/ijssass.com\/journal\/wp-json\/wp\/v2\/posts\/2608","targetHints":{"allow":["GET"]}}],"collection":[{"href":"https:\/\/ijssass.com\/journal\/wp-json\/wp\/v2\/posts"}],"about":[{"href":"https:\/\/ijssass.com\/journal\/wp-json\/wp\/v2\/types\/post"}],"author":[{"embeddable":true,"href":"https:\/\/ijssass.com\/journal\/wp-json\/wp\/v2\/users\/21"}],"replies":[{"embeddable":true,"href":"https:\/\/ijssass.com\/journal\/wp-json\/wp\/v2\/comments?post=2608"}],"version-history":[{"count":2,"href":"https:\/\/ijssass.com\/journal\/wp-json\/wp\/v2\/posts\/2608\/revisions"}],"predecessor-version":[{"id":2790,"href":"https:\/\/ijssass.com\/journal\/wp-json\/wp\/v2\/posts\/2608\/revisions\/2790"}],"wp:attachment":[{"href":"https:\/\/ijssass.com\/journal\/wp-json\/wp\/v2\/media?parent=2608"}],"wp:term":[{"taxonomy":"category","embeddable":true,"href":"https:\/\/ijssass.com\/journal\/wp-json\/wp\/v2\/categories?post=2608"},{"taxonomy":"post_tag","embeddable":true,"href":"https:\/\/ijssass.com\/journal\/wp-json\/wp\/v2\/tags?post=2608"}],"curies":[{"name":"wp","href":"https:\/\/api.w.org\/{rel}","templated":true}]}}