{"id":2562,"date":"2022-10-31T13:36:38","date_gmt":"2022-10-31T13:36:38","guid":{"rendered":"https:\/\/ijssass.com\/journal\/?p=2562"},"modified":"2025-04-16T21:33:11","modified_gmt":"2025-04-16T21:33:11","slug":"la-temporalite-face-aux-qualites-dune-secretaire-de-direction-au-sein-de-la-societe-nationale-delectricite-sa-en-rd-congo","status":"publish","type":"post","link":"https:\/\/ijssass.com\/journal\/la-temporalite-face-aux-qualites-dune-secretaire-de-direction-au-sein-de-la-societe-nationale-delectricite-sa-en-rd-congo\/","title":{"rendered":"LA TEMPORALIT\u00c9 FACE AUX QUALIT\u00c9S D\u2019UNE SECR\u00c9TAIRE DE DIRECTION AU SEIN DE LA SOCI\u00c9T\u00c9 NATIONALE D\u2019ELECTRICIT\u00c9 SA EN RD CONGO"},"content":{"rendered":"<p><a href=\"https:\/\/ijssass.com\/index.php\/ijssass\/index\">International Journal of Social Sciences and Scientific Studies (2022) <\/a><\/p>\n<p>Listes de contenus disponibles sur:<a href=\"https:\/\/scholar.google.com\/scholar?hl=en&amp;as_sdt=0%2C5&amp;q=Ijssass&amp;btnG=\"> S<\/a>cholar<\/p>\n<p><strong>La temporalit\u00e9 face aux qualit\u00e9s d\u2019une secr\u00e9taire de direction au sein de la Soci\u00e9t\u00e9 Nationale d\u2019Electricit\u00e9 SA en RD Congo<\/strong><\/p>\n<p>Journal homepage: ijssass.com\/index.php\/ijssass<\/p>\n<p><a id=\"post-2562-Do women ask the same questions as men i\"><\/a> LA TEMPORALIT\u00c9 FACE AUX QUALIT\u00c9S D\u2019UNE SECR\u00c9TAIRE DE DIRECTION AU SEIN DE LA SOCI\u00c9T\u00c9 NATIONALE D\u2019ELECTRICIT\u00c9 SA EN RD CONGO\u2606<\/p>\n<p>KASAY MUHIRA Serges<a href=\"#post-2562-_bookmark2\">*<\/a><\/p>\n<p><em> Doctorant en Philosophie Sociale \u00e0 l\u2019Universit\u00e9 de Kinshasa, Agr\u00e9g\u00e9 en psychop\u00e9dagogie \u00e0 l\u2019Universit\u00e9 de Kisangani \u00e0 la Facult\u00e9 des psychologies et sciences de l\u2019\u00e9ducation, gradu\u00e9 en th\u00e9ologie, Chef de Travaux \u00e0 l\u2019Institut Sup\u00e9rieur de Commerce de Kinshasa (ISC-KIN) en RDCongo<\/em><\/p>\n<p>Received 27 September 2022; Accepted 03 October 2022<\/p>\n<p>Available online 25 October 2022<\/p>\n<p>2787-0146\/\u00a9  .<\/p>\n<p>A R T I C L E I N F O<\/p>\n<p><em>Keywords:<\/em><\/p>\n<p>Temporalit\u00e9<\/p>\n<p>Secr\u00e9taire de direction<\/p>\n<p>SNEL SA<\/p>\n<p>A B S T R A C T<\/p>\n<p>Cette \u00e9tude pourra servir de guide pour les secr\u00e9taires de direction voulant d\u00e9velopper leurs temps mat\u00e9riels et leurs qualit\u00e9s requises pour une bonne marche de leurs secteurs de travail.<\/p>\n<p>Cet article nous interpelle \u00e0 la prise des consciences d\u2019une secr\u00e9taire de direction s\u00e9rieuse travaillant au sein d\u2019une grande entreprise publique ou priv\u00e9e avec le souci de faire \u00e9voluer l\u2019entreprise dans ses multiples t\u00e2ches et son savoir-faire, son savoir-\u00eatre qui caract\u00e9rise ses comp\u00e9tences professionnelles.<\/p>\n<p>Toute entreprise ou organisation structur\u00e9e, cherche la bonne r\u00e9putation et la notori\u00e9t\u00e9 sans oublier le comportement responsable de la secr\u00e9taire de direction.<\/p>\n<p>Nous d\u00e9montrerons comment une bonne secr\u00e9taire est capable de son comportement et de son temps mat\u00e9riel pour faire \u00e9voluer sans crainte une entreprise commerciale publique \u00e0 l\u2019occurrence Soci\u00e9t\u00e9 Nationale d\u2019Electricit\u00e9 SA (SNEL).<\/p>\n<p><strong>Approche M\u00e9thodologique<\/strong><\/p>\n<p>Nous avons utilis\u00e9 la m\u00e9thode <strong>analytico-descriptive<\/strong>, qui nous permettra d\u2019analyser et de d\u00e9crire la faisabilit\u00e9 de la secr\u00e9taire de direction dans l\u2019exercice de son temps mat\u00e9riel et ses qualit\u00e9s requises au sein de la SNEL SA RDC.<\/p>\n<p><strong><em>INTRODUCTION<\/em><\/strong><\/p>\n<p><strong>1. Pr\u00e9sentation du sujet <\/strong><\/p>\n<p>A cet effet, notre sujet est pr\u00e9sent\u00e9 comme suit\u00a0: \u00ab\u00a0la temporalit\u00e9 face aux qualit\u00e9s d\u2019une secr\u00e9taire de direction au sein de la Soci\u00e9t\u00e9 Nationale d\u2019Electricit\u00e9 SA en RD Congo\u00a0\u00bb.<\/p>\n<p><a id=\"post-2562-_Toc88395271\"><\/a> Une probl\u00e9matique exprime et explicite les pr\u00e9occupations en termes de vide \u00e0 combler, de manque \u00e0 gagner par rapport \u00e0 la connaissance et aux enjeux du sujet.<\/p>\n<p>L\u2019objet de l\u2019\u00e9tude consiste au souci qui anime le chercheur individuellement et ce qu\u2019il cherche \u00e0 r\u00e9soudre comme probl\u00e8me bien observer dans son \u00e9tude. Face \u00e0 cette situation, nous voulons \u00e0 travers cette \u00e9tude chercher \u00e0 analyser la temporalit\u00e9 face aux qualit\u00e9s indispensables de la secr\u00e9taire de direction au sein de de la Soci\u00e9t\u00e9 Nationale d\u2019Electricit\u00e9 au bureau de la gestion des ressources humaines SA RDC pour le bon fonctionnement de ladite entreprise. Nous avons constat\u00e9 que la secr\u00e9taire de direction connait son travail mais pour concilier avec le temps mat\u00e9riel, pose probl\u00e8me d\u2019adaptation, car elle est au centre du mouvement de son chef et ses visiteurs internes et externes de l\u2019entreprise.<\/p>\n<p>Le probl\u00e8me de recherche explicit\u00e9 par des questions pr\u00e9cisent conduisent \u00e0 faire des suppositions, des propositions, des r\u00e9ponses anticip\u00e9es aux questions. C\u2019est le sens des hypoth\u00e8ses.<\/p>\n<p>La secr\u00e9taire de direction a-t-elle des qualit\u00e9s dignes pour prendre en charge l\u2019entreprise telle que la SNEL\u00a0?<\/p>\n<p>Une r\u00e9ponse anticipative par la probl\u00e9matique pos\u00e9e, nous partirons de la r\u00e9ponse selon laquelle la secr\u00e9taire de direction du D\u00e9partement d\u2019Organisation et Contr\u00f4le de la <strong><em>SNEL<\/em><\/strong> a beaucoup de qualit\u00e9s \u00e0 savoir : disponibilit\u00e9, polyvalence, adaptabilit\u00e9, esprit d\u2019initiative, discr\u00e9tion, une bonne m\u00e9moire, une excellente \u00e9locution, une connaissance approfondie de l\u2019entreprise aussi bien qu\u2019une parfaite maitrise de la langue de service se r\u00e9v\u00e8lent \u00e9galement essentielles, contrairement \u00e0 d\u2019autres professions\u00a0; la secr\u00e9taire de direction du D\u00e9partement d\u2019Organisation et Contr\u00f4le de la SNEL s\u2019occupe des t\u00e2ches administratives et l\u2019accueil des visiteurs. Elle organise le travail de son service et est responsable \u00e9galement de la gestion de l\u2019agenda de son sup\u00e9rieur et parfois dans tout le d\u00e9partement administratif.<\/p>\n<p><a id=\"post-2562-_Toc52455573\"><\/a><a id=\"post-2562-_Toc88395281\"><\/a><strong>2.<\/strong><a id=\"post-2562-_Toc52455575\"><\/a><a id=\"post-2562-_Toc88395283\"><\/a><strong> Approche d\u00e9finitionnelle du mot secr\u00e9taire et temporalit\u00e9<\/strong><\/p>\n<p><strong>2.1. Concept \u00ab\u00a0Secr\u00e9taire\u00a0\u00bb<\/strong><\/p>\n<p>L\u2019histoire du m\u00e9tier de secr\u00e9taire remonte dans l\u2019ancien temps et plus pr\u00e9cis\u00e9ment dans l\u2019Antiquit\u00e9 \u00e9gypto-gr\u00e9co-romaine. Nous renseignons que le secr\u00e9tariat fonctionne juste pour les directives administratives en maintenant par \u00e9crit les liaisons commerciales entre entrepreneurs \u00e9loign\u00e9s.<\/p>\n<p>Un peu plus tard, au Moyen-\u00e2ge, les moines d\u00e9velopp\u00e8rent dans les abbayes le secr\u00e9tariat public. Il faut relever en passant que trop peu de gens savaient lire et \u00e9crire et seuls les hommes commis aux services de certains chefs d\u2019entreprises pouvaient r\u00e9diger \u00e0 la main les lettres.<\/p>\n<p>Vers la fin du 19<sup>i\u00e8me<\/sup> si\u00e8cle, une firme am\u00e9ricaine d\u00e9nomm\u00e9e \u00ab\u00a0Remington\u00a0\u00bb lan\u00e7a la machine \u00e0 \u00e9crire. A la m\u00eame \u00e9poque, une association f\u00e9minine chr\u00e9tienne initia le cours de dactylographie aux femmes en Angleterre. Ainsi, peu \u00e0 peu, les femmes \u00e9prouv\u00e8rent le go\u00fbt du m\u00e9tier et deux parmi elles sign\u00e8rent leur contrat d\u2019emploi au minist\u00e8re de finances \u00e0 Londres.<\/p>\n<p>La st\u00e9nographie vit aussi le jour au m\u00eame si\u00e8cle et les \u00e9coles de formation en secr\u00e9tariat furent cr\u00e9\u00e9es en 1920, fort encourag\u00e9es par les d\u00e9couvertes de la st\u00e9notypie.<\/p>\n<p>A partir de la 2<sup>i\u00e8me<\/sup> guerre mondiale, un arsenal d\u2019outils de travail s\u2019ajout\u00e8rent au travail du secr\u00e9taire\u00a0: machine \u00e0 \u00e9crire m\u00e9canique et \u00e9lectronique d\u2019abord, ensuite, le t\u00e9l\u00e9phone fixe et portable, aujourd&#8217;hui le t\u00e9lex, la t\u00e9l\u00e9matique, etc. A ce jour, gr\u00e2ce \u00e0 l\u2019\u00e9volution technologique, ces outils ont connu une sensible am\u00e9lioration et tant d\u2019autres entre temps se sont multipli\u00e9s \u00e0 l\u2019av\u00e8nement de l\u2019informatique avec la bureautique, \u00e0 savoir, l\u2019Internet qui constitue le clou dans l\u2019\u00e8re informatique. <em>(Y. DELAGNEAU, 1970, p. 11).<\/em><\/p>\n<p>Partant de son \u00e9tymologie, le concept secr\u00e9taire est un terme provenant du latin \u00ab\u00a0secretum\u00a0\u00bb qui signifie simplement secr\u00e8te, chose cach\u00e9e, ce que l\u2019on ne peut pas d\u00e9voiler. <em>(DELAGNEAU Y, La pratique du secr\u00e9taire, \u00e9d. Foucher, tome 2, Paris, 2000, P. 49)<\/em><\/p>\n<p>Le secr\u00e9taire est un agent d\u2019un organisme, d\u2019une direction ou d\u2019un service capable de st\u00e9nographier, dactylographier ou de pr\u00e9parer et g\u00e9rer les dossiers pour le compte du chef et garder ses secrets et ceux de service. (Dictionnaire le petit Larousse illustre, \u00e9d. 1992, p.58<em>).<\/em><\/p>\n<p>En effet, le secr\u00e9taire se trouve au centre de l\u2019entreprise dans ce sens qu\u2019elle est la m\u00e9moire et la plaque tournante de l\u2019organisation dans laquelle elle \u00e9volue pour l\u2019int\u00e9r\u00eat de tous.<\/p>\n<p><a id=\"post-2562-_Toc52455576\"><\/a><a id=\"post-2562-_Toc88395284\"><\/a><strong>2.2. Sortes de secr\u00e9taires<\/strong><\/p>\n<p>Le m\u00e9tier s\u2019est \u00e9tendu dans tous les sens avec la r\u00e9volution apport\u00e9e dans les affaires par la nouvelle technologie de l\u2019information, expansion du point de vue des domaines d\u2019activit\u00e9, de promotion, de niveau de formation.<\/p>\n<p>Il existe plusieurs sortes de secr\u00e9taires, \u00e0 savoir\u00a0:<\/p>\n<p><strong>Le secr\u00e9taire g\u00e9n\u00e9ral<\/strong>\u00a0: c\u2019est la personne charg\u00e9e de la haute direction d\u2019une administration, c\u2019est-\u00e0-dire qui coordonne les activit\u00e9s de tous les services administratifs plac\u00e9s sous son autorit\u00e9. C\u2019est le cas d\u2019un secr\u00e9tariat g\u00e9n\u00e9ral d\u2019un minist\u00e8re en RDC\u00a0;<\/p>\n<p><strong>Le secr\u00e9taire d\u2019Etat<\/strong>\u00a0: c\u2019est la personne qui coordonne les activit\u00e9s administratives d\u2019un minist\u00e8re. Aux Etats-Unis, il est l\u2019\u00e9quivalent d\u2019un ministre\u00a0;<\/p>\n<p><strong>Le secr\u00e9taire simple\u00a0<\/strong>: personne charg\u00e9e des t\u00e2ches sp\u00e9cifiques dans un secr\u00e9tariat (dactylographe, r\u00e9dacteur charg\u00e9 du courrier\u2026)\u00a0;<\/p>\n<p><strong>Le secr\u00e9taire de rapporteur<\/strong>\u00a0: personne charg\u00e9e de la r\u00e9daction ou de la production de tout document li\u00e9 aux activit\u00e9s d\u2019une assembl\u00e9e (proc\u00e8s-verbal, rapport, compte-rendu et autre correspondance)\u00a0;<\/p>\n<p><strong>Le secr\u00e9taire particulier<\/strong>\u00a0: personne qui s\u2019occupe de tout dossier priv\u00e9 d\u2019un patron et de ses courses\u00a0;<\/p>\n<p><strong>Le secr\u00e9taire de direction<\/strong> : c\u2019est la personne sur laquelle incombent les t\u00e2ches de coordonner et de superviser les travaux administratifs (toutes les op\u00e9rations de traitement du courrier, le classement des documents, la gestion des communications et la supervision du secr\u00e9tariat). Investie de la charge administrative, qui s\u2019occupe de toutes les t\u00e2ches classiques confi\u00e9es au secr\u00e9taire d\u2019une direction ou d\u2019une entreprise. Le secr\u00e9tariat \u00e9tant attendu comme le lieu o\u00f9 le bureau dans lequel s\u2019effectuent des nombreuses t\u00e2ches de la secr\u00e9taire.<\/p>\n<p><strong>2.3. Concept \u00ab\u00a0temporalit\u00e9\u00a0\u00bb<\/strong><\/p>\n<p>Bergson, Bachelard, Edgar Morin et les autres qui ont propos\u00e9 aussi quelques d\u00e9finitions de la temporalit\u00e9, \u00e0 savoir\u00a0: pour le premier qui d\u00e9finit notamment le temps comme \u00e9tant une dur\u00e9e r\u00e9elle dans la perception. Car chez lui, le temps est ins\u00e9parable du changement. (H. BERGSON<em>, <\/em>1968, p. 49.) C\u2019est donc avec cette conception du temps et du d\u00e9veloppement qui nous inspire \u00e0 tracer une philosophie crisologique que nous allons d\u00e9velopper notre r\u00e9flexion scientifique sur la complexit\u00e9 de notre th\u00e9matique. (G. BACHELARD, 1979.)<\/p>\n<p>Par ailleurs, il sied de souligner que beaucoup d\u2019auteurs ou penseurs se sont int\u00e9ress\u00e9s \u00e0 la probl\u00e9matique de la gestion du temps. Tel est le cas de Platon qui dit que le temps est con\u00e7u comme \u00e9tant une cr\u00e9ature de Dieu, faite sur le mod\u00e8le des dieux \u00e9ternels. (Platon, 1969, p.417.)<\/p>\n<p>Pour Aristote, le temps est d\u00e9fini comme \u00e9tant \u00ab le nombre du mouvement selon l\u2019ant\u00e9rieur et le post\u00e9rieur. (Aristote, 1926-1931, 2 vol., p.247)<\/p>\n<p>De son cot\u00e9, Plotin dit que le temps est la condition d\u2019existence, car le sujet qui se trouve dans le monde du sensible ne peut rejoindre l\u2019intelligible que par celui-ci, dans la succession, la r\u00e9novation ; bref, le d\u00e9passement.<\/p>\n<p>Et, pour Hegel, le temps est une forme pure de la sensibilit\u00e9 ou de l\u2019intuition. Aussi ram\u00e8ne-t-il le temps dans la sph\u00e8re de la conscience.<\/p>\n<p>Quant \u00e0 Martin Heidegger, il existe chez lui trois moments aux extases de l\u2019existence, \u00e0 savoir : le pr\u00e9sent, le pass\u00e9 et l\u2019avenir. (M. HEIDEGGER, 1946, p.85. ) Le temps ou le moment fort de la modalit\u00e9 inauthentique est le pr\u00e9sent et la principale extase de la temporalit\u00e9 ; inauthentique c\u2019est pr\u00e9cis\u00e9ment le pr\u00e9sent.<\/p>\n<p><a id=\"post-2562-_Toc29150409\"><\/a><a id=\"post-2562-_Toc52455630\"><\/a><a id=\"post-2562-_Toc88395328\"><\/a><a id=\"post-2562-_Toc88395285\"><\/a><a id=\"post-2562-_Toc52455577\"><\/a><a id=\"post-2562-_Toc196021200\"><\/a><a id=\"post-2562-_Toc222212801\"><\/a><a id=\"post-2562-_Toc201658067\"><\/a><a id=\"post-2562-_Toc219278225\"><\/a><a id=\"post-2562-_Toc235614645\"><\/a><a id=\"post-2562-_Toc379893288\"><\/a><strong>3. LES QUALITES D\u2019UNE SECRETAIRE DE DIRECTION AU SEIN DE LA SNEL<\/strong><\/p>\n<h3><strong>3.1. Qualit\u00e9s d\u2019une secr\u00e9taire<\/strong><\/h3>\n<h3><a id=\"post-2562-_Toc88395286\"><\/a><a id=\"post-2562-_Toc52455578\"><\/a>On ne na\u00eet pas secr\u00e9taire, on le devient gr\u00e2ce \u00e0 une formation appropri\u00e9e et \u00e0 la pratique. Il doit \u00eatre bien form\u00e9 \u00e0 un niveau sup\u00e9rieur ou universitaire. Ainsi, au sein de l\u2019entreprise, le secr\u00e9taire qui occupe une place tr\u00e8s importante et qui veut faire une bonne carri\u00e8re doit poss\u00e9der un certain nombre de qualit\u00e9s.<\/h3>\n<ol>\n<li><strong><em>Au plan intellectuel et professionnel<\/em><\/strong><\/li>\n<\/ol>\n<p>\u00ab\u00a0Un secr\u00e9taire doit faire preuve d\u2019un raisonnement et d\u2019un niveau de r\u00e9flexion tr\u00e8s \u00e9lev\u00e9s qui lui permettront d\u2019analyser le vrai du faux\u00a0\u00bb<\/p>\n<p>Il doit avoir la ma\u00eetrise des techniques du secr\u00e9tariat \u00e0 savoir\u00a0: une bonne vitesse de saisie, les techniques du classement, la ma\u00eetrise du maniement de tout mat\u00e9riel \u00e0 sa disposition, une culture g\u00e9n\u00e9rale \u00e9tendue.<\/p>\n<p>Il doit faire preuve d\u2019esprit d\u2019initiative en vue de proposer des id\u00e9es \u00e0 son chef et savoir organiser son service de secr\u00e9tariat\u00a0; le cas \u00e9ch\u00e9ant, elle doit pouvoir combler le vide laiss\u00e9 par son patron en prenant les d\u00e9cisions.<\/p>\n<p>Une bonne m\u00e9moire l\u2019aidera \u00e0 retenir les instructions du chef. Une grande attention, c\u2019est ce \u00e0 quoi le patron s\u2019attend de la part de sa secr\u00e9taire pour \u00eatre s\u00fbre qu\u2019il n\u2019aura pas \u00e0 r\u00e9p\u00e9ter ses instructions.<\/p>\n<p>Bref, tous ces attributs composent la grande facult\u00e9 que nous appelons l\u2019intelligence\u00a0: capacit\u00e9 d\u2019analyse, d\u2019initiative, de compr\u00e9hension, rapidit\u00e9 de r\u00e9tention, esprit de m\u00e9thode et d\u2019organisation\u2026<\/p>\n<ol>\n<li><strong><em>Qualit\u00e9s morales et sociales<\/em><\/strong><\/li>\n<\/ol>\n<p>La morale r\u00e9git la vie en soci\u00e9t\u00e9 qui serait invivable si chacun \u00e9tait autoris\u00e9 \u00e0 faire ce qu\u2019il voulait. Elle fixe l\u2019\u00e9chelle des valeurs fondamentales.<\/p>\n<p>Pour le secr\u00e9taire, dans sa fonction, ces valeurs sont principalement l\u2019honn\u00eatet\u00e9, la loyaut\u00e9, la discr\u00e9tion qui \u00e9voque l\u2019\u00e9tymologie m\u00eame du vocable secret.<\/p>\n<ul>\n<li><strong><em>La discr\u00e9tion<\/em><\/strong>\u00a0: Elle est fondamentale et fait obligation au secr\u00e9taire de direction de ne pas divulguer les secrets de l\u2019entreprise m\u00eame si il n\u2019en fait plus partie. Il ne doit pas laisser \u00e0 la port\u00e9e de tout le monde les documents de l\u2019entreprise.<\/li>\n<li><strong><em>La loyaut\u00e9 et l\u2019honn\u00eatet\u00e9\u00a0<\/em><\/strong>: Le secr\u00e9taire de direction doit travailler avec dignit\u00e9, cultiver la droiture, la sinc\u00e9rit\u00e9 l\u00e0 o\u00f9 elle travaille pour \u00e9viter de nuire \u00e0 son patron et \u00e0 l\u2019entreprise. Il a le devoir de les prot\u00e9ger. Ne jamais mentir, ni \u00eatre grossi\u00e8re dans son engagement.<\/li>\n<li><strong><em>La courtoisie et la bonne humeur\u00a0: <\/em><\/strong>Il faut qu\u2019elle soit sociable, serviable et souriante vis-\u00e0-vis de tout le monde quand bien m\u00eame elle est but\u00e9e \u00e0 des difficult\u00e9s.<\/li>\n<li><strong><em>La patience\u00a0:<\/em><\/strong> Il doit supporter, attente et savoir surmonter les probl\u00e8mes (difficult\u00e9s) et les contraintes ainsi que certaines exigences auxquelles celui est soumise, bref, il doit avoir la ma\u00eetrise de soi devant les r\u00e9actions du chef, de ses coll\u00e8gues et visiteurs. Il sait \u00e9couter les autres.<\/li>\n<\/ul>\n<ol>\n<li><strong><em>Qualit\u00e9s physiques<\/em><\/strong><\/li>\n<\/ol>\n<p>\u00ab\u00a0En effet, le secr\u00e9taire n\u2019a pas besoin d\u2019\u00eatre jolie pour r\u00e9ussir dans son m\u00e9tier\u00a0: elle doit plut\u00f4t \u00eatre toujours pr\u00e9sentable et propre.<\/p>\n<p>Il doit savoir se pr\u00e9senter, se tenir droite, s\u2019exprimer correctement et aimablement, parler sans affection avec une voix pos\u00e9e et claire\u00a0\u00bb <em>(<\/em>DUSSAULI D., 1969, p.110)<\/p>\n<p>Le secr\u00e9taire doit \u00eatre naturelle, c\u2019est-\u00e0-dire ni arrogante, ni provocatrice. Sa mani\u00e8re de s\u2019habiller doit \u00eatre d\u00e9cente, de m\u00eame ses v\u00eatements, sa coiffure.<\/p>\n<ul>\n<li><strong><em>La coiffure<\/em><\/strong>\u00a0: le secr\u00e9taire doit prendre soin de sa chevelure et avoir une coiffure simple, belle et \u00e0 la mode.<\/li>\n<li><strong><em>L\u2019habillement\u00a0<\/em><\/strong>: son habillement doit cadrer avec le lieu de travail, ses v\u00eatements ne doivent pas \u00eatre voyants mais corrects, simples et \u00e9l\u00e9gants.<\/li>\n<li><strong><em>Le corps\u00a0: <\/em><\/strong>il doit prendre soin de son corps, se laver r\u00e9guli\u00e8rement pour \u00e9viter des mauvaises odeurs ou haleines\u00a0: utiliser des parfumes, discrets et \u00e9viter de mettre de parfums trop piquants.<\/li>\n<li><strong><em>Le maquillage\u00a0:<\/em><\/strong> le secr\u00e9taire de direction doit veiller \u00e0 l\u2019esth\u00e9tique de son visage (l\u00e8vres, sourcils, ongles, etc.). Le maquillage est discret, ses ongles sont bien taill\u00e9s.<\/li>\n<li><strong><em>La voix\u00a0:<\/em><\/strong> il doit avoir une voix pos\u00e9e, tendre, elle en contr\u00f4le la hauteur, le volume. Celle-ci est articul\u00e9e et claire dans la prononciation.<\/li>\n<\/ul>\n<h3><a id=\"post-2562-_Toc52455582\"><\/a><a id=\"post-2562-_Toc88395290\"><\/a><strong>.2. Travail de secr\u00e9taire <\/strong><\/h3>\n<p>Le travail de secr\u00e9taire au sein d\u2019une entreprise est li\u00e9 aux activit\u00e9s r\u00e9alis\u00e9es \u00e0 son poste de travail.<\/p>\n<p>Il s\u2019agit de\u00a0:<\/p>\n<ol>\n<li>Traitement du courrier\u00a0;<\/li>\n<li>Classement\u00a0;<\/li>\n<li>Accueil de visiteurs\u00a0;<\/li>\n<li>Pr\u00e9paration de r\u00e9unions\u00a0;<\/li>\n<li>Gestion des appels t\u00e9l\u00e9phoniques\u00a0;<\/li>\n<li>Etc.<\/li>\n<\/ol>\n<h3><a id=\"post-2562-_Toc52455583\"><\/a><a id=\"post-2562-_Toc201658070\"><\/a><a id=\"post-2562-_Toc235614648\"><\/a><a id=\"post-2562-_Toc219278228\"><\/a><a id=\"post-2562-_Toc196021203\"><\/a><a id=\"post-2562-_Toc88395291\"><\/a><a id=\"post-2562-_Toc379893290\"><\/a><a id=\"post-2562-_Toc222212804\"><\/a><strong>3.2.1. Traitement du courrier <\/strong><\/h3>\n<p>Par courrier, nous pouvons entendre \u00ab\u00a0l\u2019ensemble de correspondances (lettres, notes, rapports, proc\u00e8s-verbal, messages, compte-rendu etc.) que l\u2019entreprise re\u00e7oit et exp\u00e9die.\u00a0\u00bb<\/p>\n<p>Pour des raisons d\u2019organisation, l\u2019entreprise dispose \u00e0 son sein soit un service courrier ou un secr\u00e9tariat qui s\u2019occupe de toutes les correspondances que l\u2019entreprise re\u00e7oit de ses partenaires externes ou exp\u00e9die \u00e0 l\u2019ext\u00e9rieur.<\/p>\n<p>En ce qui concerne le courrier, nous distinguons\u00a0:<\/p>\n<ol>\n<li>Le courrier entrant\u00a0;<\/li>\n<li>Le courrier sortant.<\/li>\n<\/ol>\n<h4>Le courrier entrant<\/h4>\n<p>Ce courrier est constitu\u00e9 \u00ab\u00a0de l\u2019ensemble de lettres, messages, informations que l\u2019entreprise re\u00e7oit d\u2019autres entreprises ou services.\u00a0\u00bb<\/p>\n<p><strong>Le courrier entrant suit les \u00e9tapes ci-apr\u00e8s\u00a0: <\/strong><\/p>\n<p><strong><em>a.1\u00b0. La r\u00e9ception du courrier <\/em><\/strong><\/p>\n<p>Les op\u00e9rations relatives \u00e0 la r\u00e9ception du courrier varient suivant l\u2019importance de l\u2019entreprise et le volume de la correspondance. C\u2019est pourquoi, l\u2019on r\u00e9partit les plis ordinaires des plis sp\u00e9ciaux.<\/p>\n<p><strong><em>a.2\u00b0. Le tri du courrier <\/em><\/strong><\/p>\n<p>Il consiste \u00e0 s\u00e9parer les lettres officielles des lettres priv\u00e9es. Le secr\u00e9taire qui trie le courrier doit chercher \u00e0 identifier les plis envoy\u00e9s \u00e0 la direction ou \u00e0 un membre du personnel et les remet aux ayants droits par le cahier de transmission.<\/p>\n<p><strong> <em>a.3\u00b0. L\u2019ouverture du courrier <\/em><\/strong><\/p>\n<p>Le secr\u00e9taire doit ouvrir le courrier avant de le transmettre \u00e0 la direction, \u00e0 l\u2019aide d\u2019une paire de ciseaux ou du massicot.<\/p>\n<p><strong> <em>a.4\u00b0. Le d\u00e9pouillement du courrier <\/em><\/strong><\/p>\n<p>C\u2019est le fait de ressortir la lettre dans l\u2019enveloppe tout en se rendant compte d\u2019avoir bien vid\u00e9 le contenu de celle-ci.<\/p>\n<p><strong><em>a.5\u00b0. La lecture du courrier <\/em><\/strong><\/p>\n<p>Il est obligatoire pour un secr\u00e9taire de proc\u00e9der \u00e0 la lecture du courrier dans le but de s\u2019assurer que les annexes annonc\u00e9es sont jointes aux plis, de r\u00e9partir le courrier au fur et \u00e0 mesure de sa lecture et afin de retenir les plis qui contiennent des valeurs. Il veillera \u00e0 souligner les mots qui l\u2019aideront \u00e0 pr\u00e9parer les r\u00e9ponses \u00e0 donner aux lettres re\u00e7ues.<\/p>\n<p><strong><em>a.6\u00b0. L\u2019enregistrement du courrier <\/em><\/strong><\/p>\n<p>Il consiste \u00e0 donner un num\u00e9ro au courrier ainsi que la date de sa r\u00e9ception. L\u2019enregistrement se fait dans le registre du courrier.<\/p>\n<p><strong><em>a.7\u00b0. La soumission du courrier \u00e0 la signature du chef <\/em><\/strong><\/p>\n<p>La lettre, une fois plac\u00e9e dans le signataire est pr\u00e9sent\u00e9e au chef pour la signature ou pour des \u00e9ventuelles annotations\u00a0: ces derni\u00e8res peuvent \u00eatre les suivantes\u00a0: \u00e0 classer, \u00e0 r\u00e9pondre, \u00e0 transmettre, etc.<\/p>\n<p><strong><em>a.8\u00b0. La distribution et le classement <\/em><\/strong><\/p>\n<p>Ils se font selon les annotations du chef.<\/p>\n<h4>Le courrier sortant<\/h4>\n<p>Le secr\u00e9taire proc\u00e8de de la mani\u00e8re ci-apr\u00e8s\u00a0:<\/p>\n<p><strong><em>b.1) La r\u00e9daction <\/em><\/strong><\/p>\n<p>La r\u00e9daction du courrier est essentiellement un travail de composition tr\u00e8s d\u00e9licat qui exige une parfaite connaissance de l\u2019entreprise, de la langue, des rapports avec les tiers, de la situation de cette derni\u00e8re, car, cela, engage la responsabilit\u00e9 de la firme.<\/p>\n<p>C\u2019est ainsi que le directeur peut lui-m\u00eame r\u00e9diger sur un brouillon et le remet \u00e0 la dactylographie, soit, il lui dicte le texte ou encore la secr\u00e9taire elle-m\u00eame peut r\u00e9diger en suivant le mod\u00e8le des lettres du chef qu\u2019elle a d\u00e9j\u00e0 saisies pr\u00e9c\u00e9demment.<\/p>\n<p><strong><em>b.2) La saisie ou la dactylographie <\/em><\/strong><\/p>\n<p>A la saisie, le secr\u00e9taire doit tenir compte de certains \u00e9l\u00e9ments comme la disposition, l\u2019ordre, l\u2019orthographe, les alin\u00e9as, la ponctuation, \u00e9l\u00e9ments qui font preuve de l\u2019efficacit\u00e9 de secr\u00e9taire et pourquoi pas de la confiance que l\u2019entreprise enti\u00e8re lui t\u00e9moigne.<\/p>\n<p><strong><em>b.3) Le collationnement <\/em><\/strong><\/p>\n<p>Il consiste \u00e0 comparer la minute ou le manuscrit au texte dactylographi\u00e9 afin d\u2019en d\u00e9celer les incorrections ou erreurs de frappe.<\/p>\n<p><strong><em>b.4) La signature <\/em><\/strong><\/p>\n<p>Le responsable du service signe toutes les lettres en commen\u00e7ant par les urgences et les retourne au secr\u00e9tariat.<\/p>\n<p><strong><em>b.5) L\u2019enregistrement <\/em><\/strong><\/p>\n<p>Il consiste \u00e0 donner au courrier un num\u00e9ro que l\u2019on appelle num\u00e9ro de r\u00e9f\u00e9rence ou de sortie du courrier.<\/p>\n<p><strong><em>b.6) Le d\u00e9pouillement <\/em><\/strong><\/p>\n<p>Il consiste \u00e0 s\u00e9parer les originaux des copies afin que ces derni\u00e8res soient class\u00e9es dans le service.<\/p>\n<p><strong><em>b.7) La mise sous enveloppe <\/em><\/strong><\/p>\n<p>Les lettres ainsi sign\u00e9es sont d\u00e9pouill\u00e9es et plac\u00e9s dans un parapheur pour \u00eatre mises dans les enveloppes. Les mentions sp\u00e9ciales d\u2019envoi telles que\u00a0: urgent, personnel, confidentiel sont inscrites sur les enveloppes.<\/p>\n<p><strong><em>b.8) L\u2019exp\u00e9dition <\/em><\/strong><\/p>\n<p>Elle peut \u00eatre faite soit par la voie postale soit au porteur. Dans certaines entreprises, des porteurs sont pour la plupart des huissiers qui sont au service de l\u2019entreprise. De toutes les fa\u00e7ons, les lettres doivent \u00eatre consign\u00e9es dans un carnet appel\u00e9 \u00ab\u00a0carnet de transmission\u00a0\u00bb.<\/p>\n<h3><a id=\"post-2562-_Toc379893291\"><\/a><a id=\"post-2562-_Toc88395292\"><\/a><a id=\"post-2562-_Toc52455584\"><\/a><a id=\"post-2562-_Toc235614649\"><\/a><strong>3.2.2. Classement<\/strong><\/h3>\n<p>Pour \u00e9viter toute forme d\u2019ambig\u00fcit\u00e9 dans leur utilisation respective, il est plus qu\u2019imp\u00e9rieux d\u2019\u00e9num\u00e9rer les assertions (significations) que renferme le terme classement.<\/p>\n<p>Comme nous le savons, le vocable classement est tir\u00e9 du verbe \u00ab\u00a0classer\u00a0\u00bb signifiant \u00ab\u00a0distribuer\u00a0\u00bb, rang\u00e9 par classe, par cat\u00e9gories.\u00a0\u00bb <em>(ROBERT MICRO, 2006, p. 232).<\/em><\/p>\n<p>\u00ab\u00a0Il a donn\u00e9 aussi l\u2019id\u00e9e de ranger des \u00e9l\u00e9ments dans l\u2019ordre d\u00e9termin\u00e9 par des r\u00e8gles, de fa\u00e7on \u00e0 trouver le plus rapidement possible une information.\u00a0\u00bb<\/p>\n<p><em>(J. AUCLAIR &amp; D. VIVIEN, 1986, p. 164). <\/em><\/p>\n<p>\u00ab\u00a0Classer veut dire, accorder \u00e0 chaque document une r\u00e9f\u00e9rence (chiffre, lettre, titre, combinaison des chiffres et lettres) qui d\u00e9terminera sa place dans le rangement\u00a0\u00bb. (<em>J. AUCLAIR &amp; D. VIVIEN, 1986, p. 164).<\/em><\/p>\n<p>Enfin, \u00ab\u00a0classer, c\u2019est effectuer le travail mat\u00e9riel consistant \u00e0 affecter chaque document d\u2019un indice qui d\u00e9terminera sa place dans le classement et ranger selon l\u2019ordre pr\u00e9vu par la classification de mani\u00e8re \u00e0 pouvoir retrouver rapidement et facilement un document \u00bb. (<em>J. AUCLAIR &amp; D. VIVIEN, Op.cit, p. 165).<\/em><\/p>\n<p>En nous r\u00e9f\u00e9rant \u00e0 toutes les d\u00e9finitions \u00e9voqu\u00e9es, nous concluons de la mani\u00e8re que celles-ci convergent vers un m\u00eame sens.<\/p>\n<p>Qu\u2019\u00e0 cela ne tienne, la secr\u00e9taire de direction est tenue de conna\u00eetre toutes les notions sur le classement.<\/p>\n<p>Toutefois, le classement est n\u00e9cessaire pour trois raisons\u00a0:<\/p>\n<ul>\n<li>L\u2019obligation l\u00e9gale, c&#8217;est-\u00e0-dire, tous les documents concernant l\u2019activit\u00e9 d\u2019une entreprise\u00a0doivent \u00eatre rang\u00e9s et gard\u00e9s ;<\/li>\n<li>Trouver facilement le document en cas de recherche\u00a0;<\/li>\n<li>Placer rapidement et facilement apr\u00e8s utilisation.<\/li>\n<\/ul>\n<p>Le classement se fait selon un ordre, c\u2019est pourquoi, nous distinguons, le classement\u00a0:<\/p>\n<ul>\n<li>D\u00e9bout\u00a0;<\/li>\n<li>Horizontal\u00a0;<\/li>\n<li>Vertical.<\/li>\n<\/ul>\n<p>Outre le travail \u00e9voqu\u00e9, la secr\u00e9taire s\u2019occupe aussi de\u00a0:<\/p>\n<ol>\n<li>L\u2019accueil des visiteurs\u00a0;<\/li>\n<li>La pr\u00e9paration des r\u00e9unions\u00a0;<\/li>\n<li>La r\u00e9daction de lettres et compte-rendu\u00a0;<\/li>\n<li>La gestion des communications.<a id=\"post-2562-_Toc235614650\"><\/a><a id=\"post-2562-_Toc88395293\"><\/a><a id=\"post-2562-_Toc379893292\"><\/a><a id=\"post-2562-_Toc52455585\"><\/a><\/li>\n<\/ol>\n<p><strong>2.2.3. Accueil des visiteurs <\/strong><\/p>\n<p>\u00ab\u00a0La mani\u00e8re dont les visiteurs sont accueillis est un \u00e9l\u00e9ment de publicit\u00e9 pour l\u2019entreprise et contribue \u00e0 lui donner une bonne r\u00e9putation.\u00a0\u00bb <em>(NGONDO ANDIANE H., 2011-2012).<\/em><\/p>\n<p>Dans tous les cas, la secr\u00e9taire veille \u00e0 ce que dans son propre bureau, comme dans celui de son chef, les visiteurs puissent s\u2019asseoir commod\u00e9ment, le cas \u00e9ch\u00e9ant, suspendre chapeau et manteau.<\/p>\n<h3><a id=\"post-2562-_Toc379893293\"><\/a><a id=\"post-2562-_Toc235614651\"><\/a><a id=\"post-2562-_Toc52455586\"><\/a><a id=\"post-2562-_Toc88395294\"><\/a><strong>3.2.4. Pr\u00e9paration des r\u00e9unions <\/strong><\/h3>\n<p>Le secr\u00e9taire dans le souci d\u2019all\u00e9ger la t\u00e2che \u00e0 son chef doit toujours prendre ses dispositions avant la r\u00e9union, c&#8217;est-\u00e0-dire, s\u2019organiser de mani\u00e8re \u00e0 ce que celle-ci se d\u00e9roule dans des meilleures conditions. Il doit rechercher\u00a0:<\/p>\n<ul>\n<li>Le lieu (interne ou externe) de la r\u00e9union\u00a0;<\/li>\n<li>La date et l\u2019heure\u00a0;<\/li>\n<li>Pr\u00e9parer les invitations.<\/li>\n<\/ul>\n<p>Le jour de la r\u00e9union, elle doit\u00a0:<\/p>\n<ul>\n<li>Veiller sur tout d\u00e9tail dans la salle\u00a0: la lumi\u00e8re, la sonorisation, l\u2019a\u00e9ration, la mise en place, le calendrier\u00a0;<\/li>\n<li>Aider le chef \u00e0 appr\u00eater le discours\u00a0;<\/li>\n<li>Pointer les personnes pr\u00e9sentes\u00a0;<\/li>\n<li>Pr\u00e9senter la place aux invit\u00e9s.<\/li>\n<\/ul>\n<p>Pendant la r\u00e9union, elle doit\u00a0:<\/p>\n<ul>\n<li>Prendre note en vue d\u2019\u00e9tablir les comptes-rendus\u00a0;<\/li>\n<li>Veiller aux besoins des participants.<\/li>\n<\/ul>\n<p>Apr\u00e8s la r\u00e9union, elle doit\u00a0:<\/p>\n<ul>\n<li>Remettre de l\u2019ordre dans la salle\u00a0;<\/li>\n<li>V\u00e9rifier si l\u2019on n\u2019a rien oubli\u00e9\u00a0;<\/li>\n<li>Etablir le compte-rendu et le PV\u00a0;<\/li>\n<li>Songer \u00e0 la publication dans le journal officiel des \u00e9l\u00e9ments de la r\u00e9union.<\/li>\n<\/ul>\n<h3><a id=\"post-2562-_Toc235614652\"><\/a><a id=\"post-2562-_Toc379893294\"><\/a><a id=\"post-2562-_Toc88395295\"><\/a><a id=\"post-2562-_Toc52455587\"><\/a><strong>3.2.5. R\u00e9daction de lettres et comptes-rendus<\/strong><\/h3>\n<p>Le secr\u00e9taire, r\u00e9dacteur, r\u00e9dige des fois \u00e0 la place du chef tout en suivant des normes et r\u00e8gles de correspondance.<\/p>\n<p>Il sait utiliser le style que le chef pr\u00e9f\u00e8re et surtout mettre en application les r\u00e8gles de la grammaire.<\/p>\n<p>Il appr\u00eate le compte-rendu apr\u00e8s la r\u00e9union\u00a0: c\u2019est ce qui fait de lui un collaborateur direct du chef.<\/p>\n<h1><a id=\"post-2562-_Toc64904925\"><\/a><a id=\"post-2562-_Toc95981754\"><\/a><a id=\"post-2562-_Toc22648597\"><\/a><a id=\"post-2562-_Toc97052928\"><\/a><a id=\"post-2562-_Toc99215983\"><\/a><a id=\"post-2562-_Toc93245975\"><\/a><a id=\"post-2562-_Toc96456477\"><\/a><a id=\"post-2562-_Toc105963024\"><\/a><a id=\"post-2562-_Toc98839497\"><\/a><a id=\"post-2562-_Toc96414927\"><\/a><strong>3.2.6. La notion de temps est-elle li\u00e9e au contexte?<\/strong><\/h1>\n<p>Le mot temps existe dans de nombreux contextes. Dans le langage populaire, il est possible de faire de nombreuses actions avec le temps, \u00e0 savoir\u00a0: de le situer : en racontant une histoire, on la situe dans le temps\u00a0; de l&#8217;oublier : un \u00e9v\u00e8nement s&#8217;oublie avec le temps\u00a0; d&#8217;en gagner ou d&#8217;en perdre : en changeant un proc\u00e9d\u00e9, on peut parfois gagner du temps ou perdre du temps\u00a0; de le d\u00e9couper : dans un premier temps, on fera une chose, et dans un second temps, une autre chose\u00a0; de le partager, car l\u2019on partage notre temps entre diverses activit\u00e9s\u00a0; de le gaspiller (on gaspille notre temps \u00e0 faire des choses inutiles)\u00a0; de l&#8217;employer ou de l&#8217;utiliser puis que l\u2019on emploie son temps \u00e0 faire des choses\u00a0; de le r\u00e9server (\u00e0 faire certaines choses)\u00a0; de le tuer : si on ne sait pas quoi faire, on tue le temps\u00a0; de le compter : on estime parfois le temps qui nous reste \u00e0 vivre\u00a0; d\u2019enfer monnaie d&#8217;\u00e9change (on paye de son temps)\u00a0; de s&#8217;en donner (on se donne du temps pour faire certaines choses)\u00a0; d&#8217;y vivre : si une personne est \u00e0 la mode, elle vit dans son temps\u00a0;<\/p>\n<p>Le temps lui-m\u00eame semblerait capable de faire des choses : Il est possible qu&#8217;il se joue de nous : parfois, le temps joue avec ou contre nous. Il semble couler (quoi que nous fassions, le temps coule). Il semble passer, et ce, quoi que nous fassions \u00e9galement le temps passe.<\/p>\n<p>De m\u00eame, il est possible de donner des qualificatifs au temps. En temps normal, par exemple, on fait des choses&#8230; Il semble donc que certains temps soient \u00ab anormaux \u00bb ou d\u00e9pendent du contexte. En temps de guerre, c&#8217;est un sale temps. En temps de paix, on prend du bon temps. On met parfois un temps fou \u00e0 faire des choses. On demande parfois un temps mort pour essayer d&#8217;arr\u00eater le temps. Et, l\u2019on parle parfois de temps subjectif : le temps pour faire une action peut paraitre tr\u00e8s long ou parfois tr\u00e8s court suivant notre activit\u00e9.<\/p>\n<p>Certains auteurs distinguent deux cat\u00e9gories de temps, \u00e0 savoir : le temps psychologique (ou subjectif) v\u00e9cu par la conscience et le temps physique (ou objectif) mesur\u00e9 par les horloges.<\/p>\n<p>Le temps psychologique serait \u00e9lastique.<\/p>\n<p>Il d\u00e9pendrait de nous et ne s&#8217;\u00e9coulerait pas uniform\u00e9ment. Il peut parfois \u00eatre d\u00e9fini comme l&#8217;alt\u00e9ration psychologique du temps physique ou objectif. (<a href=\"http:\/\/www.linternaute.com\/science\/science-et-nous\/dossiers\/07\/temps\/2.shtml\">http:\/\/www.linternaute.com\/science\/science-et-nous\/dossiers\/07\/temps\/2.shtml<\/a>, le12\/06\/2019 \u00e0 20h19.)<\/p>\n<p>En un mot, disons que le temps fait partie de notre quotidien. Il est fortement li\u00e9 \u00e0 tout ce que nous faisons. En effet, non seulement que le temps est li\u00e9 \u00e0 tout ce que nous faisons, mais il est \u00e9galement li\u00e9 \u00e0 la mati\u00e8re et \u00e0 nous-m\u00eames (en tant qu&#8217;individus conscients).<\/p>\n<h1><a id=\"post-2562-_Toc105963025\"><\/a><a id=\"post-2562-_Toc22648598\"><\/a><a id=\"post-2562-_Toc96414928\"><\/a><a id=\"post-2562-_Toc99215984\"><\/a><a id=\"post-2562-_Toc97052929\"><\/a><a id=\"post-2562-_Toc93245976\"><\/a><a id=\"post-2562-_Toc96456478\"><\/a><a id=\"post-2562-_Toc95981755\"><\/a><a id=\"post-2562-_Toc64904926\"><\/a><a id=\"post-2562-_Toc98839498\"><\/a><strong>3.2.7. La mesure du temps<\/strong><\/h1>\n<p>Les scientifiques font r\u00e9f\u00e9rence au<strong> temps physique<\/strong> qui est consid\u00e9r\u00e9 comme \u00e9tant objectif, car non d\u00e9pendant de quoi que ce soit d&#8217;ext\u00e9rieur \u00e0 lui. Ce dernier est cens\u00e9 \u00eatre uniforme et continu. C&#8217;est pourquoi il peut \u00eatre mesur\u00e9 \u00e0 l&#8217;aide de chronom\u00e8tres ou d&#8217;horloges.<\/p>\n<p>L&#8217;unit\u00e9 l\u00e9gale du temps dans le syst\u00e8me international est la seconde, mais sa dur\u00e9e a vari\u00e9 au cours de l&#8217;histoire, suivant l&#8217;horloge utilis\u00e9e :<\/p>\n<ul>\n<li><strong>En 1875:<\/strong> Une seconde est d\u00e9finie comme \u00e9tant la 86400<sup>e<\/sup> partie du jour solaire moyen. Mais la rotation de la Terre autour du Soleil induit des dur\u00e9es de journ\u00e9es in\u00e9gales. Ce qui fait que cette mesure est peu fiable.<\/li>\n<li><strong>En 1911<\/strong> : cr\u00e9ation du temps universel (qui est l&#8217;heure de Greenwich \u00e0 midi), \u00e0 laquelle on ajoute 12 heures de fa\u00e7on que le jour commence \u00e0 minuit.<\/li>\n<li><strong>En 1956<\/strong> : la seconde est d\u00e9finie comme la 31 556 925,9747<sup>eme<\/sup> partie de l&#8217;ann\u00e9e tropique ; l&#8217;ann\u00e9e 1900 servant de r\u00e9f\u00e9rence.<\/li>\n<li><strong>En 1967<\/strong> : la dur\u00e9e de la seconde est rattach\u00e9e au mouvement d&#8217;un atome et non plus de la Terre. Ainsi, l&#8217;ann\u00e9e n&#8217;est plus de 365,242199 jours, mais de 290 091 200 500 000 000 oscillations de c\u00e9sium \u00e0 une ou deux oscillations pr\u00e8s; mais cette d\u00e9finition est trop parfaite pour la Terre dont la dur\u00e9e de rotation n&#8217;est pas r\u00e9guli\u00e8re. (<a href=\"http:\/\/histoiredechiffres.free.fr\/calendrier\/mesuredutemps.htm\">http:\/\/histoiredechiffres.free.fr\/calendrier\/mesuredutemps.htm<\/a>, le 12\/06\/2019 \u00e0 20h34\u2019)<\/li>\n<\/ul>\n<p>Le temps universel coordonn\u00e9 (TUC) permet d&#8217;ajuster le temps atomique au temps solaire. Tous les six mois, l&#8217;IERS (service international de la rotation de la Terre) peut ajouter ou retrancher une seconde au temps atomique. Depuis 1972, il a ajout\u00e9 22 secondes au total.<a id=\"post-2562-bookmark8\"><\/a><a id=\"post-2562-bookmark9\"><\/a> (<a href=\"http:\/\/www.infomysteres.com\/fichiers\/les-syst\u00e8res-du-temps.pdf\">http:\/\/www.infomysteres.com\/fichiers\/les-syst\u00e8res-du-temps.pdf<\/a> )<\/p>\n<h1><a id=\"post-2562-_Toc95981756\"><\/a><a id=\"post-2562-_Toc98839499\"><\/a><a id=\"post-2562-_Toc96456479\"><\/a><a id=\"post-2562-_Toc99215985\"><\/a><a id=\"post-2562-_Toc105963026\"><\/a><a id=\"post-2562-_Toc96414929\"><\/a><a id=\"post-2562-_Toc93245977\"><\/a><a id=\"post-2562-_Toc64904927\"><\/a><a id=\"post-2562-_Toc22648599\"><\/a><a id=\"post-2562-_Toc97052930\"><\/a><strong>3.2.8. L&#8217;objectivit\u00e9 du temps<\/strong><\/h1>\n<p>Le temps est mesurable. Mais cela signifie-t-il qu&#8217;il est objectif et ne d\u00e9pend donc d&#8217;aucun r\u00e9f\u00e9rentiel ? Est-ce que la dur\u00e9e qui s&#8217;\u00e9coule est la m\u00eame pour tout le monde ? Non. Albert Einstein, dans sa th\u00e9orie appel\u00e9e \u00ab relativit\u00e9 restreinte \u00bb a d\u00e9montr\u00e9 que l&#8217;\u00e9coulement du temps varie en fonction de la vitesse du sujet.<\/p>\n<p>Par contre cette vitesse n&#8217;a un impact significatif sur la dur\u00e9e que lorsqu&#8217;elle se rapproche de celle de la lumi\u00e8re (environ 300 000 km\/s).<\/p>\n<p><a id=\"post-2562-bookmark10\"><\/a> Tant que les scientifiques n&#8217;auront pas cr\u00e9\u00e9 de machines se d\u00e9pla\u00e7ant \u00e0 des vitesses proches de celle de la lumi\u00e8re, ce ph\u00e9nom\u00e8ne n&#8217;aura pas d&#8217;impact significatif sur notre quotidien.<\/p>\n<h3><a id=\"post-2562-_Toc235614653\"><\/a><a id=\"post-2562-_Toc52455588\"><\/a><a id=\"post-2562-_Toc379893295\"><\/a><a id=\"post-2562-_Toc88395296\"><\/a><strong>3.2.9. Gestion des communications <\/strong><\/h3>\n<p>La gestion des communications par un secr\u00e9taire de direction fait appel au t\u00e9l\u00e9phone\u00a0: celui-ci est l\u2019outil essentiel de travail de bureau\u00a0; il permet au secr\u00e9taire de recevoir des communications qui concernent son chef et celles qui sont siennes.<\/p>\n<p>Le secr\u00e9taire doit savoir s\u2019exprimer au t\u00e9l\u00e9phone, il doit le faire d\u2019une voix claire, distincte et audible. Il doit parler comme si elle \u00e9tait en face de l\u2019interlocuteur, c&#8217;est-\u00e0-dire, naturellement sans crier, et ne surtout pas utiliser les expressions famili\u00e8res et vulgaires.<\/p>\n<p>En cas d\u2019une communication destin\u00e9e \u00e0 son chef, si le correspondant est directement en ligne, le secr\u00e9taire annonce la communication \u00e0 son chef. Si le chef veut bien r\u00e9pondre, il lui passe la communication, au cas o\u00f9 il ne veut pas, il lui donne des \u00e9l\u00e9ments de r\u00e9ponse \u00e0 communiquer. En cas d\u2019absence, le secr\u00e9taire prend le message par \u00e9crit.<\/p>\n<p>En dehors du t\u00e9l\u00e9phone que le secr\u00e9taire peut utiliser pour les communications de service, il peut user d\u2019autres moyens de communication, tels que\u00a0:<\/p>\n<ul>\n<li>Interphone\u00a0;<\/li>\n<li>T\u00e9lex\u00a0;<\/li>\n<li>T\u00e9l\u00e9gramme\u00a0;<\/li>\n<li>Internet\u00a0;<\/li>\n<li>T\u00e9l\u00e9copieur (fax)\u00a0;<\/li>\n<li>Appareil (cellulaire).<\/li>\n<\/ul>\n<h1><\/h1>\n<h1><a id=\"post-2562-_Toc52455632\"><\/a><a id=\"post-2562-_Toc88395330\"><\/a><strong>4. Pr\u00e9sentation de service du secr\u00e9tariat <\/strong><\/h1>\n<p>Au sein du d\u00e9partement de l\u2019organisation et contr\u00f4le, le service du secr\u00e9tariat poursuit un certain nombre d\u2019objectifs.<\/p>\n<p>Toutefois, ce service est organis\u00e9 de mani\u00e8re qu\u2019elle a une structure appropri\u00e9e et poursuit des objectifs bien d\u00e9finis.<\/p>\n<h3><a id=\"post-2562-_Toc52455633\"><\/a><a id=\"post-2562-_Toc29150411\"><\/a><a id=\"post-2562-_Toc88395331\"><\/a><strong>4.1. Objectifs poursuivis par le secr\u00e9tariat du departement de l\u2019organisation et contr\u00f4le de la SNEL<\/strong><\/h3>\n<p>Le secr\u00e9tariat ne peut fonctionner sans avoir des objectifs \u00e0 atteindre. Ceci \u00e9tant, le secr\u00e9tariat du d\u00e9partement de l\u2019organisation et contr\u00f4le a pour objectifs\u00a0:<\/p>\n<ul>\n<li>Assurer le bon fonctionnement du secr\u00e9tariat\u00a0;<\/li>\n<li>Faire le suivi du courrier d\u00e8s son entr\u00e9e jusqu\u2019\u00e0 son classement\u00a0;<\/li>\n<li>Assurer la s\u00e9curit\u00e9 des biens mis \u00e0 sa disposition et du personnel.<\/li>\n<\/ul>\n<h3><a id=\"post-2562-_Toc52455634\"><\/a><a id=\"post-2562-_Toc29150412\"><\/a><a id=\"post-2562-_Toc88395332\"><\/a><strong>4.2. Organisation du secr\u00e9tariat du departement de l\u2019organisation et contr\u00f4le de la SNEL<\/strong><\/h3>\n<p>Il est \u00e0 noter que l\u2019organisation dudit secr\u00e9tariat se pr\u00e9sente sur le plan mat\u00e9riel et humain.<\/p>\n<ol>\n<li><strong><em>Sur le plan mat\u00e9riel <\/em><\/strong><\/li>\n<\/ol>\n<ul>\n<li>1 configuration compl\u00e8te\u00a0;<\/li>\n<li>1 copieur\u00a0;<\/li>\n<li>2 armoires m\u00e9talliques pour le classement\u00a0;<\/li>\n<li>1 t\u00e9l\u00e9phone fixe.<\/li>\n<\/ul>\n<p>De tout ce que nous venons d\u2019\u00e9num\u00e9rer, nous pouvons citer les fournitures de bureau ci-apr\u00e8s\u00a0:<\/p>\n<ul>\n<li>Le papier duplicateur\u00a0;<\/li>\n<li>Le correcteur\u00a0;<\/li>\n<li>Le bic\u00a0;<\/li>\n<li>L\u2019agrafeuse\u00a0;<\/li>\n<li>Le stylo \u00e0 bille.<\/li>\n<\/ul>\n<p>L\u2019outil principal de travail utilis\u00e9 par la secr\u00e9taire de direction au d\u00e9partement de l\u2019organisation et contr\u00f4le est l\u2019ordinateur. Dans ce secr\u00e9tariat, la secr\u00e9taire est en pr\u00e9sence d\u2019un kit-complet micro-ordinateur.<\/p>\n<p>A cet effet, l\u2019ordinateur est donc l\u2019outil principal de la secr\u00e9taire qui s\u2019en sert pour effectuer ses travaux tout en utilisant le Word.<\/p>\n<p>Pour ce faire, nous pr\u00e9sentons\u00a0:<\/p>\n<ul>\n<li><strong><em>Les avantages de Word <\/em><\/strong><\/li>\n<\/ul>\n<p>Ils sont ci-dessous\u00a0:<\/p>\n<ul>\n<li>L\u2019am\u00e9lioration de la qualit\u00e9 du travail\u00a0;<\/li>\n<li>La rapidit\u00e9 du travail\u00a0;<\/li>\n<li>L\u2019efficacit\u00e9 de la part de la secr\u00e9taire.<\/li>\n<li><strong><em>Les inconv\u00e9nients <\/em><\/strong><\/li>\n<\/ul>\n<p>Nous retenons les inconv\u00e9nients ci-apr\u00e8s\u00a0:<\/p>\n<ul>\n<li>Coupure de l\u2019\u00e9lectricit\u00e9, la secr\u00e9taire conna\u00eet la perte de documents au niveau de l\u2019ordinateur\u00a0;<\/li>\n<li>La r\u00e9paration des ordinateurs co\u00fbte \u00e9norm\u00e9ment cher\u00a0;<\/li>\n<li>L\u2019\u00e9cran mal situ\u00e9 peut cr\u00e9er des probl\u00e8mes de posture\u00a0: mal au cou et aux \u00e9paules\u00a0;<\/li>\n<li>Un mauvais r\u00e9glage de la couleur de l\u2019\u00e9cran peut endommager les yeux.<\/li>\n<\/ul>\n<p>En d\u00e9finitive, les avantages apport\u00e9s par l\u2019ordinateur sont tellement \u00e9vidents que ses inconv\u00e9nients sont dilu\u00e9s dans les nombreux services qu\u2019il rend.<\/p>\n<ol>\n<li><strong><em>Sur le plan humain <\/em><\/strong><\/li>\n<\/ol>\n<p>Le secr\u00e9tariat du d\u00e9partement de l\u2019organisation et contr\u00f4le est organis\u00e9 de mani\u00e8re qu\u2019il fonctionne avec quatre agents dont\u00a0:<\/p>\n<ul>\n<li>Une secr\u00e9taire de d\u00e9partement qui supervise toutes les activit\u00e9s du secr\u00e9tariat\u00a0;<\/li>\n<li>Une secr\u00e9taire dactylo qui s\u2019occupe de la saisie et du suivi.<\/li>\n<li>Une secr\u00e9taire de direction qui s\u2019occupe des entr\u00e9es, des sorties et du suivi du courrier.<\/li>\n<\/ul>\n<p>Dans tout cela, la secr\u00e9taire de direction responsable du service coordonne toutes les activit\u00e9s dudit secr\u00e9tariat.<\/p>\n<h3><a id=\"post-2562-_Toc29150413\"><\/a><a id=\"post-2562-_Toc88395333\"><\/a><a id=\"post-2562-_Toc52455635\"><\/a><strong>4.3. Organigramme du secr\u00e9tariat du departement de l\u2019organisation et contr\u00f4le de la SNEL<\/strong><\/h3>\n<p>L\u2019organigramme nous permet de voir la disposition qu\u2019occupe chaque service en g\u00e9n\u00e9ral et plus particuli\u00e8rement le secr\u00e9tariat de direction.<\/p>\n<p>Ledit organigramme se pr\u00e9sente comme suit\u00a0:<\/p>\n<p>Source\u00a0: D\u00e9partement de l\u2019organisation et contr\u00f4le\/2018<\/p>\n<p>L\u00e9gende\u00a0:<\/p>\n<p>DOC\u00a0: D\u00e9partement de l\u2019organisation et contr\u00f4le<\/p>\n<p>DCG\u00a0: Direction du contr\u00f4le g\u00e9n\u00e9ral<\/p>\n<p>DDO\u00a0: Direction de l\u2019organisation<\/p>\n<p>DIB\u00a0: Direction de l\u2019Informatique et Bureautique<\/p>\n<p>ORG\u00a0: Division de d\u00e9veloppement organisationnel<\/p>\n<p>ORT\u00a0: Division de l\u2019organisation du travail<\/p>\n<p>DAAT\u00a0: Division de l\u2019Audit Administratif et Financier<\/p>\n<p>AUT\u00a0: Division de l\u2019Audit Technique<\/p>\n<p>CGE\u00a0: Division de Gestion de Contr\u00f4le<\/p>\n<p>DIFC\u00a0: Division de l\u2019Infocentre<\/p>\n<p>ETI\u00a0: Division des \u00e9tudes des techniques informatiques<\/p>\n<p>EXO\u00a0: Division Exploitation des Ordinateurs<\/p>\n<p>MDA\u00a0: Division de la maintenance des applications.<\/p>\n<h3><a id=\"post-2562-_Toc88395334\"><\/a><a id=\"post-2562-_Toc29150414\"><\/a><a id=\"post-2562-_Toc52455636\"><\/a><strong>4.3.1. Place du secr\u00e9tariat dans l\u2019organigramme<\/strong><\/h3>\n<p>Chaque service occupe une place au sein de l\u2019organigramme. Pour le secr\u00e9tariat, sa place est tr\u00e8s visible de la mani\u00e8re que celui-ci vient apr\u00e8s la direction de l\u2019organisation et contr\u00f4le. Et ensuite, les autres directions suivent pour une meilleure efficacit\u00e9.<\/p>\n<p>A cet effet, la place de la secr\u00e9taire de direction dans l\u2019organigramme est de collaborer avec le directeur et ses coll\u00e8gues de service.<\/p>\n<h3><a id=\"post-2562-_Toc52455637\"><\/a><a id=\"post-2562-_Toc88395335\"><\/a><a id=\"post-2562-_Toc29150415\"><\/a><strong>4.3.2. Place de secr\u00e9taire au secr\u00e9tariat de la SNEL <\/strong><\/h3>\n<p>La secr\u00e9taire de direction se trouve au carrefour du secr\u00e9tariat, elle d\u00e9tient des informations, ce qui peut la conduire \u00e0 jouer le r\u00f4le de n\u00e9gociateur \u00e0 intervenir dans la prise de d\u00e9cisions.<\/p>\n<p>La secr\u00e9taire de direction est la collaboratrice directe de cadre de la <strong><em>SNEL<\/em><\/strong>, son r\u00f4e d\u2019interface entre le secr\u00e9tariat et l\u2019entreprise favorise son r\u00f4le fondamental dans la bonne marche de la <strong><em>SNEL<\/em><\/strong>.<\/p>\n<p>Donc la secr\u00e9taire de direction est le maillon qui fait marcher son secr\u00e9tariat.<\/p>\n<p><a id=\"post-2562-_Toc87193142\"><\/a><a id=\"post-2562-_Toc88395336\"><\/a><strong><em>Objectifs poursuivis par le secr\u00e9tariat du departement de l\u2019organisation et contr\u00f4le de la SNEL<\/em><\/strong><\/p>\n<p>Au sein de la<strong><em> SNEL, <\/em><\/strong>chaque direction ou service a des objectifs bien d\u00e9finis, il est de m\u00eame du secr\u00e9tariat du D\u00e9partement de l\u2019Organisation et Contr\u00f4le qui fonctionne avec les objets ci-apr\u00e8s\u00a0:<\/p>\n<ul>\n<li>Le bon d\u00e9roulement\u00a0;<\/li>\n<li>Se conformer aux normes du service\u00a0;<\/li>\n<li>Faire mieux pour l\u2019\u00e9panouissement dudit service\u00a0;<\/li>\n<li>Remplir convenablement sa mission\u00a0;<\/li>\n<li>Excentrer les diff\u00e9rents travaux qui sont d\u00e9volus du secr\u00e9taire.<\/li>\n<\/ul>\n<p><a id=\"post-2562-_Toc87193144\"><\/a><strong>4.4. R\u00f4le et mission de la secr\u00e9taire de direction du departement de l\u2019organisation et contr\u00f4le de la SNEL en RDC<\/strong><\/p>\n<p>Le secr\u00e9tariat est un service tr\u00e8s important au sein d\u2019une entreprise, auquel on accorde beaucoup d\u2019attention si on tient \u00e0 ce que l\u2019entreprise soit comp\u00e9titive. La secr\u00e9taire de direction joue un r\u00f4le essentiel dans la mesure o\u00f9 elle est la courroie de transmission entre la direction et les autres services et le monde ext\u00e9rieur.<\/p>\n<p>Son r\u00f4le se r\u00e9sume en ceci :<\/p>\n<ul>\n<li><strong><em>Etre la seconde du patron<\/em> <\/strong>: la secr\u00e9taire de direction r\u00e9alise certaines t\u00e2ches en l\u2019absence ou en cas d\u2019emp\u00eachement du patron, agissant ainsi en son nom et selon ses ordres dans le sens de la continuit\u00e9 des activit\u00e9s de l\u2019entreprise et pour sa bonne marche ;<\/li>\n<li><strong><em>Etre l\u2019assistante<\/em> <\/strong>: la secr\u00e9taire de direction de la SNEL joue le r\u00f4le d\u2019assistante directe et indirecte de son patron ; directe lorsqu\u2019elle le remplace, g\u00e8re son temps et son agenda, indirecte quand elle agit comme simple conseill\u00e8re.<\/li>\n<\/ul>\n<p>Elle occupe la position de seconde, d\u00e9fend son patron, joue le r\u00f4le d\u2019h\u00f4tesse d\u2019accueil, effectue des courses pour lui, le remplace \u00e0 une r\u00e9union\/conf\u00e9rence.<\/p>\n<ul>\n<li><strong><em>S\u2019attacher aux d\u00e9tails<\/em> <\/strong>: la secr\u00e9taire de direction veille au bureau du chef, aucun mat\u00e9riel de travail n\u2019y fait d\u00e9faut, chaque chose est \u00e0 sa place : papier, stylos, documents. La secr\u00e9taire arrive avant le patron le matin pour veiller aux d\u00e9tails et a\u00e9rer le bureau.<\/li>\n<li><strong><em>Lib\u00e9rer le chef<\/em> <\/strong>: la secr\u00e9taire prend de l\u2019initiative quand il le faut. Elle initie certaines d\u00e9cisions, accueille et renseigne les visiteurs du chef. Elle ne lui envoie que les cas les plus importants ou ceux relevant de sa seule comp\u00e9tence tout comme pour les appels t\u00e9l\u00e9phoniques. De cette mani\u00e8re, elle le d\u00e9gage pour lui permettre de s\u2019occuper des questions importantes de l\u2019entreprise.<\/li>\n<li><strong><em>Servir de liaison<\/em> <\/strong>: la secr\u00e9taire joue le r\u00f4le de pont entre son chef et son service et les autres services et vice versa : elle assume ce r\u00f4le tant \u00e0 l\u2019int\u00e9rieur qu\u2019\u00e0 l\u2019ext\u00e9rieur de l\u2019entreprise. Ce faisant, elle porte aussi la responsabilit\u00e9 de la bonne collaboration entre ces services, leur patron et leur personnel.<\/li>\n<li><strong><em>Etre l\u2019informatrice du patron<\/em> <\/strong>: la secr\u00e9taire de direction de la SNEL ne se d\u00e9robe jamais \u00e0 cette obligation. Tout ce qui se dit, tout ce qui se passe dans l\u2019entreprise est appr\u00e9ci\u00e9 et tamis\u00e9 en vue de son acheminement aupr\u00e8s du patron. L\u2019information est un \u00e9l\u00e9ment important dans<\/li>\n<\/ul>\n<p><a id=\"post-2562-_Toc87193145\"><\/a><a id=\"post-2562-_Toc88395342\"><\/a><strong><em>2.2 Connaissances de secr\u00e9taire de direction du departement de l\u2019organisation et contr\u00f4le de la SNEL<\/em><\/strong><\/p>\n<p>Cette secr\u00e9taire dispose des connaissances de\u00a0:<\/p>\n<ul>\n<li>Plusieurs langues (nationales et \u00e9trang\u00e8res)\u00a0;<\/li>\n<li>Sciences politiques et relations\u00a0;<\/li>\n<li>Usages protocolaires\u2026<\/li>\n<\/ul>\n<p>La secr\u00e9taire de direction de la SNEL joue son r\u00f4le d\u2019agent de protocole en accueillant les visiteurs de son chef selon les normes en la mati\u00e8re.<\/p>\n<p><strong><em>a) Sur le plan positif <\/em><\/strong><\/p>\n<p>Ce m\u00e9tier permet au secr\u00e9taire\u00a0:<\/p>\n<ul>\n<li>D\u2019avoir un bon sens du relationnel et de l\u2019accueil\u00a0;<\/li>\n<li>De s\u2019adapter facilement aux outils\u00a0;<\/li>\n<li>De connaitre beaucoup des langues\u00a0;<\/li>\n<li>Etc.<\/li>\n<\/ul>\n<p><strong><em>b) Sur le plan n\u00e9gatif<\/em><\/strong><\/p>\n<p>Pour ce faire, nous pouvons \u00e9pingler\u00a0:<\/p>\n<ul>\n<li>Bruit des conversations et de l\u2019environnement\u00a0;<\/li>\n<li>Fatigue mentale en cas de travail de bruit\u00a0;<\/li>\n<li>Exposition aux courants d\u2019air\u00a0;<\/li>\n<li>Travail r\u00e9p\u00e9titif et prolong\u00e9\u00a0;<\/li>\n<li>Voix sollicit\u00e9e constamment\u00a0;<\/li>\n<li>Etc.<\/li>\n<\/ul>\n<p><a id=\"post-2562-_Toc88395344\"><\/a><a id=\"post-2562-_Toc87193147\"><\/a><strong><em>2.4. Suggestions<\/em><\/strong><\/p>\n<p>Face \u00e0 ce qui pr\u00e9c\u00e8de, nous sugg\u00e9rons au secr\u00e9taire de direction dans son r\u00f4le d\u2019agent de protocole ce qui suit\u00a0:<\/p>\n<ul>\n<li>D\u2019avoir une alimentation \u00e9quilibr\u00e9e\u00a0;<\/li>\n<li>D\u2019\u00e9viter la surcharge pond\u00e9rale.<\/li>\n<\/ul>\n<p>A l\u2019entreprise\u00a0:<\/p>\n<ul>\n<li>Mettre le secr\u00e9taire dans les environnements propices.<\/li>\n<\/ul>\n<h1><a id=\"post-2562-_Toc88395346\"><\/a><strong>CONCLUSION<\/strong><\/h1>\n<p>En sommes, la secr\u00e9taire de direction du D\u00e9partement d\u2019Organisation et Contr\u00f4le de la <strong><em>SNEL<\/em><\/strong> a beaucoup de qualit\u00e9s \u00e0 savoir : disponibilit\u00e9, polyvalence, adaptabilit\u00e9, esprit d\u2019initiative, discr\u00e9tion, une bonne m\u00e9moire, une excellente \u00e9locution, une connaissance approfondie de l\u2019entreprise aussi bien qu\u2019une parfaite maitrise de la langue de service se r\u00e9v\u00e8lent \u00e9galement essentielles, contrairement \u00e0 d\u2019autres professions\u00a0; elle respecte son temps et le temps de son chef en cas des r\u00e9unions \u00e0 d\u2019autres cieux. La secr\u00e9taire de direction du D\u00e9partement d\u2019Organisation et Contr\u00f4le de la SNEL s\u2019occupe des t\u00e2ches administratives et l\u2019accueil des visiteurs externes et internes de l\u2019entreprise. Elle organise le travail de son service et est responsable \u00e9galement de la gestion de l\u2019agenda de son sup\u00e9rieur et parfois dans tout le d\u00e9partement administratif.<\/p>\n<p>En nous r\u00e9f\u00e9rant aux donn\u00e9es qui ont permis \u00e0 l\u2019\u00e9laboration de ce travail et \u00e0 leur analyse, nous confirmons notre hypoth\u00e8se du d\u00e9part d\u00e9crit ci-dessus en d\u00e9montrant que la secr\u00e9taire de direction du D\u00e9partement d\u2019Organisation et Contr\u00f4le de la <strong><em>SNEL<\/em><\/strong> est consciente de son m\u00e9tier dans la rigueur du possible, une bonne m\u00e9moire, une excellente \u00e9locution, une connaissance approfondie de l\u2019entreprise aussi bien qu\u2019une parfaite maitrise de la langue de service se r\u00e9v\u00e8lent \u00e9galement essentielles, contrairement \u00e0 d\u2019autres professions.<\/p>\n<p>Puis nous avons les constats ci-apr\u00e8s\u00a0:<\/p>\n<p><strong><em>a) Sur le plan positif<\/em><\/strong><\/p>\n<p>Ce m\u00e9tier permet au secr\u00e9taire\u00a0:<\/p>\n<ul>\n<li>D\u2019avoir un bon sens du relationnel et de l\u2019accueil\u00a0;<\/li>\n<li>De s\u2019adapter facilement aux outils\u00a0;<\/li>\n<li>De connaitre beaucoup des langues\u00a0;<\/li>\n<li>Une bonne notion de la temporalit\u00e9<\/li>\n<li>Etc.<\/li>\n<\/ul>\n<p><strong><em>b) Sur le plan n\u00e9gatif<\/em><\/strong><\/p>\n<p>Pour ce faire, nous pouvons \u00e9pingler\u00a0:<\/p>\n<ul>\n<li>Bruit des conversations et de l\u2019environnement\u00a0;<\/li>\n<li>Fatigue mentale en cas de travail de bruit\u00a0;<\/li>\n<li>Exposition aux courants d\u2019air\u00a0;<\/li>\n<li>Travail r\u00e9p\u00e9titif et prolong\u00e9\u00a0;<\/li>\n<li>Voix sollicit\u00e9e constamment\u00a0;<\/li>\n<\/ul>\n<p>Face \u00e0 ce qui pr\u00e9c\u00e8de, nous sugg\u00e9rons au secr\u00e9taire de direction dans son r\u00f4le d\u2019agent de protocole ce qui suit\u00a0:<\/p>\n<ul>\n<li>D\u2019avoir une alimentation \u00e9quilibr\u00e9e\u00a0;<\/li>\n<li>D\u2019\u00e9viter la surcharge pond\u00e9rale.<\/li>\n<\/ul>\n<p>A l\u2019entreprise\u00a0:<\/p>\n<ul>\n<li>Mettre la secr\u00e9taire de direction dans les environnements propices.<\/li>\n<li>Mettre la secr\u00e9taire de direction \u00e0 une formation des mise en niveau pour sa performance.<\/li>\n<\/ul>\n<p><a id=\"post-2562-_Toc88395347\"><\/a><a id=\"post-2562-_Toc52455646\"><\/a><strong><em>BIBLIOGRAPHIE<\/em><\/strong><\/p>\n<p><strong><em>I. OUVRAGES<\/em><\/strong><\/p>\n<ul>\n<li>ARISTOTE (1926-1931), <em>Physique,<\/em> IV 10, traduction fran\u00e7aise de H. Carteron, Paris, Belles Lettres.<\/li>\n<li>AUCLAIR J. &amp; D. VIVIEN<em>(<\/em>1986), <em>M\u00e9thodes administratives et commerciales<\/em>, \u00e9d. Hachette, Paris.<\/li>\n<li>BACHELARD G. (1979), <em>L&#8217;intuition de l&#8217;instant, <\/em>Paris, seuil.<\/li>\n<li>BERGSON H.<em>, Dur\u00e9e et simultan\u00e9it\u00e9, <\/em>Paris, P.U.F., 1968.<\/li>\n<\/ul>\n<p>CHAPUIS F. (1969), <em>Guide pratique du chef, \u00e9d. D\u2019organisation<\/em>, Paris.<\/p>\n<p>DELAGNEAU Y. (1979), <em>Le livre de la secr\u00e9taire, la pratique du secr\u00e9tariat<\/em>, \u00e9d. Foucher, Paris.<\/p>\n<ul>\n<li>HEIDEGGER M., <em>L\u2019\u00eatre et le temps<\/em>, Paris, Gallimard, 1946.<\/li>\n<li>HENRI F., <em>Administration industrielle et centrale<\/em>, \u00e9d. Dunod, Paris, 2008.<\/li>\n<\/ul>\n<p><em>LE FEVRE Y.<\/em> (1975), <em>Organisation des entreprises<\/em>, Tome 1, Sciences et techniques \u00e9co\/ISTRA, Paris.<\/p>\n<ul>\n<li>MATHIEU AVANZI(2017), Universit\u00e9 de Neuch\u00e2tel, \u00ab\u00a0<em><a href=\"https:\/\/francaisdenosregions.com\/2017\/07\/06\/ces-mots-qui-ne-se-prononcent-pas-de-la-meme-facon-dun-bout-a-lautre-de-la-france\/\">Ces mots qui ne se prononcent pas de la m\u00eame fa\u00e7on d\u2019un bout \u00e0 l\u2019autre de la France<\/a><\/em>\u00a0\u00bb sur\u00a0Fran\u00e7ais de nos r\u00e9gions,\u00a06 juillet.<\/li>\n<\/ul>\n<p><em>MUTABAZI A., LOKO B., LUKWEBO B. et CIRHUZA <\/em>M. (2014), Syst\u00e8me comptable OHADA, Tome 1, Universit\u00e9 Catholique de Bukavu, Bukavu,.<\/p>\n<ul>\n<li>PLATON (1969), <em>Tim\u00e9e<\/em>, 38, traduction fran\u00e7aise d\u2019\u00c9mile Chambry, Paris, Garnier.<\/li>\n<\/ul>\n<p><em>VERHLUST P.A.<\/em> (1984), Organisation. Ed. CRP. Kinshasa.<\/p>\n<p><strong><em>II. NOTES DES COURS<\/em><\/strong><\/p>\n<p><em>1. MAURY C. et NIULIC cite par IBULA<\/em>, Cours d\u2019initiation \u00e0 l\u2019esprit d\u2019entreprise, G2 ISC\/KINSHASA, 2009-2010.<\/p>\n<p><em>2. IFULU LONDELO<\/em>, Notes de cours de D\u00e9ontologie professionnelle, G<sub>3<\/sub> STS, I. S.C.-Kinshasa, 2018-2019.<\/p>\n<p><em>3. KALU MAMBWENE JC, Organisation comptable, \u00e9d. CRIGED Kinshasa, 2006.<\/em><\/p>\n<p><em>4. KANGODIE E.<\/em>, Notes de cours gestion financi\u00e8re, G3 ISC-Kinshasa, 2012-2013, In\u00e9dit<\/p>\n<p><em>5. KANGOY MWANAVITA J., Cours des M\u00e9thodes de Recherche Scientifique, L1, ISS-Lubumbashi, 2017-2018.<\/em><\/p>\n<p><em>6. MAKALA NZENGU (<\/em>2011-2012), Cours d\u2019initiation \u00e0 I \u2018esprit d\u2019entreprise, G2 ISC\/KINSHASA,<\/p>\n<p><em>7. MUBENGA (<\/em>2011-2012), Cours de comptabilit\u00e9 analytique d\u2019exploitation, G2 ISC\/KINSHASA.<\/p>\n<p>\u2606 <a id=\"post-2562-_bookmark2\"><\/a>La temporalit\u00e9 face aux qualit\u00e9s d\u2019une secr\u00e9taire de direction au sein de la Soci\u00e9t\u00e9 Nationale d\u2019Electricit\u00e9 SA en RD Congo<\/p>\n<p>Received 27 September 2022; Accepted 03 October 2022<\/p>\n<p>Available online 25 October 2022<\/p>\n<p>2787-0146\/\u00a9  .<\/p>\n","protected":false},"excerpt":{"rendered":"<p>International Journal of Social Sciences and Scientific Studies (2022) Listes de contenus disponibles sur: Scholar La temporalit\u00e9 face aux qualit\u00e9s&#8230;<\/p>\n","protected":false},"author":21,"featured_media":0,"comment_status":"closed","ping_status":"closed","sticky":false,"template":"","format":"standard","meta":{"footnotes":""},"categories":[124],"tags":[],"class_list":["post-2562","post","type-post","status-publish","format-standard","hentry","category-articles","wpcat-124-id"],"yoast_head":"<!-- This site is optimized with the Yoast SEO plugin v25.8 - https:\/\/yoast.com\/wordpress\/plugins\/seo\/ -->\n<title>LA TEMPORALIT\u00c9 FACE AUX QUALIT\u00c9S D\u2019UNE SECR\u00c9TAIRE DE DIRECTION AU SEIN DE LA SOCI\u00c9T\u00c9 NATIONALE D\u2019ELECTRICIT\u00c9 SA EN RD CONGO - IJSSASS Repository<\/title>\n<meta name=\"description\" content=\"Cette \u00e9tude pourra servir de guide pour les secr\u00e9taires de direction voulant d\u00e9velopper leurs temps mat\u00e9riels et leurs qualit\u00e9s requises pour une bonne marche de leurs secteurs de travail.\" \/>\n<meta name=\"robots\" content=\"index, follow, max-snippet:-1, max-image-preview:large, max-video-preview:-1\" \/>\n<link rel=\"canonical\" href=\"https:\/\/ijssass.com\/journal\/la-temporalite-face-aux-qualites-dune-secretaire-de-direction-au-sein-de-la-societe-nationale-delectricite-sa-en-rd-congo\/\" \/>\n<meta property=\"og:locale\" content=\"en_US\" \/>\n<meta property=\"og:type\" content=\"article\" \/>\n<meta property=\"og:title\" content=\"LA TEMPORALIT\u00c9 FACE AUX QUALIT\u00c9S D\u2019UNE SECR\u00c9TAIRE DE DIRECTION AU SEIN DE LA SOCI\u00c9T\u00c9 NATIONALE D\u2019ELECTRICIT\u00c9 SA EN RD CONGO - IJSSASS Repository\" \/>\n<meta property=\"og:description\" content=\"Cette \u00e9tude pourra servir de guide pour les secr\u00e9taires de direction voulant d\u00e9velopper leurs temps mat\u00e9riels et leurs qualit\u00e9s requises pour une bonne marche de leurs secteurs de travail.\" \/>\n<meta property=\"og:url\" content=\"https:\/\/ijssass.com\/journal\/la-temporalite-face-aux-qualites-dune-secretaire-de-direction-au-sein-de-la-societe-nationale-delectricite-sa-en-rd-congo\/\" \/>\n<meta property=\"og:site_name\" content=\"IJSSASS Repository\" \/>\n<meta property=\"article:publisher\" content=\"https:\/\/www.facebook.com\/ijssass\" \/>\n<meta property=\"article:published_time\" content=\"2022-10-31T13:36:38+00:00\" \/>\n<meta property=\"article:modified_time\" content=\"2025-04-16T21:33:11+00:00\" \/>\n<meta property=\"og:image\" content=\"https:\/\/ijssass.com\/journal\/wp-content\/uploads\/2023\/07\/c-users-user-desktop-logo-pnglogo-2.png\" \/>\n\t<meta property=\"og:image:width\" content=\"300\" \/>\n\t<meta property=\"og:image:height\" content=\"195\" \/>\n\t<meta property=\"og:image:type\" content=\"image\/png\" \/>\n<meta name=\"author\" content=\"admin\" \/>\n<meta name=\"twitter:card\" content=\"summary_large_image\" \/>\n<meta name=\"twitter:label1\" content=\"Written by\" \/>\n\t<meta name=\"twitter:data1\" content=\"admin\" \/>\n\t<meta name=\"twitter:label2\" content=\"Est. reading time\" \/>\n\t<meta name=\"twitter:data2\" content=\"29 minutes\" \/>\n<script type=\"application\/ld+json\" class=\"yoast-schema-graph\">{\"@context\":\"https:\/\/schema.org\",\"@graph\":[{\"@type\":\"Article\",\"@id\":\"https:\/\/ijssass.com\/journal\/la-temporalite-face-aux-qualites-dune-secretaire-de-direction-au-sein-de-la-societe-nationale-delectricite-sa-en-rd-congo\/#article\",\"isPartOf\":{\"@id\":\"https:\/\/ijssass.com\/journal\/la-temporalite-face-aux-qualites-dune-secretaire-de-direction-au-sein-de-la-societe-nationale-delectricite-sa-en-rd-congo\/\"},\"author\":{\"name\":\"admin\",\"@id\":\"https:\/\/ijssass.com\/journal\/#\/schema\/person\/adf9bae5731958270e2140cfc1af3771\"},\"headline\":\"LA TEMPORALIT\u00c9 FACE AUX QUALIT\u00c9S D\u2019UNE SECR\u00c9TAIRE DE DIRECTION AU SEIN DE LA SOCI\u00c9T\u00c9 NATIONALE D\u2019ELECTRICIT\u00c9 SA EN RD CONGO\",\"datePublished\":\"2022-10-31T13:36:38+00:00\",\"dateModified\":\"2025-04-16T21:33:11+00:00\",\"mainEntityOfPage\":{\"@id\":\"https:\/\/ijssass.com\/journal\/la-temporalite-face-aux-qualites-dune-secretaire-de-direction-au-sein-de-la-societe-nationale-delectricite-sa-en-rd-congo\/\"},\"wordCount\":7397,\"publisher\":{\"@id\":\"https:\/\/ijssass.com\/journal\/#organization\"},\"articleSection\":[\"Articles\"],\"inLanguage\":\"en-US\"},{\"@type\":\"WebPage\",\"@id\":\"https:\/\/ijssass.com\/journal\/la-temporalite-face-aux-qualites-dune-secretaire-de-direction-au-sein-de-la-societe-nationale-delectricite-sa-en-rd-congo\/\",\"url\":\"https:\/\/ijssass.com\/journal\/la-temporalite-face-aux-qualites-dune-secretaire-de-direction-au-sein-de-la-societe-nationale-delectricite-sa-en-rd-congo\/\",\"name\":\"LA TEMPORALIT\u00c9 FACE AUX QUALIT\u00c9S D\u2019UNE SECR\u00c9TAIRE DE DIRECTION AU SEIN DE LA SOCI\u00c9T\u00c9 NATIONALE D\u2019ELECTRICIT\u00c9 SA EN RD CONGO - IJSSASS Repository\",\"isPartOf\":{\"@id\":\"https:\/\/ijssass.com\/journal\/#website\"},\"datePublished\":\"2022-10-31T13:36:38+00:00\",\"dateModified\":\"2025-04-16T21:33:11+00:00\",\"description\":\"Cette \u00e9tude pourra servir de guide pour les secr\u00e9taires de direction voulant d\u00e9velopper leurs temps mat\u00e9riels et leurs qualit\u00e9s requises pour une bonne marche de leurs secteurs de travail.\",\"breadcrumb\":{\"@id\":\"https:\/\/ijssass.com\/journal\/la-temporalite-face-aux-qualites-dune-secretaire-de-direction-au-sein-de-la-societe-nationale-delectricite-sa-en-rd-congo\/#breadcrumb\"},\"inLanguage\":\"en-US\",\"potentialAction\":[{\"@type\":\"ReadAction\",\"target\":[\"https:\/\/ijssass.com\/journal\/la-temporalite-face-aux-qualites-dune-secretaire-de-direction-au-sein-de-la-societe-nationale-delectricite-sa-en-rd-congo\/\"]}]},{\"@type\":\"BreadcrumbList\",\"@id\":\"https:\/\/ijssass.com\/journal\/la-temporalite-face-aux-qualites-dune-secretaire-de-direction-au-sein-de-la-societe-nationale-delectricite-sa-en-rd-congo\/#breadcrumb\",\"itemListElement\":[{\"@type\":\"ListItem\",\"position\":1,\"name\":\"Home\",\"item\":\"https:\/\/ijssass.com\/journal\/\"},{\"@type\":\"ListItem\",\"position\":2,\"name\":\"LA TEMPORALIT\u00c9 FACE AUX QUALIT\u00c9S D\u2019UNE SECR\u00c9TAIRE DE DIRECTION AU SEIN DE LA SOCI\u00c9T\u00c9 NATIONALE D\u2019ELECTRICIT\u00c9 SA EN RD CONGO\"}]},{\"@type\":\"WebSite\",\"@id\":\"https:\/\/ijssass.com\/journal\/#website\",\"url\":\"https:\/\/ijssass.com\/journal\/\",\"name\":\"INTERNATIONAL JOURNAL OF SOCIAL SCIENCES AND SCIENTIFIC STUDIES\",\"description\":\"Open Access Library\",\"publisher\":{\"@id\":\"https:\/\/ijssass.com\/journal\/#organization\"},\"alternateName\":\"IJSSASS\",\"potentialAction\":[{\"@type\":\"SearchAction\",\"target\":{\"@type\":\"EntryPoint\",\"urlTemplate\":\"https:\/\/ijssass.com\/journal\/?s={search_term_string}\"},\"query-input\":{\"@type\":\"PropertyValueSpecification\",\"valueRequired\":true,\"valueName\":\"search_term_string\"}}],\"inLanguage\":\"en-US\"},{\"@type\":\"Organization\",\"@id\":\"https:\/\/ijssass.com\/journal\/#organization\",\"name\":\"INTERNATIONAL JOURNAL OF SOCIAL SCIENCES AND SCIENTIFIC STUDIES\",\"alternateName\":\"IJSSASS\",\"url\":\"https:\/\/ijssass.com\/journal\/\",\"logo\":{\"@type\":\"ImageObject\",\"inLanguage\":\"en-US\",\"@id\":\"https:\/\/ijssass.com\/journal\/#\/schema\/logo\/image\/\",\"url\":\"https:\/\/ijssass.com\/journal\/wp-content\/uploads\/2023\/07\/c-users-user-desktop-logo-pnglogo-3.png\",\"contentUrl\":\"https:\/\/ijssass.com\/journal\/wp-content\/uploads\/2023\/07\/c-users-user-desktop-logo-pnglogo-3.png\",\"width\":300,\"height\":195,\"caption\":\"INTERNATIONAL JOURNAL OF SOCIAL SCIENCES AND SCIENTIFIC STUDIES\"},\"image\":{\"@id\":\"https:\/\/ijssass.com\/journal\/#\/schema\/logo\/image\/\"},\"sameAs\":[\"https:\/\/www.facebook.com\/ijssass\"]},{\"@type\":\"Person\",\"@id\":\"https:\/\/ijssass.com\/journal\/#\/schema\/person\/adf9bae5731958270e2140cfc1af3771\",\"name\":\"admin\",\"image\":{\"@type\":\"ImageObject\",\"inLanguage\":\"en-US\",\"@id\":\"https:\/\/ijssass.com\/journal\/#\/schema\/person\/image\/\",\"url\":\"https:\/\/secure.gravatar.com\/avatar\/e2404e10f252fd74bce698fdfc0296b3cfb701b99d14951364bf9586aaa0c4a8?s=96&d=mm&r=g\",\"contentUrl\":\"https:\/\/secure.gravatar.com\/avatar\/e2404e10f252fd74bce698fdfc0296b3cfb701b99d14951364bf9586aaa0c4a8?s=96&d=mm&r=g\",\"caption\":\"admin\"},\"sameAs\":[\"https:\/\/ijssass.com\/journal\"],\"url\":\"https:\/\/ijssass.com\/journal\/author\/admin\/\"}]}<\/script>\n<!-- \/ Yoast SEO plugin. -->","yoast_head_json":{"title":"LA TEMPORALIT\u00c9 FACE AUX QUALIT\u00c9S D\u2019UNE SECR\u00c9TAIRE DE DIRECTION AU SEIN DE LA SOCI\u00c9T\u00c9 NATIONALE D\u2019ELECTRICIT\u00c9 SA EN RD CONGO - IJSSASS Repository","description":"Cette \u00e9tude pourra servir de guide pour les secr\u00e9taires de direction voulant d\u00e9velopper leurs temps mat\u00e9riels et leurs qualit\u00e9s requises pour une bonne marche de leurs secteurs de travail.","robots":{"index":"index","follow":"follow","max-snippet":"max-snippet:-1","max-image-preview":"max-image-preview:large","max-video-preview":"max-video-preview:-1"},"canonical":"https:\/\/ijssass.com\/journal\/la-temporalite-face-aux-qualites-dune-secretaire-de-direction-au-sein-de-la-societe-nationale-delectricite-sa-en-rd-congo\/","og_locale":"en_US","og_type":"article","og_title":"LA TEMPORALIT\u00c9 FACE AUX QUALIT\u00c9S D\u2019UNE SECR\u00c9TAIRE DE DIRECTION AU SEIN DE LA SOCI\u00c9T\u00c9 NATIONALE D\u2019ELECTRICIT\u00c9 SA EN RD CONGO - IJSSASS Repository","og_description":"Cette \u00e9tude pourra servir de guide pour les secr\u00e9taires de direction voulant d\u00e9velopper leurs temps mat\u00e9riels et leurs qualit\u00e9s requises pour une bonne marche de leurs secteurs de travail.","og_url":"https:\/\/ijssass.com\/journal\/la-temporalite-face-aux-qualites-dune-secretaire-de-direction-au-sein-de-la-societe-nationale-delectricite-sa-en-rd-congo\/","og_site_name":"IJSSASS Repository","article_publisher":"https:\/\/www.facebook.com\/ijssass","article_published_time":"2022-10-31T13:36:38+00:00","article_modified_time":"2025-04-16T21:33:11+00:00","og_image":[{"width":300,"height":195,"url":"https:\/\/ijssass.com\/journal\/wp-content\/uploads\/2023\/07\/c-users-user-desktop-logo-pnglogo-2.png","type":"image\/png"}],"author":"admin","twitter_card":"summary_large_image","twitter_misc":{"Written by":"admin","Est. reading time":"29 minutes"},"schema":{"@context":"https:\/\/schema.org","@graph":[{"@type":"Article","@id":"https:\/\/ijssass.com\/journal\/la-temporalite-face-aux-qualites-dune-secretaire-de-direction-au-sein-de-la-societe-nationale-delectricite-sa-en-rd-congo\/#article","isPartOf":{"@id":"https:\/\/ijssass.com\/journal\/la-temporalite-face-aux-qualites-dune-secretaire-de-direction-au-sein-de-la-societe-nationale-delectricite-sa-en-rd-congo\/"},"author":{"name":"admin","@id":"https:\/\/ijssass.com\/journal\/#\/schema\/person\/adf9bae5731958270e2140cfc1af3771"},"headline":"LA TEMPORALIT\u00c9 FACE AUX QUALIT\u00c9S D\u2019UNE SECR\u00c9TAIRE DE DIRECTION AU SEIN DE LA SOCI\u00c9T\u00c9 NATIONALE D\u2019ELECTRICIT\u00c9 SA EN RD CONGO","datePublished":"2022-10-31T13:36:38+00:00","dateModified":"2025-04-16T21:33:11+00:00","mainEntityOfPage":{"@id":"https:\/\/ijssass.com\/journal\/la-temporalite-face-aux-qualites-dune-secretaire-de-direction-au-sein-de-la-societe-nationale-delectricite-sa-en-rd-congo\/"},"wordCount":7397,"publisher":{"@id":"https:\/\/ijssass.com\/journal\/#organization"},"articleSection":["Articles"],"inLanguage":"en-US"},{"@type":"WebPage","@id":"https:\/\/ijssass.com\/journal\/la-temporalite-face-aux-qualites-dune-secretaire-de-direction-au-sein-de-la-societe-nationale-delectricite-sa-en-rd-congo\/","url":"https:\/\/ijssass.com\/journal\/la-temporalite-face-aux-qualites-dune-secretaire-de-direction-au-sein-de-la-societe-nationale-delectricite-sa-en-rd-congo\/","name":"LA TEMPORALIT\u00c9 FACE AUX QUALIT\u00c9S D\u2019UNE SECR\u00c9TAIRE DE DIRECTION AU SEIN DE LA SOCI\u00c9T\u00c9 NATIONALE D\u2019ELECTRICIT\u00c9 SA EN RD CONGO - IJSSASS Repository","isPartOf":{"@id":"https:\/\/ijssass.com\/journal\/#website"},"datePublished":"2022-10-31T13:36:38+00:00","dateModified":"2025-04-16T21:33:11+00:00","description":"Cette \u00e9tude pourra servir de guide pour les secr\u00e9taires de direction voulant d\u00e9velopper leurs temps mat\u00e9riels et leurs qualit\u00e9s requises pour une bonne marche de leurs secteurs de travail.","breadcrumb":{"@id":"https:\/\/ijssass.com\/journal\/la-temporalite-face-aux-qualites-dune-secretaire-de-direction-au-sein-de-la-societe-nationale-delectricite-sa-en-rd-congo\/#breadcrumb"},"inLanguage":"en-US","potentialAction":[{"@type":"ReadAction","target":["https:\/\/ijssass.com\/journal\/la-temporalite-face-aux-qualites-dune-secretaire-de-direction-au-sein-de-la-societe-nationale-delectricite-sa-en-rd-congo\/"]}]},{"@type":"BreadcrumbList","@id":"https:\/\/ijssass.com\/journal\/la-temporalite-face-aux-qualites-dune-secretaire-de-direction-au-sein-de-la-societe-nationale-delectricite-sa-en-rd-congo\/#breadcrumb","itemListElement":[{"@type":"ListItem","position":1,"name":"Home","item":"https:\/\/ijssass.com\/journal\/"},{"@type":"ListItem","position":2,"name":"LA TEMPORALIT\u00c9 FACE AUX QUALIT\u00c9S D\u2019UNE SECR\u00c9TAIRE DE DIRECTION AU SEIN DE LA SOCI\u00c9T\u00c9 NATIONALE D\u2019ELECTRICIT\u00c9 SA EN RD CONGO"}]},{"@type":"WebSite","@id":"https:\/\/ijssass.com\/journal\/#website","url":"https:\/\/ijssass.com\/journal\/","name":"INTERNATIONAL JOURNAL OF SOCIAL SCIENCES AND SCIENTIFIC STUDIES","description":"Open Access Library","publisher":{"@id":"https:\/\/ijssass.com\/journal\/#organization"},"alternateName":"IJSSASS","potentialAction":[{"@type":"SearchAction","target":{"@type":"EntryPoint","urlTemplate":"https:\/\/ijssass.com\/journal\/?s={search_term_string}"},"query-input":{"@type":"PropertyValueSpecification","valueRequired":true,"valueName":"search_term_string"}}],"inLanguage":"en-US"},{"@type":"Organization","@id":"https:\/\/ijssass.com\/journal\/#organization","name":"INTERNATIONAL JOURNAL OF SOCIAL SCIENCES AND SCIENTIFIC STUDIES","alternateName":"IJSSASS","url":"https:\/\/ijssass.com\/journal\/","logo":{"@type":"ImageObject","inLanguage":"en-US","@id":"https:\/\/ijssass.com\/journal\/#\/schema\/logo\/image\/","url":"https:\/\/ijssass.com\/journal\/wp-content\/uploads\/2023\/07\/c-users-user-desktop-logo-pnglogo-3.png","contentUrl":"https:\/\/ijssass.com\/journal\/wp-content\/uploads\/2023\/07\/c-users-user-desktop-logo-pnglogo-3.png","width":300,"height":195,"caption":"INTERNATIONAL JOURNAL OF SOCIAL SCIENCES AND SCIENTIFIC STUDIES"},"image":{"@id":"https:\/\/ijssass.com\/journal\/#\/schema\/logo\/image\/"},"sameAs":["https:\/\/www.facebook.com\/ijssass"]},{"@type":"Person","@id":"https:\/\/ijssass.com\/journal\/#\/schema\/person\/adf9bae5731958270e2140cfc1af3771","name":"admin","image":{"@type":"ImageObject","inLanguage":"en-US","@id":"https:\/\/ijssass.com\/journal\/#\/schema\/person\/image\/","url":"https:\/\/secure.gravatar.com\/avatar\/e2404e10f252fd74bce698fdfc0296b3cfb701b99d14951364bf9586aaa0c4a8?s=96&d=mm&r=g","contentUrl":"https:\/\/secure.gravatar.com\/avatar\/e2404e10f252fd74bce698fdfc0296b3cfb701b99d14951364bf9586aaa0c4a8?s=96&d=mm&r=g","caption":"admin"},"sameAs":["https:\/\/ijssass.com\/journal"],"url":"https:\/\/ijssass.com\/journal\/author\/admin\/"}]}},"_links":{"self":[{"href":"https:\/\/ijssass.com\/journal\/wp-json\/wp\/v2\/posts\/2562","targetHints":{"allow":["GET"]}}],"collection":[{"href":"https:\/\/ijssass.com\/journal\/wp-json\/wp\/v2\/posts"}],"about":[{"href":"https:\/\/ijssass.com\/journal\/wp-json\/wp\/v2\/types\/post"}],"author":[{"embeddable":true,"href":"https:\/\/ijssass.com\/journal\/wp-json\/wp\/v2\/users\/21"}],"replies":[{"embeddable":true,"href":"https:\/\/ijssass.com\/journal\/wp-json\/wp\/v2\/comments?post=2562"}],"version-history":[{"count":1,"href":"https:\/\/ijssass.com\/journal\/wp-json\/wp\/v2\/posts\/2562\/revisions"}],"predecessor-version":[{"id":2564,"href":"https:\/\/ijssass.com\/journal\/wp-json\/wp\/v2\/posts\/2562\/revisions\/2564"}],"wp:attachment":[{"href":"https:\/\/ijssass.com\/journal\/wp-json\/wp\/v2\/media?parent=2562"}],"wp:term":[{"taxonomy":"category","embeddable":true,"href":"https:\/\/ijssass.com\/journal\/wp-json\/wp\/v2\/categories?post=2562"},{"taxonomy":"post_tag","embeddable":true,"href":"https:\/\/ijssass.com\/journal\/wp-json\/wp\/v2\/tags?post=2562"}],"curies":[{"name":"wp","href":"https:\/\/api.w.org\/{rel}","templated":true}]}}